{"id":60919,"date":"2024-07-22T16:38:10","date_gmt":"2024-07-22T23:38:10","guid":{"rendered":"https:\/\/elpajaritonews.com\/?p=60919"},"modified":"2024-07-22T16:38:12","modified_gmt":"2024-07-22T23:38:12","slug":"brinda-gobernador-durazo-certeza-juridica-a-mas-de-ocho-mil-familias-sonorenses","status":"publish","type":"post","link":"https:\/\/elpajaritonews.com\/?p=60919","title":{"rendered":"BRINDA GOBERNADOR DURAZO CERTEZA JUR\u00cdDICA A M\u00c1S DE OCHO MIL FAMILIAS SONORENSES"},"content":{"rendered":"\n<p class=\"wp-block-paragraph\">La espera termin\u00f3 para m\u00e1s de ocho mil familias sonorenses que ya cuentan con certeza jur\u00eddica, pues en lo que va del 2024 han recibido del Gobierno de Sonora y el Instituto del Fondo Nacional de la Vivienda para los Trabajadores (Infonavit), las escrituras que los legitima como propietarios de su hogar, destac\u00f3 el gobernador Alfonso Durazo Monta\u00f1o.<\/p>\n\n\n\n<p class=\"wp-block-paragraph\">En el marco de la entrega de 500 t\u00edtulos de propiedad, el mandatario estatal enfatiz\u00f3 que una de las necesidades m\u00e1s sentidas por la poblaci\u00f3n es el tema de regularizaci\u00f3n de vivienda, reto que ha asumido el estado junto a la federaci\u00f3n.<\/p>\n\n\n\n<p class=\"wp-block-paragraph\">\u201cMe da much\u00edsimo gusto estar aqu\u00ed con ustedes, por el motivo que nos convoca, que es entregar las escrituras que por a\u00f1os han esperado y que los legitima como propietarios de su vivienda. Ratifico aqu\u00ed mi compromiso de gobernar para todos, pero por el bien de todos, primero para los m\u00e1s necesitados\u201d, asegur\u00f3.<\/p>\n\n\n\n<p class=\"wp-block-paragraph\">Por su parte, el director general del Infonavit, Carlos Mart\u00ednez Vel\u00e1zquez, indic\u00f3 que como parte del compromiso con el gobernador Durazo, durante el primer semestre de 2024 el Infonavit invirti\u00f3 cinco mil 100 millones de pesos en Sonora, a trav\u00e9s del otorgamiento de m\u00e1s de ocho mil cr\u00e9ditos, la entrega de reestructuras o condonaciones de pago, as\u00ed como con la entrega de cancelaciones de hipotecas.<\/p>\n\n\n\n<p class=\"wp-block-paragraph\">\u201cQuiero informarles que el presidente L\u00f3pez Obrador mand\u00f3 una iniciativa de reforma constitucional, para que el Infonavit pueda construir y pueda hacer vivienda en renta. De aprobarse, se ha propuesto que se puedan generar al menos un mill\u00f3n de viviendas adicionales. Estamos seguros que de aprobarse la reforma, significar\u00e1 m\u00e1s inversi\u00f3n y m\u00e1s empleos para Sonora\u201d, puntualiz\u00f3.<\/p>\n","protected":false},"excerpt":{"rendered":"<p>La espera termin\u00f3 para m\u00e1s de ocho mil familias sonorenses que ya cuentan con certeza jur\u00eddica, pues en lo que va del 2024 han recibido del Gobierno de Sonora y el Instituto del Fondo Nacional de la Vivienda para los Trabajadores (Infonavit), las escrituras que los legitima como propietarios de su hogar, destac\u00f3 el gobernador&#8230;<\/p>\n","protected":false},"author":2,"featured_media":60920,"comment_status":"closed","ping_status":"closed","sticky":false,"template":"","format":"standard","meta":{"_crdt_document":"","_exactmetrics_skip_tracking":false,"_exactmetrics_sitenote_active":false,"_exactmetrics_sitenote_note":"","_exactmetrics_sitenote_category":0,"footnotes":""},"categories":[36,26,31,27,69],"tags":[71,79,72,74,28,29,30],"class_list":["post-60919","post","type-post","status-publish","format-standard","has-post-thumbnail","hentry","category-economia","category-local","category-politica","category-sonora","category-ultimas-noticias","tag-alfonso-durazo","tag-andres-manuel-lopez-obrador","tag-claudia-sheinbaum","tag-hermosillo","tag-nogales","tag-nogales-la-gran-frontera","tag-sonora-tierra-de-oportunidades"],"_links":{"self":[{"href":"https:\/\/elpajaritonews.com\/index.php?rest_route=\/wp\/v2\/posts\/60919","targetHints":{"allow":["GET"]}}],"collection":[{"href":"https:\/\/elpajaritonews.com\/index.php?rest_route=\/wp\/v2\/posts"}],"about":[{"href":"https:\/\/elpajaritonews.com\/index.php?rest_route=\/wp\/v2\/types\/post"}],"author":[{"embeddable":true,"href":"https:\/\/elpajaritonews.com\/index.php?rest_route=\/wp\/v2\/users\/2"}],"replies":[{"embeddable":true,"href":"https:\/\/elpajaritonews.com\/index.php?rest_route=%2Fwp%2Fv2%2Fcomments&post=60919"}],"version-history":[{"count":1,"href":"https:\/\/elpajaritonews.com\/index.php?rest_route=\/wp\/v2\/posts\/60919\/revisions"}],"predecessor-version":[{"id":60921,"href":"https:\/\/elpajaritonews.com\/index.php?rest_route=\/wp\/v2\/posts\/60919\/revisions\/60921"}],"wp:featuredmedia":[{"embeddable":true,"href":"https:\/\/elpajaritonews.com\/index.php?rest_route=\/wp\/v2\/media\/60920"}],"wp:attachment":[{"href":"https:\/\/elpajaritonews.com\/index.php?rest_route=%2Fwp%2Fv2%2Fmedia&parent=60919"}],"wp:term":[{"taxonomy":"category","embeddable":true,"href":"https:\/\/elpajaritonews.com\/index.php?rest_route=%2Fwp%2Fv2%2Fcategories&post=60919"},{"taxonomy":"post_tag","embeddable":true,"href":"https:\/\/elpajaritonews.com\/index.php?rest_route=%2Fwp%2Fv2%2Ftags&post=60919"}],"curies":[{"name":"wp","href":"https:\/\/api.w.org\/{rel}","templated":true}]}}