{"id":60922,"date":"2024-07-22T17:17:52","date_gmt":"2024-07-23T00:17:52","guid":{"rendered":"https:\/\/elpajaritonews.com\/?p=60922"},"modified":"2024-07-22T17:17:54","modified_gmt":"2024-07-23T00:17:54","slug":"presentara-sheinbaum-proyecto-sexenal-en-el-zocalo-tras-tomar-posesion","status":"publish","type":"post","link":"https:\/\/elpajaritonews.com\/?p=60922","title":{"rendered":"PRESENTAR\u00c1 SHEINBAUM PROYECTO SEXENAL EN EL Z\u00d3CALO TRAS TOMAR POSESI\u00d3N"},"content":{"rendered":"\n<p class=\"wp-block-paragraph\">El pr\u00f3ximo 1 de octubre, una vez que tome posesi\u00f3n como presidenta de M\u00e9xico y encabece la recepci\u00f3n con los mandatarios invitados, Claudia Sheinbaum estar\u00e1 en la plancha del Z\u00f3calo capitalino en un mitin donde presentar\u00e1 a la poblaci\u00f3n su proyecto sexenal de gobierno.<\/p>\n\n\n\n<p class=\"wp-block-paragraph\">Indic\u00f3 que ya sostiene reuniones con su gabinete para dise\u00f1ar el Plan Nacional de Desarrollo en los distintos temas.<\/p>\n\n\n\n<p class=\"wp-block-paragraph\">Estim\u00f3 que el Tribunal Electoral del Poder Judicial de la Federaci\u00f3n (TEPJF) prev\u00e9 concluir la calificaci\u00f3n de la elecci\u00f3n a finales de julio, por lo que le entregar\u00edan la constancia de presidenta electa en la primera o segunda semana de agosto.<\/p>\n\n\n\n<p class=\"wp-block-paragraph\">Tambi\u00e9n dijo que todav\u00eda no decide si vivir\u00e1 en Palacio Nacional. Es un asunto que est\u00e1 platicando con su esposo Jes\u00fas Mar\u00eda Tarriba. \u201cTiene sus pros y sus contras\u201d, se\u00f1al\u00f3.<\/p>\n\n\n\n<p class=\"wp-block-paragraph\">Durante la conferencia de este lunes en su casa de transici\u00f3n, Sheinbaum insisti\u00f3 en que la relaci\u00f3n del gobierno de M\u00e9xico con el de Estados Unidos ser\u00e1 de respeto y por delante estar\u00e1 siempre la defensa de la independencia y soberan\u00eda del pa\u00eds.<\/p>\n\n\n\n<p class=\"wp-block-paragraph\">\u201cCon quien elija el pueblo de Estados Unidos\u201d habr\u00e1 una buena relaci\u00f3n de amistad y comercial. Hay que tener presente que M\u00e9xico es el principal socio comercial de Estados Unidos y a esa naci\u00f3n no le conviene el cierre de la frontera, indic\u00f3 en relaci\u00f3n al comentario que en ese sentido hizo Donald Trump, candidato a la presidencia por el Partido Republicano.<\/p>\n\n\n\n<p class=\"wp-block-paragraph\">Respecto de la posible candidatura dem\u00f3crata de la vicepresidenta Kamala Harris, reiter\u00f3 que es una decisi\u00f3n que corresponde al pueblo estadunidense y de igual forma, si es el caso, habr\u00e1 una relaci\u00f3n, como hasta ahora, de respeto y colaboraci\u00f3n.<\/p>\n\n\n\n<figure class=\"wp-block-embed is-type-video is-provider-youtube wp-block-embed-youtube wp-embed-aspect-16-9 wp-has-aspect-ratio\"><div class=\"wp-block-embed__wrapper\">\n<iframe loading=\"lazy\" title=\"Conferencia de prensa 22\/07\/2024\" width=\"640\" height=\"360\" src=\"https:\/\/www.youtube.com\/embed\/H9Ntd8dKLtY?feature=oembed\" frameborder=\"0\" allow=\"accelerometer; autoplay; clipboard-write; encrypted-media; gyroscope; picture-in-picture; web-share\" referrerpolicy=\"strict-origin-when-cross-origin\" allowfullscreen><\/iframe>\n<\/div><\/figure>\n","protected":false},"excerpt":{"rendered":"<p>El pr\u00f3ximo 1 de octubre, una vez que tome posesi\u00f3n como presidenta de M\u00e9xico y encabece la recepci\u00f3n con los mandatarios invitados, Claudia Sheinbaum estar\u00e1 en la plancha del Z\u00f3calo capitalino en un mitin donde presentar\u00e1 a la poblaci\u00f3n su proyecto sexenal de gobierno. Indic\u00f3 que ya sostiene reuniones con su gabinete para dise\u00f1ar el&#8230;<\/p>\n","protected":false},"author":2,"featured_media":60923,"comment_status":"closed","ping_status":"closed","sticky":false,"template":"","format":"standard","meta":{"_crdt_document":"","_exactmetrics_skip_tracking":false,"_exactmetrics_sitenote_active":false,"_exactmetrics_sitenote_note":"","_exactmetrics_sitenote_category":0,"footnotes":""},"categories":[23,82,31,27,69,65],"tags":[],"class_list":["post-60922","post","type-post","status-publish","format-standard","has-post-thumbnail","hentry","category-mexico","category-poder-judicial","category-politica","category-sonora","category-ultimas-noticias","category-videos"],"_links":{"self":[{"href":"https:\/\/elpajaritonews.com\/index.php?rest_route=\/wp\/v2\/posts\/60922","targetHints":{"allow":["GET"]}}],"collection":[{"href":"https:\/\/elpajaritonews.com\/index.php?rest_route=\/wp\/v2\/posts"}],"about":[{"href":"https:\/\/elpajaritonews.com\/index.php?rest_route=\/wp\/v2\/types\/post"}],"author":[{"embeddable":true,"href":"https:\/\/elpajaritonews.com\/index.php?rest_route=\/wp\/v2\/users\/2"}],"replies":[{"embeddable":true,"href":"https:\/\/elpajaritonews.com\/index.php?rest_route=%2Fwp%2Fv2%2Fcomments&post=60922"}],"version-history":[{"count":1,"href":"https:\/\/elpajaritonews.com\/index.php?rest_route=\/wp\/v2\/posts\/60922\/revisions"}],"predecessor-version":[{"id":60924,"href":"https:\/\/elpajaritonews.com\/index.php?rest_route=\/wp\/v2\/posts\/60922\/revisions\/60924"}],"wp:featuredmedia":[{"embeddable":true,"href":"https:\/\/elpajaritonews.com\/index.php?rest_route=\/wp\/v2\/media\/60923"}],"wp:attachment":[{"href":"https:\/\/elpajaritonews.com\/index.php?rest_route=%2Fwp%2Fv2%2Fmedia&parent=60922"}],"wp:term":[{"taxonomy":"category","embeddable":true,"href":"https:\/\/elpajaritonews.com\/index.php?rest_route=%2Fwp%2Fv2%2Fcategories&post=60922"},{"taxonomy":"post_tag","embeddable":true,"href":"https:\/\/elpajaritonews.com\/index.php?rest_route=%2Fwp%2Fv2%2Ftags&post=60922"}],"curies":[{"name":"wp","href":"https:\/\/api.w.org\/{rel}","templated":true}]}}