{"id":60973,"date":"2024-07-25T21:40:37","date_gmt":"2024-07-26T04:40:37","guid":{"rendered":"https:\/\/elpajaritonews.com\/?p=60973"},"modified":"2024-07-25T21:40:39","modified_gmt":"2024-07-26T04:40:39","slug":"trabaja-gobernador-durazo-atraccion-de-inversiones-con-sector-empresarial-sonorense","status":"publish","type":"post","link":"https:\/\/elpajaritonews.com\/?p=60973","title":{"rendered":"TRABAJA GOBERNADOR DURAZO ATRACCI\u00d3N DE INVERSIONES CON SECTOR EMPRESARIAL SONORENSE"},"content":{"rendered":"\n<p class=\"wp-block-paragraph\">Para dar seguimiento a la atracci\u00f3n de inversiones de m\u00e1s empresas y promocionar las virtudes del Plan Sonora de Energ\u00edas Sostenibles, el gobernador Alfonso Durazo Monta\u00f1o present\u00f3 el proyecto integral al presidente de la Confederaci\u00f3n de C\u00e1maras Empresariales, Octavio de la Torre de St\u00e9ffano, as\u00ed como a representantes de c\u00e1maras empresariales.<\/p>\n\n\n\n<figure class=\"wp-block-image size-large\"><img loading=\"lazy\" decoding=\"async\" width=\"1024\" height=\"682\" src=\"https:\/\/elpajaritonews.com\/wp-content\/uploads\/2024\/07\/546bdded-7d5f-453e-9165-de1f2ce33bcd-1024x682.jpg\" alt=\"\" class=\"wp-image-60975\" srcset=\"https:\/\/elpajaritonews.com\/wp-content\/uploads\/2024\/07\/546bdded-7d5f-453e-9165-de1f2ce33bcd-1024x682.jpg 1024w, https:\/\/elpajaritonews.com\/wp-content\/uploads\/2024\/07\/546bdded-7d5f-453e-9165-de1f2ce33bcd-300x200.jpg 300w, https:\/\/elpajaritonews.com\/wp-content\/uploads\/2024\/07\/546bdded-7d5f-453e-9165-de1f2ce33bcd-768x512.jpg 768w, https:\/\/elpajaritonews.com\/wp-content\/uploads\/2024\/07\/546bdded-7d5f-453e-9165-de1f2ce33bcd-1536x1023.jpg 1536w, https:\/\/elpajaritonews.com\/wp-content\/uploads\/2024\/07\/546bdded-7d5f-453e-9165-de1f2ce33bcd-600x400.jpg 600w, https:\/\/elpajaritonews.com\/wp-content\/uploads\/2024\/07\/546bdded-7d5f-453e-9165-de1f2ce33bcd.jpg 1600w\" sizes=\"auto, (max-width: 1024px) 100vw, 1024px\" \/><\/figure>\n\n\n\n<p class=\"wp-block-paragraph\">El jefe del Ejecutivo estatal destac\u00f3 que, con el Plan Sonora, se establecen alianzas estrat\u00e9gicas que impactar\u00e1n en m\u00e1s empleos y mejor calidad de vida para las y los sonorenses.<\/p>\n\n\n\n<figure class=\"wp-block-image size-large\"><img loading=\"lazy\" decoding=\"async\" width=\"1024\" height=\"682\" src=\"https:\/\/elpajaritonews.com\/wp-content\/uploads\/2024\/07\/805144f3-67da-47b6-a65f-7183635a0b9c-1024x682.jpg\" alt=\"\" class=\"wp-image-60976\" srcset=\"https:\/\/elpajaritonews.com\/wp-content\/uploads\/2024\/07\/805144f3-67da-47b6-a65f-7183635a0b9c-1024x682.jpg 1024w, https:\/\/elpajaritonews.com\/wp-content\/uploads\/2024\/07\/805144f3-67da-47b6-a65f-7183635a0b9c-300x200.jpg 300w, https:\/\/elpajaritonews.com\/wp-content\/uploads\/2024\/07\/805144f3-67da-47b6-a65f-7183635a0b9c-768x512.jpg 768w, https:\/\/elpajaritonews.com\/wp-content\/uploads\/2024\/07\/805144f3-67da-47b6-a65f-7183635a0b9c-1536x1023.jpg 1536w, https:\/\/elpajaritonews.com\/wp-content\/uploads\/2024\/07\/805144f3-67da-47b6-a65f-7183635a0b9c-600x400.jpg 600w, https:\/\/elpajaritonews.com\/wp-content\/uploads\/2024\/07\/805144f3-67da-47b6-a65f-7183635a0b9c.jpg 1600w\" sizes=\"auto, (max-width: 1024px) 100vw, 1024px\" \/><\/figure>\n\n\n\n<p class=\"wp-block-paragraph\">Record\u00f3 que esta iniciativa, aportaci\u00f3n de M\u00e9xico, y de la entidad, por apoyar el compromiso de aportar a la lucha contra el cambio clim\u00e1tico a trav\u00e9s de la descarbonizaci\u00f3n de la econom\u00eda, est\u00e1 conformada por cuatro vertientes: generaci\u00f3n de energ\u00eda el\u00e9ctrica a partir de energ\u00eda solar, aprovechamiento del litio, licuefacci\u00f3n de gas natural y electromovilidad.<\/p>\n\n\n\n<p class=\"wp-block-paragraph\">Adem\u00e1s, el mandatario estatal present\u00f3 el proyecto de renovaci\u00f3n del puerto de Guaymas, como una opci\u00f3n para la exportaci\u00f3n de mercanc\u00edas frente a la saturaci\u00f3n de otros puertos estadounidenses.<\/p>\n","protected":false},"excerpt":{"rendered":"<p>Para dar seguimiento a la atracci\u00f3n de inversiones de m\u00e1s empresas y promocionar las virtudes del Plan Sonora de Energ\u00edas Sostenibles, el gobernador Alfonso Durazo Monta\u00f1o present\u00f3 el proyecto integral al presidente de la Confederaci\u00f3n de C\u00e1maras Empresariales, Octavio de la Torre de St\u00e9ffano, as\u00ed como a representantes de c\u00e1maras empresariales. El jefe del Ejecutivo&#8230;<\/p>\n","protected":false},"author":2,"featured_media":60974,"comment_status":"closed","ping_status":"closed","sticky":false,"template":"","format":"standard","meta":{"_crdt_document":"","_exactmetrics_skip_tracking":false,"_exactmetrics_sitenote_active":false,"_exactmetrics_sitenote_note":"","_exactmetrics_sitenote_category":0,"footnotes":""},"categories":[36,23,31,27,84,69],"tags":[71,79,72,74,28,29,30],"class_list":["post-60973","post","type-post","status-publish","format-standard","has-post-thumbnail","hentry","category-economia","category-mexico","category-politica","category-sonora","category-turismo","category-ultimas-noticias","tag-alfonso-durazo","tag-andres-manuel-lopez-obrador","tag-claudia-sheinbaum","tag-hermosillo","tag-nogales","tag-nogales-la-gran-frontera","tag-sonora-tierra-de-oportunidades"],"_links":{"self":[{"href":"https:\/\/elpajaritonews.com\/index.php?rest_route=\/wp\/v2\/posts\/60973","targetHints":{"allow":["GET"]}}],"collection":[{"href":"https:\/\/elpajaritonews.com\/index.php?rest_route=\/wp\/v2\/posts"}],"about":[{"href":"https:\/\/elpajaritonews.com\/index.php?rest_route=\/wp\/v2\/types\/post"}],"author":[{"embeddable":true,"href":"https:\/\/elpajaritonews.com\/index.php?rest_route=\/wp\/v2\/users\/2"}],"replies":[{"embeddable":true,"href":"https:\/\/elpajaritonews.com\/index.php?rest_route=%2Fwp%2Fv2%2Fcomments&post=60973"}],"version-history":[{"count":1,"href":"https:\/\/elpajaritonews.com\/index.php?rest_route=\/wp\/v2\/posts\/60973\/revisions"}],"predecessor-version":[{"id":60977,"href":"https:\/\/elpajaritonews.com\/index.php?rest_route=\/wp\/v2\/posts\/60973\/revisions\/60977"}],"wp:featuredmedia":[{"embeddable":true,"href":"https:\/\/elpajaritonews.com\/index.php?rest_route=\/wp\/v2\/media\/60974"}],"wp:attachment":[{"href":"https:\/\/elpajaritonews.com\/index.php?rest_route=%2Fwp%2Fv2%2Fmedia&parent=60973"}],"wp:term":[{"taxonomy":"category","embeddable":true,"href":"https:\/\/elpajaritonews.com\/index.php?rest_route=%2Fwp%2Fv2%2Fcategories&post=60973"},{"taxonomy":"post_tag","embeddable":true,"href":"https:\/\/elpajaritonews.com\/index.php?rest_route=%2Fwp%2Fv2%2Ftags&post=60973"}],"curies":[{"name":"wp","href":"https:\/\/api.w.org\/{rel}","templated":true}]}}