{"id":60993,"date":"2024-07-26T09:14:26","date_gmt":"2024-07-26T16:14:26","guid":{"rendered":"https:\/\/elpajaritonews.com\/?p=60993"},"modified":"2024-07-26T09:14:29","modified_gmt":"2024-07-26T16:14:29","slug":"el-capo-mexicano-no-se-entrego-voluntariamente-fue-entregado-contra-su-voluntad-dice-su-abogado","status":"publish","type":"post","link":"https:\/\/elpajaritonews.com\/?p=60993","title":{"rendered":"EL CAPO MEXICANO \u00abNO SE ENTREG\u00d3 VOLUNTARIAMENTE, FUE ENTREGADO CONTRA SU VOLUNTAD\u201d, DICE SU ABOGADO"},"content":{"rendered":"\n<p class=\"wp-block-paragraph\">Ismael \u00abEl Mayo\u00bb Zambada, cofundador del C\u00e1rtel de Sinaloa, se declar\u00f3&nbsp; inocente de todos los cargos en el tribunal federal de El Paso, Texas, report\u00f3 el medios Los Angeles Times.<\/p>\n\n\n\n<p class=\"wp-block-paragraph\">De acuerdo con el medio, \u00abun abogado que representa a Zambada dijo que su cliente compareci\u00f3 ante un tribunal federal en El Paso el viernes por la ma\u00f1ana y se declar\u00f3 inocente de los cargos de drogas, lavado de dinero y armas\u00bb.<\/p>\n\n\n\n<p class=\"wp-block-paragraph\">Seg\u00fan el abogado Frank Perez, \u00absu cliente no cruz\u00f3 la frontera en avi\u00f3n voluntariamente, como han sugerido algunos informes\u00bb.<\/p>\n\n\n\n<p class=\"wp-block-paragraph\">En el texto de Keegan Hamilton y Kate Linthicum, se a\u00f1adi\u00f3 que el abogado mencion\u00f3 que \u00abEl Mayo\u00bb, \u00abno se entreg\u00f3 voluntariamente\u201d, dijo P\u00e9rez. \u201cFue entregado contra su voluntad\u201d.<\/p>\n\n\n\n<p class=\"wp-block-paragraph\">La captura despierta particular inter\u00e9s porque ocurre a tres meses de que ocurran las elecciones presidenciales en Estados Unidos, donde el tr\u00e1fico de fentanilo desde M\u00e9xico y el poder de los carteles mexicanos ha sido un tema clave.<\/p>\n\n\n\n<p class=\"wp-block-paragraph\">Junto a \u00abEl Mayo\u00bb tambi\u00e9n fue detenido Joaqu\u00edn Guzm\u00e1n L\u00f3pez, otro de los hijos de Joaqu\u00edn \u00abEl Chapo\u00bb Guzm\u00e1n, cofundador del C\u00e1rtel de Sinaloa.<\/p>\n\n\n\n<p class=\"wp-block-paragraph\">El Fiscal General de Estados Unidos, Merrick Garland, hab\u00eda indicado hoy en unas declaraciones en video que ambos detenido comparecer\u00edan ante un juez en los pr\u00f3ximos d\u00edas.<\/p>\n\n\n\n<p class=\"wp-block-paragraph\">Garland dijo que Zambada se enfrenta a cargos de tr\u00e1ficos de diversas drogas, as\u00ed como delitos de tr\u00e1fico de armas, lavado de dinero y de asesinato y secuestro, mientras que Guzm\u00e1n L\u00f3pez tendr\u00e1 que responder a cargos de tr\u00e1fico de coca\u00edna, fentanilo, hero\u00edna y metanfetaminas.<\/p>\n\n\n\n<p class=\"wp-block-paragraph\">El Fiscal General asegur\u00f3 que no van a descansar hasta que aquellas organizaciones criminales y sus l\u00edderes que \u00abenvenenan a nuestras comunidades\u00bb respondan ante la Justicia.<\/p>\n","protected":false},"excerpt":{"rendered":"<p>Ismael \u00abEl Mayo\u00bb Zambada, cofundador del C\u00e1rtel de Sinaloa, se declar\u00f3&nbsp; inocente de todos los cargos en el tribunal federal de El Paso, Texas, report\u00f3 el medios Los Angeles Times. De acuerdo con el medio, \u00abun abogado que representa a Zambada dijo que su cliente compareci\u00f3 ante un tribunal federal en El Paso el viernes&#8230;<\/p>\n","protected":false},"author":2,"featured_media":60994,"comment_status":"closed","ping_status":"closed","sticky":false,"template":"","format":"standard","meta":{"_crdt_document":"","_exactmetrics_skip_tracking":false,"_exactmetrics_sitenote_active":false,"_exactmetrics_sitenote_note":"","_exactmetrics_sitenote_category":0,"footnotes":""},"categories":[17,80,89,88,23,31,1,27],"tags":[71,79,72,73,74,28,29,75,30],"class_list":["post-60993","post","type-post","status-publish","format-standard","has-post-thumbnail","hentry","category-arizona","category-derechos-humanos","category-estados-unidos","category-justicia","category-mexico","category-politica","category-seguridad","category-sonora","tag-alfonso-durazo","tag-andres-manuel-lopez-obrador","tag-claudia-sheinbaum","tag-congreso-del-estado-de-sonora","tag-hermosillo","tag-nogales","tag-nogales-la-gran-frontera","tag-seguridad-publica","tag-sonora-tierra-de-oportunidades"],"_links":{"self":[{"href":"https:\/\/elpajaritonews.com\/index.php?rest_route=\/wp\/v2\/posts\/60993","targetHints":{"allow":["GET"]}}],"collection":[{"href":"https:\/\/elpajaritonews.com\/index.php?rest_route=\/wp\/v2\/posts"}],"about":[{"href":"https:\/\/elpajaritonews.com\/index.php?rest_route=\/wp\/v2\/types\/post"}],"author":[{"embeddable":true,"href":"https:\/\/elpajaritonews.com\/index.php?rest_route=\/wp\/v2\/users\/2"}],"replies":[{"embeddable":true,"href":"https:\/\/elpajaritonews.com\/index.php?rest_route=%2Fwp%2Fv2%2Fcomments&post=60993"}],"version-history":[{"count":1,"href":"https:\/\/elpajaritonews.com\/index.php?rest_route=\/wp\/v2\/posts\/60993\/revisions"}],"predecessor-version":[{"id":60995,"href":"https:\/\/elpajaritonews.com\/index.php?rest_route=\/wp\/v2\/posts\/60993\/revisions\/60995"}],"wp:featuredmedia":[{"embeddable":true,"href":"https:\/\/elpajaritonews.com\/index.php?rest_route=\/wp\/v2\/media\/60994"}],"wp:attachment":[{"href":"https:\/\/elpajaritonews.com\/index.php?rest_route=%2Fwp%2Fv2%2Fmedia&parent=60993"}],"wp:term":[{"taxonomy":"category","embeddable":true,"href":"https:\/\/elpajaritonews.com\/index.php?rest_route=%2Fwp%2Fv2%2Fcategories&post=60993"},{"taxonomy":"post_tag","embeddable":true,"href":"https:\/\/elpajaritonews.com\/index.php?rest_route=%2Fwp%2Fv2%2Ftags&post=60993"}],"curies":[{"name":"wp","href":"https:\/\/api.w.org\/{rel}","templated":true}]}}