{"id":60996,"date":"2024-07-26T17:11:38","date_gmt":"2024-07-27T00:11:38","guid":{"rendered":"https:\/\/elpajaritonews.com\/?p=60996"},"modified":"2024-07-26T17:11:41","modified_gmt":"2024-07-27T00:11:41","slug":"con-proyecto-de-energia-nuclear-fortalecemos-plan-sonora-alfonso-durazo","status":"publish","type":"post","link":"https:\/\/elpajaritonews.com\/?p=60996","title":{"rendered":"CON PROYECTO DE ENERG\u00cdA NUCLEAR FORTALECEMOS PLAN SONORA: ALFONSO DURAZO"},"content":{"rendered":"\n<p class=\"wp-block-paragraph\">A trav\u00e9s de la creaci\u00f3n del Centro de Desarrollo Energ\u00e9tico de M\u00e9xico en la entidad, se buscar\u00e1 fortalecer el Plan Sonora de Energ\u00edas Sostenibles, incorporando la energ\u00eda nuclear, asever\u00f3 el gobernador Alfonso Durazo Monta\u00f1o, al reunirse con integrantes del colectivo Geopol\u00edtica Energ\u00e9tica A.C.<\/p>\n\n\n\n<p class=\"wp-block-paragraph\">El mandatario sonorense enfatiz\u00f3 que el Plan Sonora, busca contribuir a los compromisos que adquiri\u00f3 M\u00e9xico para mitigar el cambio clim\u00e1tico y a la vez, generar oportunidades de inversi\u00f3n y desarrollo.<\/p>\n\n\n\n<p class=\"wp-block-paragraph\">En nuestro pa\u00eds, existen diferentes fuentes de generaci\u00f3n de electricidad a trav\u00e9s de energ\u00edas limpias como son la hidr\u00e1ulica, e\u00f3lica, solar y nuclear siendo esta \u00faltima la m\u00e1s limpia y segura debido a su nulo nivel de emisiones contaminantes o gases t\u00f3xicos.<\/p>\n\n\n\n<p class=\"wp-block-paragraph\">En la reuni\u00f3n particip\u00f3 Carlos Armando S\u00e1nchez Mendoza, presidente de Geopol\u00edtica Energ\u00e9tica A.C.; Antonio Ponce Mel\u00e9ndez y Ra\u00fal P\u00e9rez Enr\u00edquez, miembros del colectivo.<\/p>\n","protected":false},"excerpt":{"rendered":"<p>A trav\u00e9s de la creaci\u00f3n del Centro de Desarrollo Energ\u00e9tico de M\u00e9xico en la entidad, se buscar\u00e1 fortalecer el Plan Sonora de Energ\u00edas Sostenibles, incorporando la energ\u00eda nuclear, asever\u00f3 el gobernador Alfonso Durazo Monta\u00f1o, al reunirse con integrantes del colectivo Geopol\u00edtica Energ\u00e9tica A.C. El mandatario sonorense enfatiz\u00f3 que el Plan Sonora, busca contribuir a los&#8230;<\/p>\n","protected":false},"author":2,"featured_media":60997,"comment_status":"closed","ping_status":"closed","sticky":false,"template":"","format":"standard","meta":{"_crdt_document":"","_exactmetrics_skip_tracking":false,"_exactmetrics_sitenote_active":false,"_exactmetrics_sitenote_note":"","_exactmetrics_sitenote_category":0,"footnotes":""},"categories":[37,31,27,69],"tags":[71,79,72,74,28,29,75,30],"class_list":["post-60996","post","type-post","status-publish","format-standard","has-post-thumbnail","hentry","category-medio-ambiente","category-politica","category-sonora","category-ultimas-noticias","tag-alfonso-durazo","tag-andres-manuel-lopez-obrador","tag-claudia-sheinbaum","tag-hermosillo","tag-nogales","tag-nogales-la-gran-frontera","tag-seguridad-publica","tag-sonora-tierra-de-oportunidades"],"_links":{"self":[{"href":"https:\/\/elpajaritonews.com\/index.php?rest_route=\/wp\/v2\/posts\/60996","targetHints":{"allow":["GET"]}}],"collection":[{"href":"https:\/\/elpajaritonews.com\/index.php?rest_route=\/wp\/v2\/posts"}],"about":[{"href":"https:\/\/elpajaritonews.com\/index.php?rest_route=\/wp\/v2\/types\/post"}],"author":[{"embeddable":true,"href":"https:\/\/elpajaritonews.com\/index.php?rest_route=\/wp\/v2\/users\/2"}],"replies":[{"embeddable":true,"href":"https:\/\/elpajaritonews.com\/index.php?rest_route=%2Fwp%2Fv2%2Fcomments&post=60996"}],"version-history":[{"count":1,"href":"https:\/\/elpajaritonews.com\/index.php?rest_route=\/wp\/v2\/posts\/60996\/revisions"}],"predecessor-version":[{"id":60998,"href":"https:\/\/elpajaritonews.com\/index.php?rest_route=\/wp\/v2\/posts\/60996\/revisions\/60998"}],"wp:featuredmedia":[{"embeddable":true,"href":"https:\/\/elpajaritonews.com\/index.php?rest_route=\/wp\/v2\/media\/60997"}],"wp:attachment":[{"href":"https:\/\/elpajaritonews.com\/index.php?rest_route=%2Fwp%2Fv2%2Fmedia&parent=60996"}],"wp:term":[{"taxonomy":"category","embeddable":true,"href":"https:\/\/elpajaritonews.com\/index.php?rest_route=%2Fwp%2Fv2%2Fcategories&post=60996"},{"taxonomy":"post_tag","embeddable":true,"href":"https:\/\/elpajaritonews.com\/index.php?rest_route=%2Fwp%2Fv2%2Ftags&post=60996"}],"curies":[{"name":"wp","href":"https:\/\/api.w.org\/{rel}","templated":true}]}}