{"id":60999,"date":"2024-07-27T16:37:24","date_gmt":"2024-07-27T23:37:24","guid":{"rendered":"https:\/\/elpajaritonews.com\/?p=60999"},"modified":"2024-07-27T16:37:26","modified_gmt":"2024-07-27T23:37:26","slug":"va-comitiva-de-bomberos-de-hermosillo-a-capacitacion-internacional-a-cartagena-colombia","status":"publish","type":"post","link":"https:\/\/elpajaritonews.com\/?p=60999","title":{"rendered":"VA COMITIVA DE BOMBEROS DE HERMOSILLO A CAPACITACI\u00d3N INTERNACIONAL A CARTAGENA, COLOMBIA"},"content":{"rendered":"\n<p class=\"wp-block-paragraph\">Para fortalecer destrezas en administraci\u00f3n de incendios mayores, manejo de bombas de veh\u00edculos extintores y operaciones avanzadas para el control de incidentes en tanques de combustibles, 4 bomberos hermosillenses recibir\u00e1n una capacitaci\u00f3n a cargo de la empresa SAC\/ Texas A&amp;M Engineering Extensi\u00f3n Service.<\/p>\n\n\n\n<p class=\"wp-block-paragraph\">Ixc\u00f3atl Villa Gast\u00e9lum, Wilber Mart\u00ednez, Armando Garc\u00eda Medina y Giovanni Iriqui Ruiz recibieron testimonios de respaldo por parte de Florencio D\u00edaz Armenta, Secretario del Ayuntamiento y Juan Francisco Matty Ortega, comandante de la instituci\u00f3n, quienes expresaron su certeza de que pondr\u00e1n en alto a Hermosillo durante su estancia en Cartagena, Colombia, donde permanecer\u00e1n del 29 de julio al 4 de agosto.<\/p>\n\n\n\n<p class=\"wp-block-paragraph\">\u201cEl alcalde To\u00f1o Astiazar\u00e1n lo dice, yo lo vuelvo a decir, si de algo tenemos orgullo quienes estamos en el Ayuntamiento es del Departamento de Bomberos, que es la mejor cara que podemos presentar ante los hermosillenses\u201d expres\u00f3 D\u00edaz Armenta.<\/p>\n\n\n\n<p class=\"wp-block-paragraph\">Hizo notar el respaldo del Patronato de Bomberos de Hermosillo con los costos de la capacitaci\u00f3n que recibir\u00e1n los 4 integrantes de la comitiva hermosillense y agradeci\u00f3 a toda la ciudadan\u00eda que apoya a los tragahumo con sus aportaciones en el pago de predial y agua potable.<\/p>\n\n\n\n<p class=\"wp-block-paragraph\">El dirigente sindical de los bomberos de Hermosillo, Jes\u00fas Fierro, agradeci\u00f3 la disposici\u00f3n del Gobierno Municipal y del patronato por ofrecerles a trav\u00e9s de capacitaciones la posibilidad de responder de la mejor manera posible a los hermosillenses.<\/p>\n\n\n\n<p class=\"wp-block-paragraph\">El comandante Matty Ortega explic\u00f3 que los cursos y talleres que reciben los elementos del cuerpo de bomberos se hacen extensivos a todo el personal operativo mediante el dise\u00f1o de protocolos de actuaci\u00f3n y tambi\u00e9n con la difusi\u00f3n de los conocimientos y t\u00e9cnicas aprendidos, a fin de estar todos a la altura de las necesidades propias del desarrollo de la ciudad.<\/p>\n","protected":false},"excerpt":{"rendered":"<p>Para fortalecer destrezas en administraci\u00f3n de incendios mayores, manejo de bombas de veh\u00edculos extintores y operaciones avanzadas para el control de incidentes en tanques de combustibles, 4 bomberos hermosillenses recibir\u00e1n una capacitaci\u00f3n a cargo de la empresa SAC\/ Texas A&amp;M Engineering Extensi\u00f3n Service. Ixc\u00f3atl Villa Gast\u00e9lum, Wilber Mart\u00ednez, Armando Garc\u00eda Medina y Giovanni Iriqui Ruiz&#8230;<\/p>\n","protected":false},"author":2,"featured_media":61000,"comment_status":"closed","ping_status":"closed","sticky":false,"template":"","format":"standard","meta":{"_crdt_document":"","_exactmetrics_skip_tracking":false,"_exactmetrics_sitenote_active":false,"_exactmetrics_sitenote_note":"","_exactmetrics_sitenote_category":0,"footnotes":""},"categories":[22,26,31,1,27],"tags":[71,79,72,74,28,29,75,30],"class_list":["post-60999","post","type-post","status-publish","format-standard","has-post-thumbnail","hentry","category-escena","category-local","category-politica","category-seguridad","category-sonora","tag-alfonso-durazo","tag-andres-manuel-lopez-obrador","tag-claudia-sheinbaum","tag-hermosillo","tag-nogales","tag-nogales-la-gran-frontera","tag-seguridad-publica","tag-sonora-tierra-de-oportunidades"],"_links":{"self":[{"href":"https:\/\/elpajaritonews.com\/index.php?rest_route=\/wp\/v2\/posts\/60999","targetHints":{"allow":["GET"]}}],"collection":[{"href":"https:\/\/elpajaritonews.com\/index.php?rest_route=\/wp\/v2\/posts"}],"about":[{"href":"https:\/\/elpajaritonews.com\/index.php?rest_route=\/wp\/v2\/types\/post"}],"author":[{"embeddable":true,"href":"https:\/\/elpajaritonews.com\/index.php?rest_route=\/wp\/v2\/users\/2"}],"replies":[{"embeddable":true,"href":"https:\/\/elpajaritonews.com\/index.php?rest_route=%2Fwp%2Fv2%2Fcomments&post=60999"}],"version-history":[{"count":1,"href":"https:\/\/elpajaritonews.com\/index.php?rest_route=\/wp\/v2\/posts\/60999\/revisions"}],"predecessor-version":[{"id":61001,"href":"https:\/\/elpajaritonews.com\/index.php?rest_route=\/wp\/v2\/posts\/60999\/revisions\/61001"}],"wp:featuredmedia":[{"embeddable":true,"href":"https:\/\/elpajaritonews.com\/index.php?rest_route=\/wp\/v2\/media\/61000"}],"wp:attachment":[{"href":"https:\/\/elpajaritonews.com\/index.php?rest_route=%2Fwp%2Fv2%2Fmedia&parent=60999"}],"wp:term":[{"taxonomy":"category","embeddable":true,"href":"https:\/\/elpajaritonews.com\/index.php?rest_route=%2Fwp%2Fv2%2Fcategories&post=60999"},{"taxonomy":"post_tag","embeddable":true,"href":"https:\/\/elpajaritonews.com\/index.php?rest_route=%2Fwp%2Fv2%2Ftags&post=60999"}],"curies":[{"name":"wp","href":"https:\/\/api.w.org\/{rel}","templated":true}]}}