{"id":61002,"date":"2024-07-27T16:45:29","date_gmt":"2024-07-27T23:45:29","guid":{"rendered":"https:\/\/elpajaritonews.com\/?p=61002"},"modified":"2024-07-27T16:45:32","modified_gmt":"2024-07-27T23:45:32","slug":"las-primeras-declaraciones-del-wero-hans-luego-del-ataque-armado-del-que-fue-victima-video","status":"publish","type":"post","link":"https:\/\/elpajaritonews.com\/?p=61002","title":{"rendered":"LAS PRIMERAS DECLARACIONES DEL \u201cWERO\u201d HANS, LUEGO DEL ATAQUE ARMADO DEL QUE FUE V\u00cdCTIMA (VIDEO)"},"content":{"rendered":"\n<p class=\"wp-block-paragraph\">\u201cYo no soy malo, a m\u00ed no ten\u00edan por qu\u00e9 haberme pegado\u201d las primeras declaraciones del \u201cWero\u201d Hans, luego del ataque armado del que fue v\u00edctima el pasado 17 de julio en #Caborca.<\/p>\n\n\n\n<figure class=\"wp-block-video\"><video controls src=\"blob:https:\/\/elpajaritonews.com\/2123caba-feb6-4c15-ab89-a49c672bb7b1\"><\/video><\/figure>\n\n\n\n<p class=\"wp-block-paragraph\">El reportero dijo que \u201cNo es f\u00e1cil lo que se viene ahora para \u00e9l y su familia\u201d, as\u00ed se grab\u00f3 en instalaciones de la Catedral de #Hermosillo tras su alta m\u00e9dica \ud83d\udc47\ud83c\udffb<\/p>\n\n\n\n<figure class=\"wp-block-embed is-type-rich is-provider-twitter wp-block-embed-twitter\"><div class=\"wp-block-embed__wrapper\">\n<blockquote class=\"twitter-tweet\" data-width=\"550\" data-dnt=\"true\"><p lang=\"es\" dir=\"ltr\">\u26a0\ufe0f<a href=\"https:\/\/twitter.com\/hashtag\/%C3%9ALTIMAHORA?src=hash&amp;ref_src=twsrc%5Etfw\">#\u00daLTIMAHORA<\/a> \u201cYo no soy malo, a m\u00ed no ten\u00edan por qu\u00e9 haberme pegado\u201d las primeras declaraciones del \u201cWero\u201d Hans, luego del ataque armado del que fue v\u00edctima el pasado 17 de julio en <a href=\"https:\/\/twitter.com\/hashtag\/Caborca?src=hash&amp;ref_src=twsrc%5Etfw\">#Caborca<\/a>.<br><br>El reportero dijo que \u201cNo es f\u00e1cil lo que se viene ahora para \u00e9l y su familia\u201d, as\u00ed se\u2026 <a href=\"https:\/\/t.co\/67VDpR3vjx\">pic.twitter.com\/67VDpR3vjx<\/a><\/p>&mdash; Michelle Rivera (@michelleriveraa) <a href=\"https:\/\/twitter.com\/michelleriveraa\/status\/1817313801609609705?ref_src=twsrc%5Etfw\">July 27, 2024<\/a><\/blockquote><script async src=\"https:\/\/platform.twitter.com\/widgets.js\" charset=\"utf-8\"><\/script>\n<\/div><\/figure>\n","protected":false},"excerpt":{"rendered":"<p>\u201cYo no soy malo, a m\u00ed no ten\u00edan por qu\u00e9 haberme pegado\u201d las primeras declaraciones del \u201cWero\u201d Hans, luego del ataque armado del que fue v\u00edctima el pasado 17 de julio en #Caborca. El reportero dijo que \u201cNo es f\u00e1cil lo que se viene ahora para \u00e9l y su familia\u201d, as\u00ed se grab\u00f3 en instalaciones&#8230;<\/p>\n","protected":false},"author":2,"featured_media":61003,"comment_status":"closed","ping_status":"closed","sticky":false,"template":"","format":"standard","meta":{"_crdt_document":"","_exactmetrics_skip_tracking":false,"_exactmetrics_sitenote_active":false,"_exactmetrics_sitenote_note":"","_exactmetrics_sitenote_category":0,"footnotes":""},"categories":[80,88,26,23,82,31,1,27,69,65],"tags":[71,79,72,73,74,76,28,29,75,30],"class_list":["post-61002","post","type-post","status-publish","format-standard","has-post-thumbnail","hentry","category-derechos-humanos","category-justicia","category-local","category-mexico","category-poder-judicial","category-politica","category-seguridad","category-sonora","category-ultimas-noticias","category-videos","tag-alfonso-durazo","tag-andres-manuel-lopez-obrador","tag-claudia-sheinbaum","tag-congreso-del-estado-de-sonora","tag-hermosillo","tag-medio-ambiente","tag-nogales","tag-nogales-la-gran-frontera","tag-seguridad-publica","tag-sonora-tierra-de-oportunidades"],"_links":{"self":[{"href":"https:\/\/elpajaritonews.com\/index.php?rest_route=\/wp\/v2\/posts\/61002","targetHints":{"allow":["GET"]}}],"collection":[{"href":"https:\/\/elpajaritonews.com\/index.php?rest_route=\/wp\/v2\/posts"}],"about":[{"href":"https:\/\/elpajaritonews.com\/index.php?rest_route=\/wp\/v2\/types\/post"}],"author":[{"embeddable":true,"href":"https:\/\/elpajaritonews.com\/index.php?rest_route=\/wp\/v2\/users\/2"}],"replies":[{"embeddable":true,"href":"https:\/\/elpajaritonews.com\/index.php?rest_route=%2Fwp%2Fv2%2Fcomments&post=61002"}],"version-history":[{"count":1,"href":"https:\/\/elpajaritonews.com\/index.php?rest_route=\/wp\/v2\/posts\/61002\/revisions"}],"predecessor-version":[{"id":61004,"href":"https:\/\/elpajaritonews.com\/index.php?rest_route=\/wp\/v2\/posts\/61002\/revisions\/61004"}],"wp:featuredmedia":[{"embeddable":true,"href":"https:\/\/elpajaritonews.com\/index.php?rest_route=\/wp\/v2\/media\/61003"}],"wp:attachment":[{"href":"https:\/\/elpajaritonews.com\/index.php?rest_route=%2Fwp%2Fv2%2Fmedia&parent=61002"}],"wp:term":[{"taxonomy":"category","embeddable":true,"href":"https:\/\/elpajaritonews.com\/index.php?rest_route=%2Fwp%2Fv2%2Fcategories&post=61002"},{"taxonomy":"post_tag","embeddable":true,"href":"https:\/\/elpajaritonews.com\/index.php?rest_route=%2Fwp%2Fv2%2Ftags&post=61002"}],"curies":[{"name":"wp","href":"https:\/\/api.w.org\/{rel}","templated":true}]}}