{"id":61030,"date":"2024-07-29T15:21:09","date_gmt":"2024-07-29T22:21:09","guid":{"rendered":"https:\/\/elpajaritonews.com\/?p=61030"},"modified":"2024-07-29T15:21:11","modified_gmt":"2024-07-29T22:21:11","slug":"trabajan-gobiernos-de-sonora-y-baja-california-en-modelo-integral-de-seguridad","status":"publish","type":"post","link":"https:\/\/elpajaritonews.com\/?p=61030","title":{"rendered":"TRABAJAN GOBIERNOS DE SONORA Y BAJA CALIFORNIA EN MODELO INTEGRAL DE SEGURIDAD"},"content":{"rendered":"\n<p class=\"wp-block-paragraph\">El gobernador Alfonso Durazo y la gobernadora Marina del Pilar Avila encabezaron la Mesa Regional de Seguridad para dise\u00f1ar una estrategia conjunta en la zona de San Luis R\u00edo Colorado y del Valle de Mexicali<\/p>\n\n\n\n<p class=\"wp-block-paragraph\">Para fortalecer las labores de seguridad en Sonora y Baja California, se implementar\u00e1 un modelo integral que permita trabajar en un Mando \u00danico en tareas operativas y preventivas en la zona de San Luis R\u00edo Colorado y el Valle de Mexicali, acordaron el gobernador Alfonso Durazo Monta\u00f1o y la gobernadora Marina del Pilar Avila, al encabezar los trabajos de la Mesa Regional de Seguridad efectuada en el municipio de San Luis R\u00edo Colorado.<\/p>\n\n\n\n<figure class=\"wp-block-image size-large\"><img loading=\"lazy\" decoding=\"async\" width=\"1024\" height=\"615\" src=\"https:\/\/elpajaritonews.com\/wp-content\/uploads\/2024\/07\/afdb3699-1781-4c91-b17a-ed9bb5f014b6-1024x615.jpg\" alt=\"\" class=\"wp-image-61032\" srcset=\"https:\/\/elpajaritonews.com\/wp-content\/uploads\/2024\/07\/afdb3699-1781-4c91-b17a-ed9bb5f014b6-1024x615.jpg 1024w, https:\/\/elpajaritonews.com\/wp-content\/uploads\/2024\/07\/afdb3699-1781-4c91-b17a-ed9bb5f014b6-300x180.jpg 300w, https:\/\/elpajaritonews.com\/wp-content\/uploads\/2024\/07\/afdb3699-1781-4c91-b17a-ed9bb5f014b6-768x461.jpg 768w, https:\/\/elpajaritonews.com\/wp-content\/uploads\/2024\/07\/afdb3699-1781-4c91-b17a-ed9bb5f014b6.jpg 1280w\" sizes=\"auto, (max-width: 1024px) 100vw, 1024px\" \/><\/figure>\n\n\n\n<p class=\"wp-block-paragraph\">El mandatario estatal de Sonora enfatiz\u00f3 la importancia de abordar la problem\u00e1tica de la delincuencia organizada, con una visi\u00f3n integral por parte de las autoridades de los tres \u00f3rdenes de gobierno, que permita trabajar de una forma geopol\u00edtica coordinada sin tener limites jurisdiccionales.<\/p>\n\n\n\n<p class=\"wp-block-paragraph\">\u00abTenemos que construir un modelo que nos permita eficientar la coordinaci\u00f3n al nivel que la tiene actualmente el Ej\u00e9rcito, la Guardia Nacional, la Secretar\u00eda de Marina. Hay que fortalecer muchos de los atributos que nos permitir\u00edan contar con mejores cuerpos municipales de seguridad\u00bb, afirm\u00f3.<\/p>\n\n\n\n<p class=\"wp-block-paragraph\">Por su parte, la gobernadora de Baja California, Marina del Pilar Avila Olmeda, indic\u00f3 que el trabajo en conjunto con las instituciones del orden federal, como la Secretar\u00eda de Defensa Nacional (Sedena), Guardia Nacional y la Secretar\u00eda de Marina ser\u00e1 crucial y permitir\u00e1 tener un mayor control de la zona.<\/p>\n\n\n\n<p class=\"wp-block-paragraph\">\u201cLas acciones que aqu\u00ed (Sonora) se implementaron me parece que era necesario ese golpe en la mesa, a la delincuencia; hacer un planteamiento que nos permita de la mano del Ej\u00e9rcito y de la Marina, tener esa coordinaci\u00f3n\u201d, expres\u00f3.<\/p>\n\n\n\n<p class=\"wp-block-paragraph\">En la Mesa Regional de Seguridad se presentaron los resultados comprendidos del 22 al 29 de julio, una vez que se implement\u00f3 el Mando \u00danico Policial en San Luis R\u00edo Colorado, donde se registra una reducci\u00f3n del 50% en homicidios dolosos (6), con respecto a las \u00faltimas dos semanas donde se registraron 13 y 12, respectivamente.<\/p>\n\n\n\n<p class=\"wp-block-paragraph\">Tambi\u00e9n como parte de los resultados de las operaciones conjuntas interinstitucionales y el despliego permanente que se mantiene en la 45\/a Zona Militar en la zona de San Luis R\u00edo Colorado, durante el 2023 a la fecha destaca el decomiso de 403.46 kilos de marihuana.<\/p>\n\n\n\n<p class=\"wp-block-paragraph\">Dentro de los mismos operativos se aseguraron 508.52 kilos de coca\u00edna, 91.37 kilos de fentanilo; mil 662.01 kilos de metanfetamina, 339 armas de fuego; mil 307 cargadores; 46 mil 007 cartuchos. Adem\u00e1s se resguardaron 187 veh\u00edculos y 13 veh\u00edculos blindados.<\/p>\n","protected":false},"excerpt":{"rendered":"<p>El gobernador Alfonso Durazo y la gobernadora Marina del Pilar Avila encabezaron la Mesa Regional de Seguridad para dise\u00f1ar una estrategia conjunta en la zona de San Luis R\u00edo Colorado y del Valle de Mexicali Para fortalecer las labores de seguridad en Sonora y Baja California, se implementar\u00e1 un modelo integral que permita trabajar en&#8230;<\/p>\n","protected":false},"author":2,"featured_media":61031,"comment_status":"closed","ping_status":"closed","sticky":false,"template":"","format":"standard","meta":{"_crdt_document":"","_exactmetrics_skip_tracking":false,"_exactmetrics_sitenote_active":false,"_exactmetrics_sitenote_note":"","_exactmetrics_sitenote_category":0,"footnotes":""},"categories":[23,31,1,27],"tags":[71,79,72,74,28,29,75,30],"class_list":["post-61030","post","type-post","status-publish","format-standard","has-post-thumbnail","hentry","category-mexico","category-politica","category-seguridad","category-sonora","tag-alfonso-durazo","tag-andres-manuel-lopez-obrador","tag-claudia-sheinbaum","tag-hermosillo","tag-nogales","tag-nogales-la-gran-frontera","tag-seguridad-publica","tag-sonora-tierra-de-oportunidades"],"_links":{"self":[{"href":"https:\/\/elpajaritonews.com\/index.php?rest_route=\/wp\/v2\/posts\/61030","targetHints":{"allow":["GET"]}}],"collection":[{"href":"https:\/\/elpajaritonews.com\/index.php?rest_route=\/wp\/v2\/posts"}],"about":[{"href":"https:\/\/elpajaritonews.com\/index.php?rest_route=\/wp\/v2\/types\/post"}],"author":[{"embeddable":true,"href":"https:\/\/elpajaritonews.com\/index.php?rest_route=\/wp\/v2\/users\/2"}],"replies":[{"embeddable":true,"href":"https:\/\/elpajaritonews.com\/index.php?rest_route=%2Fwp%2Fv2%2Fcomments&post=61030"}],"version-history":[{"count":1,"href":"https:\/\/elpajaritonews.com\/index.php?rest_route=\/wp\/v2\/posts\/61030\/revisions"}],"predecessor-version":[{"id":61033,"href":"https:\/\/elpajaritonews.com\/index.php?rest_route=\/wp\/v2\/posts\/61030\/revisions\/61033"}],"wp:featuredmedia":[{"embeddable":true,"href":"https:\/\/elpajaritonews.com\/index.php?rest_route=\/wp\/v2\/media\/61031"}],"wp:attachment":[{"href":"https:\/\/elpajaritonews.com\/index.php?rest_route=%2Fwp%2Fv2%2Fmedia&parent=61030"}],"wp:term":[{"taxonomy":"category","embeddable":true,"href":"https:\/\/elpajaritonews.com\/index.php?rest_route=%2Fwp%2Fv2%2Fcategories&post=61030"},{"taxonomy":"post_tag","embeddable":true,"href":"https:\/\/elpajaritonews.com\/index.php?rest_route=%2Fwp%2Fv2%2Ftags&post=61030"}],"curies":[{"name":"wp","href":"https:\/\/api.w.org\/{rel}","templated":true}]}}