{"id":61044,"date":"2024-08-01T14:25:32","date_gmt":"2024-08-01T21:25:32","guid":{"rendered":"https:\/\/elpajaritonews.com\/?p=61044"},"modified":"2024-08-01T14:25:35","modified_gmt":"2024-08-01T21:25:35","slug":"invalidan-eleccion-en-rayon-sonora-por-la-ambiguedad-de-la-boleta-electoral","status":"publish","type":"post","link":"https:\/\/elpajaritonews.com\/?p=61044","title":{"rendered":"INVALIDAN ELECCI\u00d3N EN RAY\u00d3N, SONORA, POR LA AMBIG\u00dcEDAD DE LA BOLETA ELECTORAL"},"content":{"rendered":"\n<p class=\"wp-block-paragraph\">Los resultados del pasado 2 de junio, agreg\u00f3 Grijalva V\u00e1zquez, le dotan de la confianza suficiente para mostrarse optimista frente al nuevo proceso.<\/p>\n\n\n\n<p class=\"wp-block-paragraph\">El pasado 2 de junio un candidato no registrado obtuvo la mayor\u00eda de los votos del electorado de Ray\u00f3n, municipio de Sonora. Lo hizo mediante un llamado a la ciudadan\u00eda a escribir su nombre en el recuadro en blanco. La noche de este mi\u00e9rcoles el Tribunal Estatal Electoral (TEE) de Sonora declar\u00f3 inv\u00e1lida la elecci\u00f3n y orden\u00f3 la realizaci\u00f3n de una justa extraordinaria tras observar la ambig\u00fcedad generada por la boleta electoral.<\/p>\n\n\n\n<p class=\"wp-block-paragraph\">En particular, el 3 de junio se hizo p\u00fablico que Heriberto Grijalva V\u00e1zquez, candidato no registrado, obtuvo 711 votos a trav\u00e9s de la casilla en blanco, misma que indica: \u201csi desea votar por alg\u00fan candidato(a) no registrado(a), escriba en este recuadro el nombre completo\u201d. Mientras tanto, la candidatura registrada de Luis Grijalva Robles, en representaci\u00f3n de la coalici\u00f3n PRI-PAN-PRD, cosech\u00f3 674 sufragios. Sin embargo, el Consejo Municipal Electoral de Ray\u00f3n otorg\u00f3 el acta de mayor\u00eda y validez al \u00faltimo.<\/p>\n","protected":false},"excerpt":{"rendered":"<p>Los resultados del pasado 2 de junio, agreg\u00f3 Grijalva V\u00e1zquez, le dotan de la confianza suficiente para mostrarse optimista frente al nuevo proceso. El pasado 2 de junio un candidato no registrado obtuvo la mayor\u00eda de los votos del electorado de Ray\u00f3n, municipio de Sonora. Lo hizo mediante un llamado a la ciudadan\u00eda a escribir&#8230;<\/p>\n","protected":false},"author":2,"featured_media":61045,"comment_status":"closed","ping_status":"closed","sticky":false,"template":"","format":"standard","meta":{"_crdt_document":"","_exactmetrics_skip_tracking":false,"_exactmetrics_sitenote_active":false,"_exactmetrics_sitenote_note":"","_exactmetrics_sitenote_category":0,"footnotes":""},"categories":[35,88,26,31,27,69],"tags":[71,79,72,74,28,29,75,30],"class_list":["post-61044","post","type-post","status-publish","format-standard","has-post-thumbnail","hentry","category-elecciones-2024","category-justicia","category-local","category-politica","category-sonora","category-ultimas-noticias","tag-alfonso-durazo","tag-andres-manuel-lopez-obrador","tag-claudia-sheinbaum","tag-hermosillo","tag-nogales","tag-nogales-la-gran-frontera","tag-seguridad-publica","tag-sonora-tierra-de-oportunidades"],"_links":{"self":[{"href":"https:\/\/elpajaritonews.com\/index.php?rest_route=\/wp\/v2\/posts\/61044","targetHints":{"allow":["GET"]}}],"collection":[{"href":"https:\/\/elpajaritonews.com\/index.php?rest_route=\/wp\/v2\/posts"}],"about":[{"href":"https:\/\/elpajaritonews.com\/index.php?rest_route=\/wp\/v2\/types\/post"}],"author":[{"embeddable":true,"href":"https:\/\/elpajaritonews.com\/index.php?rest_route=\/wp\/v2\/users\/2"}],"replies":[{"embeddable":true,"href":"https:\/\/elpajaritonews.com\/index.php?rest_route=%2Fwp%2Fv2%2Fcomments&post=61044"}],"version-history":[{"count":1,"href":"https:\/\/elpajaritonews.com\/index.php?rest_route=\/wp\/v2\/posts\/61044\/revisions"}],"predecessor-version":[{"id":61046,"href":"https:\/\/elpajaritonews.com\/index.php?rest_route=\/wp\/v2\/posts\/61044\/revisions\/61046"}],"wp:featuredmedia":[{"embeddable":true,"href":"https:\/\/elpajaritonews.com\/index.php?rest_route=\/wp\/v2\/media\/61045"}],"wp:attachment":[{"href":"https:\/\/elpajaritonews.com\/index.php?rest_route=%2Fwp%2Fv2%2Fmedia&parent=61044"}],"wp:term":[{"taxonomy":"category","embeddable":true,"href":"https:\/\/elpajaritonews.com\/index.php?rest_route=%2Fwp%2Fv2%2Fcategories&post=61044"},{"taxonomy":"post_tag","embeddable":true,"href":"https:\/\/elpajaritonews.com\/index.php?rest_route=%2Fwp%2Fv2%2Ftags&post=61044"}],"curies":[{"name":"wp","href":"https:\/\/api.w.org\/{rel}","templated":true}]}}