{"id":61047,"date":"2024-08-01T15:03:11","date_gmt":"2024-08-01T22:03:11","guid":{"rendered":"https:\/\/elpajaritonews.com\/?p=61047"},"modified":"2024-08-01T15:03:13","modified_gmt":"2024-08-01T22:03:13","slug":"zaldivar-a-la-coordinacion-de-politica-y-gobierno-anuncia-sheinbaum","status":"publish","type":"post","link":"https:\/\/elpajaritonews.com\/?p=61047","title":{"rendered":"ZALD\u00cdVAR, A LA COORDINACI\u00d3N DE POL\u00cdTICA Y GOBIERNO, ANUNCIA SHEINBAUM"},"content":{"rendered":"\n<p class=\"wp-block-paragraph\">La virtual presidenta electa, Claudia Sheinbaum, nombr\u00f3 este jueves como parte de su equipo al ministro en retiro Arturo Zald\u00edvar, quien ser\u00e1 coordinador de Pol\u00edtica y Gobierno, as\u00ed como a Leticia Ram\u00edrez, actual secretaria de Educaci\u00f3n P\u00fablica, quien ser\u00e1 coordinadora general de Asuntos Intergubernamentales y Participaci\u00f3n Social.<\/p>\n\n\n\n<p class=\"wp-block-paragraph\">En conferencia de prensa en su casa de transici\u00f3n, tambi\u00e9n acudi\u00f3 Carlos Augusto Morales, quien la semana pasada Sheinbaum Pardo ratific\u00f3 como su secretario particular.<\/p>\n\n\n\n<p class=\"wp-block-paragraph\">La pr\u00f3xima mandataria apunt\u00f3 que quedar\u00e1n pendiente de anunciar a los titulares de la Coordinaci\u00f3n de Asesores, y de la Coordinaci\u00f3n de Comunicaci\u00f3n Social que est\u00e1 por presentarse.<\/p>\n\n\n\n<p class=\"wp-block-paragraph\">Sobre el nombramiento de Zald\u00edvar, detall\u00f3 que dar\u00e1 seguimiento a las reformas constitucionales, particularmente a la del Poder Judicial.<\/p>\n\n\n\n<p class=\"wp-block-paragraph\">Al tomar el micr\u00f3fono, el ministro en retiro expres\u00f3 que el nombramiento \u201cme honra, me emociona y me compromete. Es para m\u00ed un privilegio de vida poder acompa\u00f1ar como parte de su equipo a la primera presidenta de M\u00e9xico\u201d.<\/p>\n\n\n\n<p class=\"wp-block-paragraph\">Explic\u00f3 que se coordinar\u00e1 con el pr\u00f3ximo jefe de Oficia de la Presidencia, con la secretaria de Gobernaci\u00f3n y la consejera Jur\u00eddica de la Presidencia para dar seguimiento a la serie de reformas constitucionales, \u201cparticularmente a la reforma judicial que requiere un seguimiento muy intenso\u201d.<\/p>\n\n\n\n<p class=\"wp-block-paragraph\">En tanto, Leticia Ram\u00edrez, quien fue titular de Atenci\u00f3n Ciudadana al inicio del gobierno del gobierno del presidente Andr\u00e9s Manuel L\u00f3pez Obrador, se\u00f1al\u00f3 que su funci\u00f3n ser\u00e1 trabajar en equipo, coordinada con el jefe de la Oficia de Presidencia y apoyar a la Presidenta en todos los temas de ayudant\u00eda y \u201cel contacto con el pueblo, la atenci\u00f3n a los ciudadanos\u201d.<\/p>\n\n\n\n<p class=\"wp-block-paragraph\">A la vez, agradeci\u00f3 al presidente L\u00f3pez Obrador quien, dijo, le ha ense\u00f1ado \u201cque cuando se trabaja por el bien del pueblo, ninguna tarea es imposible\u201d.<\/p>\n\n\n\n<figure class=\"wp-block-embed is-type-video is-provider-youtube wp-block-embed-youtube wp-embed-aspect-16-9 wp-has-aspect-ratio\"><div class=\"wp-block-embed__wrapper\">\n<iframe loading=\"lazy\" title=\"Presentaci\u00f3n de integrantes del Gabinete Ampliado\" width=\"640\" height=\"360\" src=\"https:\/\/www.youtube.com\/embed\/gAHMlnB7TLo?feature=oembed\" frameborder=\"0\" allow=\"accelerometer; autoplay; clipboard-write; encrypted-media; gyroscope; picture-in-picture; web-share\" referrerpolicy=\"strict-origin-when-cross-origin\" allowfullscreen><\/iframe>\n<\/div><\/figure>\n","protected":false},"excerpt":{"rendered":"<p>La virtual presidenta electa, Claudia Sheinbaum, nombr\u00f3 este jueves como parte de su equipo al ministro en retiro Arturo Zald\u00edvar, quien ser\u00e1 coordinador de Pol\u00edtica y Gobierno, as\u00ed como a Leticia Ram\u00edrez, actual secretaria de Educaci\u00f3n P\u00fablica, quien ser\u00e1 coordinadora general de Asuntos Intergubernamentales y Participaci\u00f3n Social. En conferencia de prensa en su casa de&#8230;<\/p>\n","protected":false},"author":2,"featured_media":61048,"comment_status":"closed","ping_status":"closed","sticky":false,"template":"","format":"standard","meta":{"_crdt_document":"","_exactmetrics_skip_tracking":false,"_exactmetrics_sitenote_active":false,"_exactmetrics_sitenote_note":"","_exactmetrics_sitenote_category":0,"footnotes":""},"categories":[23,82,31,27,69],"tags":[71,79,72,28,29,30],"class_list":["post-61047","post","type-post","status-publish","format-standard","has-post-thumbnail","hentry","category-mexico","category-poder-judicial","category-politica","category-sonora","category-ultimas-noticias","tag-alfonso-durazo","tag-andres-manuel-lopez-obrador","tag-claudia-sheinbaum","tag-nogales","tag-nogales-la-gran-frontera","tag-sonora-tierra-de-oportunidades"],"_links":{"self":[{"href":"https:\/\/elpajaritonews.com\/index.php?rest_route=\/wp\/v2\/posts\/61047","targetHints":{"allow":["GET"]}}],"collection":[{"href":"https:\/\/elpajaritonews.com\/index.php?rest_route=\/wp\/v2\/posts"}],"about":[{"href":"https:\/\/elpajaritonews.com\/index.php?rest_route=\/wp\/v2\/types\/post"}],"author":[{"embeddable":true,"href":"https:\/\/elpajaritonews.com\/index.php?rest_route=\/wp\/v2\/users\/2"}],"replies":[{"embeddable":true,"href":"https:\/\/elpajaritonews.com\/index.php?rest_route=%2Fwp%2Fv2%2Fcomments&post=61047"}],"version-history":[{"count":1,"href":"https:\/\/elpajaritonews.com\/index.php?rest_route=\/wp\/v2\/posts\/61047\/revisions"}],"predecessor-version":[{"id":61049,"href":"https:\/\/elpajaritonews.com\/index.php?rest_route=\/wp\/v2\/posts\/61047\/revisions\/61049"}],"wp:featuredmedia":[{"embeddable":true,"href":"https:\/\/elpajaritonews.com\/index.php?rest_route=\/wp\/v2\/media\/61048"}],"wp:attachment":[{"href":"https:\/\/elpajaritonews.com\/index.php?rest_route=%2Fwp%2Fv2%2Fmedia&parent=61047"}],"wp:term":[{"taxonomy":"category","embeddable":true,"href":"https:\/\/elpajaritonews.com\/index.php?rest_route=%2Fwp%2Fv2%2Fcategories&post=61047"},{"taxonomy":"post_tag","embeddable":true,"href":"https:\/\/elpajaritonews.com\/index.php?rest_route=%2Fwp%2Fv2%2Ftags&post=61047"}],"curies":[{"name":"wp","href":"https:\/\/api.w.org\/{rel}","templated":true}]}}