{"id":61053,"date":"2024-08-01T18:38:54","date_gmt":"2024-08-02T01:38:54","guid":{"rendered":"https:\/\/elpajaritonews.com\/?p=61053"},"modified":"2024-08-01T18:38:56","modified_gmt":"2024-08-02T01:38:56","slug":"anuncia-gobernador-durazo-dos-nuevas-rutas-aereas-para-fortalecer-actividad-turistica-en-sonora","status":"publish","type":"post","link":"https:\/\/elpajaritonews.com\/?p=61053","title":{"rendered":"ANUNCIA GOBERNADOR DURAZO DOS NUEVAS RUTAS A\u00c9REAS PARA FORTALECER ACTIVIDAD TUR\u00cdSTICA EN SONORA"},"content":{"rendered":"\n<p class=\"wp-block-paragraph\">Entrar\u00e1n en operaci\u00f3n a partir de noviembre de este a\u00f1o desde Ciudad Obreg\u00f3n. Para el fortalecimiento de la actividad tur\u00edstica en el sur de Sonora, el gobernador Alfonso Durazo Monta\u00f1o dio a conocer dos nuevas rutas a\u00e9reas que partir\u00e1n desde el aeropuerto de Ciudad Obreg\u00f3n (CEN), con destino a Monterrey y al AIFA en Ciudad de M\u00e9xico a partir de noviembre del presente a\u00f1o.<\/p>\n\n\n\n<p class=\"wp-block-paragraph\">El mandatario estatal mencion\u00f3 que se est\u00e1 trabajando conjuntamente con las aerol\u00edneas para incrementar la conectividad en la entidad, y que a trav\u00e9s del turismo se genere una importante derrama econ\u00f3mica en beneficio de las familias sonorenses.<\/p>\n\n\n\n<p class=\"wp-block-paragraph\">\u201cDos nuevos vuelos, uno de ellos desde Ciudad Obreg\u00f3n a Monterrey a partir del 4 de noviembre iniciamos este vuelo con Volaris; y tenemos un nuevo vuelo de Obreg\u00f3n al AIFA a trav\u00e9s de Viva Aerobus\u201d, indic\u00f3.<\/p>\n\n\n\n<p class=\"wp-block-paragraph\">Ser\u00e1n dos vuelos de diferentes aerol\u00edneas nacionales las que estar\u00e1n operando, la primera de Ciudad Oreg\u00f3n (CEN) a Monterrey (MTY) \u2013 Monterrey a Ciudad Obreg\u00f3n (CEN), por parte de la aerol\u00ednea Volaris, con salidas los lunes, mi\u00e9rcoles y viernes.<\/p>\n\n\n\n<p class=\"wp-block-paragraph\">Y la segunda de la aerol\u00ednea Viva Aerob\u00fas, Ciudad Obreg\u00f3n (CEN) al Aeropuerto Internacional Felipe \u00c1ngeles y viceversa, con una frecuencia de tres veces por semana.<\/p>\n\n\n\n<p class=\"wp-block-paragraph\">Estos vuelos iniciaron ya su venta en el mes de julio, y se espera que los primeros viajes salgan el 3 y 4 de noviembre del presente a\u00f1o.<\/p>\n\n\n\n<p class=\"wp-block-paragraph\">Actualmente existe conectividad a\u00e9rea desde Hermosillo hacia Ciudad de M\u00e9xico, Guadalajara, Tijuana, Canc\u00fan, Le\u00f3n, Monterrey, Los Cabos, Phoenix (Arizona), Chihuahua, La Paz, Quer\u00e9taro, Mexicali y Torre\u00f3n.<\/p>\n\n\n\n<p class=\"wp-block-paragraph\">Desde Guaymas hay conectividad con Loreto y Guerrero Negro, en tanto que de Ciudad Obreg\u00f3n hay vuelos a Ciudad de M\u00e9xico, Guadalajara, Tijuana, Monterrey y Los Cabos<\/p>\n","protected":false},"excerpt":{"rendered":"<p>Entrar\u00e1n en operaci\u00f3n a partir de noviembre de este a\u00f1o desde Ciudad Obreg\u00f3n. Para el fortalecimiento de la actividad tur\u00edstica en el sur de Sonora, el gobernador Alfonso Durazo Monta\u00f1o dio a conocer dos nuevas rutas a\u00e9reas que partir\u00e1n desde el aeropuerto de Ciudad Obreg\u00f3n (CEN), con destino a Monterrey y al AIFA en Ciudad&#8230;<\/p>\n","protected":false},"author":2,"featured_media":61054,"comment_status":"closed","ping_status":"closed","sticky":false,"template":"","format":"standard","meta":{"_crdt_document":"","_exactmetrics_skip_tracking":false,"_exactmetrics_sitenote_active":false,"_exactmetrics_sitenote_note":"","_exactmetrics_sitenote_category":0,"footnotes":""},"categories":[31,27,84,69],"tags":[71,79,72,74,28,29,30],"class_list":["post-61053","post","type-post","status-publish","format-standard","has-post-thumbnail","hentry","category-politica","category-sonora","category-turismo","category-ultimas-noticias","tag-alfonso-durazo","tag-andres-manuel-lopez-obrador","tag-claudia-sheinbaum","tag-hermosillo","tag-nogales","tag-nogales-la-gran-frontera","tag-sonora-tierra-de-oportunidades"],"_links":{"self":[{"href":"https:\/\/elpajaritonews.com\/index.php?rest_route=\/wp\/v2\/posts\/61053","targetHints":{"allow":["GET"]}}],"collection":[{"href":"https:\/\/elpajaritonews.com\/index.php?rest_route=\/wp\/v2\/posts"}],"about":[{"href":"https:\/\/elpajaritonews.com\/index.php?rest_route=\/wp\/v2\/types\/post"}],"author":[{"embeddable":true,"href":"https:\/\/elpajaritonews.com\/index.php?rest_route=\/wp\/v2\/users\/2"}],"replies":[{"embeddable":true,"href":"https:\/\/elpajaritonews.com\/index.php?rest_route=%2Fwp%2Fv2%2Fcomments&post=61053"}],"version-history":[{"count":1,"href":"https:\/\/elpajaritonews.com\/index.php?rest_route=\/wp\/v2\/posts\/61053\/revisions"}],"predecessor-version":[{"id":61055,"href":"https:\/\/elpajaritonews.com\/index.php?rest_route=\/wp\/v2\/posts\/61053\/revisions\/61055"}],"wp:featuredmedia":[{"embeddable":true,"href":"https:\/\/elpajaritonews.com\/index.php?rest_route=\/wp\/v2\/media\/61054"}],"wp:attachment":[{"href":"https:\/\/elpajaritonews.com\/index.php?rest_route=%2Fwp%2Fv2%2Fmedia&parent=61053"}],"wp:term":[{"taxonomy":"category","embeddable":true,"href":"https:\/\/elpajaritonews.com\/index.php?rest_route=%2Fwp%2Fv2%2Fcategories&post=61053"},{"taxonomy":"post_tag","embeddable":true,"href":"https:\/\/elpajaritonews.com\/index.php?rest_route=%2Fwp%2Fv2%2Ftags&post=61053"}],"curies":[{"name":"wp","href":"https:\/\/api.w.org\/{rel}","templated":true}]}}