{"id":61093,"date":"2024-08-06T19:24:01","date_gmt":"2024-08-07T02:24:01","guid":{"rendered":"https:\/\/elpajaritonews.com\/?p=61093"},"modified":"2024-08-06T19:24:03","modified_gmt":"2024-08-07T02:24:03","slug":"creamos-tres-nuevas-rutas-aereas-para-potenciar-conectividad-en-ciudad-obregon-alfonso-durazo","status":"publish","type":"post","link":"https:\/\/elpajaritonews.com\/?p=61093","title":{"rendered":"CREAMOS TRES NUEVAS RUTAS A\u00c9REAS PARA POTENCIAR CONECTIVIDAD EN CIUDAD OBREG\u00d3N: ALFONSO DURAZO"},"content":{"rendered":"\n<p class=\"wp-block-paragraph\">Con la llegada de la nueva ruta a\u00e9rea Ciudad Obreg\u00f3n-Guadalajara, suman tres nuevos vuelos que van a conectar el sur de Sonora, resultado de la estrategia de conectividad que fortalece el turismo en el estado y la econom\u00eda de las familias sonorenses, anunci\u00f3 el gobernador Alfonso Durazo Monta\u00f1o.<\/p>\n\n\n\n<p class=\"wp-block-paragraph\">El mandatario estatal indic\u00f3 que esta nueva ruta de la aerol\u00ednea Viva Aerob\u00fas, iniciar\u00e1 funciones a partir del 2 de diciembre de este a\u00f1o con frecuencias los d\u00edas lunes, mi\u00e9rcoles y viernes.<\/p>\n\n\n\n<figure class=\"wp-block-image size-large\"><img loading=\"lazy\" decoding=\"async\" width=\"1024\" height=\"682\" src=\"https:\/\/elpajaritonews.com\/wp-content\/uploads\/2024\/08\/8f999993-aa01-494e-997c-c1d922d7f9de-1024x682.jpg\" alt=\"\" class=\"wp-image-61095\" srcset=\"https:\/\/elpajaritonews.com\/wp-content\/uploads\/2024\/08\/8f999993-aa01-494e-997c-c1d922d7f9de-1024x682.jpg 1024w, https:\/\/elpajaritonews.com\/wp-content\/uploads\/2024\/08\/8f999993-aa01-494e-997c-c1d922d7f9de-300x200.jpg 300w, https:\/\/elpajaritonews.com\/wp-content\/uploads\/2024\/08\/8f999993-aa01-494e-997c-c1d922d7f9de-768x512.jpg 768w, https:\/\/elpajaritonews.com\/wp-content\/uploads\/2024\/08\/8f999993-aa01-494e-997c-c1d922d7f9de-600x400.jpg 600w, https:\/\/elpajaritonews.com\/wp-content\/uploads\/2024\/08\/8f999993-aa01-494e-997c-c1d922d7f9de.jpg 1280w\" sizes=\"auto, (max-width: 1024px) 100vw, 1024px\" \/><\/figure>\n\n\n\n<p class=\"wp-block-paragraph\">Record\u00f3 que el vuelo Obreg\u00f3n-Guadalajara, se suma a las rutas a\u00e9reas anunciadas hace unos d\u00edas, Ciudad Obreg\u00f3n-Monterrey, que iniciar\u00e1 operaciones con la aerol\u00ednea Volaris a partir del 4 de noviembre y Ciudad Obreg\u00f3n- Aeropuerto Internacional Felipe \u00c1ngeles (AIFA) con Viva Aerob\u00fas a partir del 3 de noviembre, por lo que en total ser\u00e1n tres nuevos vuelos que saldr\u00e1n de Sonora a diferentes destinos tur\u00edsticos.<\/p>\n\n\n\n<p class=\"wp-block-paragraph\">\u201cEstamos muy contentos porque gracias a la estrategia de conectividad que fortalece el turismo en nuestro estado, tenemos tres nuevas rutas a\u00e9reas que van a conectar el sur de Sonora en beneficio de la econom\u00eda de las familias sonorenses\u201d, expres\u00f3.<\/p>\n\n\n\n<p class=\"wp-block-paragraph\">En el sector turismo es el momento de Sonora, destac\u00f3 el gobernador Durazo Monta\u00f1o, por lo que se contin\u00faa el impulso de la entidad en el mapa nacional e internacional como un destino tur\u00edstico extraordinario, atrayendo as\u00ed mayor derrama econ\u00f3mica en beneficio de las y los sonorenses.<\/p>\n\n\n\n<p class=\"wp-block-paragraph\">El Gobierno de Sonora trabaja cordialmente con aerol\u00edneas a fin de incrementar la conectividad en la entidad.<br><br><\/p>\n","protected":false},"excerpt":{"rendered":"<p>Con la llegada de la nueva ruta a\u00e9rea Ciudad Obreg\u00f3n-Guadalajara, suman tres nuevos vuelos que van a conectar el sur de Sonora, resultado de la estrategia de conectividad que fortalece el turismo en el estado y la econom\u00eda de las familias sonorenses, anunci\u00f3 el gobernador Alfonso Durazo Monta\u00f1o. El mandatario estatal indic\u00f3 que esta nueva&#8230;<\/p>\n","protected":false},"author":2,"featured_media":61094,"comment_status":"closed","ping_status":"closed","sticky":false,"template":"","format":"standard","meta":{"_crdt_document":"","_exactmetrics_skip_tracking":false,"_exactmetrics_sitenote_active":false,"_exactmetrics_sitenote_note":"","_exactmetrics_sitenote_category":0,"footnotes":""},"categories":[36,26,31,27,84],"tags":[71,79,72,73,74,28,29,75,30],"class_list":["post-61093","post","type-post","status-publish","format-standard","has-post-thumbnail","hentry","category-economia","category-local","category-politica","category-sonora","category-turismo","tag-alfonso-durazo","tag-andres-manuel-lopez-obrador","tag-claudia-sheinbaum","tag-congreso-del-estado-de-sonora","tag-hermosillo","tag-nogales","tag-nogales-la-gran-frontera","tag-seguridad-publica","tag-sonora-tierra-de-oportunidades"],"_links":{"self":[{"href":"https:\/\/elpajaritonews.com\/index.php?rest_route=\/wp\/v2\/posts\/61093","targetHints":{"allow":["GET"]}}],"collection":[{"href":"https:\/\/elpajaritonews.com\/index.php?rest_route=\/wp\/v2\/posts"}],"about":[{"href":"https:\/\/elpajaritonews.com\/index.php?rest_route=\/wp\/v2\/types\/post"}],"author":[{"embeddable":true,"href":"https:\/\/elpajaritonews.com\/index.php?rest_route=\/wp\/v2\/users\/2"}],"replies":[{"embeddable":true,"href":"https:\/\/elpajaritonews.com\/index.php?rest_route=%2Fwp%2Fv2%2Fcomments&post=61093"}],"version-history":[{"count":1,"href":"https:\/\/elpajaritonews.com\/index.php?rest_route=\/wp\/v2\/posts\/61093\/revisions"}],"predecessor-version":[{"id":61096,"href":"https:\/\/elpajaritonews.com\/index.php?rest_route=\/wp\/v2\/posts\/61093\/revisions\/61096"}],"wp:featuredmedia":[{"embeddable":true,"href":"https:\/\/elpajaritonews.com\/index.php?rest_route=\/wp\/v2\/media\/61094"}],"wp:attachment":[{"href":"https:\/\/elpajaritonews.com\/index.php?rest_route=%2Fwp%2Fv2%2Fmedia&parent=61093"}],"wp:term":[{"taxonomy":"category","embeddable":true,"href":"https:\/\/elpajaritonews.com\/index.php?rest_route=%2Fwp%2Fv2%2Fcategories&post=61093"},{"taxonomy":"post_tag","embeddable":true,"href":"https:\/\/elpajaritonews.com\/index.php?rest_route=%2Fwp%2Fv2%2Ftags&post=61093"}],"curies":[{"name":"wp","href":"https:\/\/api.w.org\/{rel}","templated":true}]}}