{"id":61101,"date":"2024-08-07T09:40:32","date_gmt":"2024-08-07T16:40:32","guid":{"rendered":"https:\/\/elpajaritonews.com\/?p=61101"},"modified":"2024-08-07T09:41:55","modified_gmt":"2024-08-07T16:41:55","slug":"humanista-campana-de-reciclaje-de-cultura-verde-y-uuh","status":"publish","type":"post","link":"https:\/\/elpajaritonews.com\/?p=61101","title":{"rendered":"HUMANISTA, CAMPA\u00d1A DE RECICLAJE DE CULTURA VERDE Y UUH"},"content":{"rendered":"\n<p class=\"wp-block-paragraph\">Alejandro Matty Ortega\/Irreverente Noticias y Pajarito News<\/p>\n\n\n\n<p class=\"wp-block-paragraph\">Humanista, es la campa\u00f1a de reciclaje de Cultura Verde y la Uni\u00f3n de Usuarios de Hermosillo (UUH).<\/p>\n\n\n\n<p class=\"wp-block-paragraph\">En entrevista para IRREVERENTE NOTICIAS y PAJARITO NEWS, Ignacio Peinado Luna destac\u00f3 las bondades de \u00abUnidos por una Comunidad Sustentable\u00bb con m\u00e1s de 7 toneladas de material reciclable recolectados en Hermosillo.<\/p>\n\n\n\n<p class=\"wp-block-paragraph\">El l\u00edder de la Uni\u00f3n de Usuarios de Hermosillo apunt\u00f3 que esta acci\u00f3n busca dos objetivos principales:<\/p>\n\n\n\n<p class=\"wp-block-paragraph\">\u00abSanear y limpiar el medio ambiente y brindar apoyo a migrantes, personas en condici\u00f3n de calle y ni\u00f1os enfermos\u00bb de la capital de Sonora.<\/p>\n\n\n\n<p class=\"wp-block-paragraph\">Esta campa\u00f1a humanista de reciclaje que lleva un mes y una semana, \u00abse traduce en 390 mil litros de agua ahorrados, 68 \u00e1rboles salvados\u00bb.<\/p>\n\n\n\n<p class=\"wp-block-paragraph\">Peinado Luna agreg\u00f3 que \u00abcon los libros y cuadernos recolectados se obtuvieron 2 mil 398 pesos para un comedor humanitario\u00bb.<\/p>\n\n\n\n<p class=\"wp-block-paragraph\">Expres\u00f3 que \u00abeste lugar brinda alimento a personas migrantes y sin techo en Hermosillo\u00bb.<\/p>\n\n\n\n<p class=\"wp-block-paragraph\">Adem\u00e1s, \u00abcon las tapitas, pl\u00e1stico, el aluminio y cart\u00f3n que se entregan en la sede de la Uni\u00f3n de Usuarios, se logr\u00f3 apoyar a ni\u00f1os enfermos\u00bb.<\/p>\n\n\n\n<p class=\"wp-block-paragraph\">Con vocaci\u00f3n de servicio, dijo, \u00abestamos comprometidos y apoyando con nuestro granito de arena a estas ni\u00f1as y ni\u00f1os que a diario luchan contra la enfermedad\u00bb.<\/p>\n\n\n\n<p class=\"wp-block-paragraph\">Nacho Peinado expres\u00f3 que \u00abla Uni\u00f3n de Usuarios de Hermosillo junto a Cultura Verde busca marcar la diferencia y con el apoyo de la gente lograr una comunidad sustentable\u00bb.<\/p>\n\n\n\n<p class=\"wp-block-paragraph\">Si usted desea sumarse a esta noble y humana campa\u00f1a de reciclaje, puede llevar su material a las oficinas de la Uni\u00f3n de Usuarios de Hermosillo, ubicadas en calle Ju\u00e1rez y Chihuahua esquina, en el Centro de la capital de Sonora.<\/p>\n","protected":false},"excerpt":{"rendered":"<p>Alejandro Matty Ortega\/Irreverente Noticias y Pajarito News Humanista, es la campa\u00f1a de reciclaje de Cultura Verde y la Uni\u00f3n de Usuarios de Hermosillo (UUH). En entrevista para IRREVERENTE NOTICIAS y PAJARITO NEWS, Ignacio Peinado Luna destac\u00f3 las bondades de \u00abUnidos por una Comunidad Sustentable\u00bb con m\u00e1s de 7 toneladas de material reciclable recolectados en Hermosillo&#8230;.<\/p>\n","protected":false},"author":2,"featured_media":61102,"comment_status":"closed","ping_status":"closed","sticky":false,"template":"","format":"standard","meta":{"_crdt_document":"","_exactmetrics_skip_tracking":false,"_exactmetrics_sitenote_active":false,"_exactmetrics_sitenote_note":"","_exactmetrics_sitenote_category":0,"footnotes":""},"categories":[26,37,31,27,69],"tags":[71,79,72,74,76,28,29,30],"class_list":["post-61101","post","type-post","status-publish","format-standard","has-post-thumbnail","hentry","category-local","category-medio-ambiente","category-politica","category-sonora","category-ultimas-noticias","tag-alfonso-durazo","tag-andres-manuel-lopez-obrador","tag-claudia-sheinbaum","tag-hermosillo","tag-medio-ambiente","tag-nogales","tag-nogales-la-gran-frontera","tag-sonora-tierra-de-oportunidades"],"_links":{"self":[{"href":"https:\/\/elpajaritonews.com\/index.php?rest_route=\/wp\/v2\/posts\/61101","targetHints":{"allow":["GET"]}}],"collection":[{"href":"https:\/\/elpajaritonews.com\/index.php?rest_route=\/wp\/v2\/posts"}],"about":[{"href":"https:\/\/elpajaritonews.com\/index.php?rest_route=\/wp\/v2\/types\/post"}],"author":[{"embeddable":true,"href":"https:\/\/elpajaritonews.com\/index.php?rest_route=\/wp\/v2\/users\/2"}],"replies":[{"embeddable":true,"href":"https:\/\/elpajaritonews.com\/index.php?rest_route=%2Fwp%2Fv2%2Fcomments&post=61101"}],"version-history":[{"count":2,"href":"https:\/\/elpajaritonews.com\/index.php?rest_route=\/wp\/v2\/posts\/61101\/revisions"}],"predecessor-version":[{"id":61104,"href":"https:\/\/elpajaritonews.com\/index.php?rest_route=\/wp\/v2\/posts\/61101\/revisions\/61104"}],"wp:featuredmedia":[{"embeddable":true,"href":"https:\/\/elpajaritonews.com\/index.php?rest_route=\/wp\/v2\/media\/61102"}],"wp:attachment":[{"href":"https:\/\/elpajaritonews.com\/index.php?rest_route=%2Fwp%2Fv2%2Fmedia&parent=61101"}],"wp:term":[{"taxonomy":"category","embeddable":true,"href":"https:\/\/elpajaritonews.com\/index.php?rest_route=%2Fwp%2Fv2%2Fcategories&post=61101"},{"taxonomy":"post_tag","embeddable":true,"href":"https:\/\/elpajaritonews.com\/index.php?rest_route=%2Fwp%2Fv2%2Ftags&post=61101"}],"curies":[{"name":"wp","href":"https:\/\/api.w.org\/{rel}","templated":true}]}}