{"id":61204,"date":"2024-08-15T18:19:39","date_gmt":"2024-08-16T01:19:39","guid":{"rendered":"https:\/\/elpajaritonews.com\/?p=61204"},"modified":"2024-08-15T18:19:41","modified_gmt":"2024-08-16T01:19:41","slug":"sheinbaum-presidenta-electa-recibe-constancia-de-mayoria","status":"publish","type":"post","link":"https:\/\/elpajaritonews.com\/?p=61204","title":{"rendered":"SHEINBAUM, PRESIDENTA ELECTA; RECIBE CONSTANCIA DE MAYOR\u00cdA"},"content":{"rendered":"\n<p class=\"wp-block-paragraph\">El Tribunal Electoral del Poder Judicial de la Federaci\u00f3n (TEPJF) entreg\u00f3 la constancia de mayor\u00eda a Claudia Sheinbaum Pardo, con lo que oficialmente se convierte en la presidenta electa de M\u00e9xico y puede tomar protesta el primero de octubre como la primera mujer que asume este cargo en el pa\u00eds, adem\u00e1s de hacerlo con el m\u00e1s alto n\u00famero de votos en la historia.<\/p>\n\n\n\n<p class=\"wp-block-paragraph\">En nombre, de la paridad, la inclusi\u00f3n y la legalidad, la magistrada presidenta de la m\u00e1xima instancia electoral, M\u00f3nica Soto Fregoso, se\u00f1al\u00f3 que la llegada al Poder Ejecutivo de Sheinbaum Pardo \u201cle quita el velo al patriarcado\u201d y encarna el avance de las mujeres mexicanas en la vida p\u00fablica del pa\u00eds.<\/p>\n\n\n\n<p class=\"wp-block-paragraph\">En una sesi\u00f3n solemne, a la que asistieron invitados especiales, funcionarios del gabinete de la presidenta electa, as\u00ed como los ministros de la Suprema Corte de Justicia de la Naci\u00f3n y consejeros electorales del INE, la magistrada presidenta asever\u00f3 que este acto quedar\u00e1 registrado en la historia mexicana, porque \u201cse ha roto el techo de cristal\u201d.<\/p>\n\n\n\n<p class=\"wp-block-paragraph\">En un discurso de casi media hora, Soto Fregoso hizo un recuento del proceso electoral, lament\u00f3 los asesinatos de candidatos \u201ca quienes silenciaron sus muertes\u201d, pero se\u00f1al\u00f3 que ni estos hechos \u201copacan que Mexico tiene la primera mujer presidenta de la naci\u00f3n por voto ciudadano\u201d.<\/p>\n\n\n\n<p class=\"wp-block-paragraph\">\u201cM\u00e9xico ha roto el techo de cristal. Con esta sesi\u00f3n llegamos a la cuarta y ultima etapa del proceso electoral 2024, en la cual se har\u00e1 entrega de la constancia formal de mayor\u00eda a Claudia Sheinbaum\u201d, se\u00f1al\u00f3 en un acto protocolario en el que resalt\u00f3 el papel de las mujeres en la vida p\u00fablica.<\/p>\n\n\n\n<p class=\"wp-block-paragraph\">En este sufragio, subray\u00f3, votaron mas mujeres y aunque la conformaci\u00f3n de la sala superior no pudo actuar en su totalidad, esto no impidi\u00f3 para cumplir \u201ca cabalidad en tiempo y forma para la declaraci\u00f3n de la validez\u201d.<\/p>\n\n\n\n<p class=\"wp-block-paragraph\">La magistrada resalt\u00f3 en su discurso la lucha de las mujeres, que tuvieron que pasar m\u00e1s de 100 a\u00f1os de la primera vez que las mujeres pidieron tener derecho al voto y que por ello, este tribunal juzg\u00f3 \u201ccon lentes violeta\u201d.<\/p>\n\n\n\n<p class=\"wp-block-paragraph\">Despu\u00e9s entreg\u00f3 la constancia y abraz\u00f3 efusivamente a la presidenta electa, quien tambi\u00e9n se mostr\u00f3 emocionada y al salir del sal\u00f3n del pleno no dud\u00f3 en tomarse unas selfies justamente con mujeres que laboran en el TEPJF, para despu\u00e9s pedirle la mano a su esposo y caminar hacia las lentes de las c\u00e1maras de los medios de comunicaci\u00f3n para mostrar su constancia acompa\u00f1ada de una sonrisa en la que dio cuenta de la emoci\u00f3n por ser la primera mujer presidenta de M\u00e9xico.<\/p>\n\n\n\n<figure class=\"wp-block-embed is-type-rich is-provider-twitter wp-block-embed-twitter\"><div class=\"wp-block-embed__wrapper\">\n<blockquote class=\"twitter-tweet\" data-width=\"550\" data-dnt=\"true\"><p lang=\"es\" dir=\"ltr\"><a href=\"https:\/\/twitter.com\/hashtag\/VideosLaJornada?src=hash&amp;ref_src=twsrc%5Etfw\">#VideosLaJornada<\/a> <a href=\"https:\/\/twitter.com\/Claudiashein?ref_src=twsrc%5Etfw\">@Claudiashein<\/a> muestra su constancia de mayor\u00eda que la acredita como Presidenta Electa de los Estados Unidos Mexicanos a su salida del <a href=\"https:\/\/twitter.com\/TEPJF_informa?ref_src=twsrc%5Etfw\">@TEPJF_informa<\/a> para dirigirse al Teatro Metropolitan, en la Ciudad de M\u00e9xico. <br><br>Video Fabiola Mart\u00ednez <a href=\"https:\/\/t.co\/E5YcfgC2cB\">pic.twitter.com\/E5YcfgC2cB<\/a><\/p>&mdash; La Jornada (@lajornadaonline) <a href=\"https:\/\/twitter.com\/lajornadaonline\/status\/1824166348185825762?ref_src=twsrc%5Etfw\">August 15, 2024<\/a><\/blockquote><script async src=\"https:\/\/platform.twitter.com\/widgets.js\" charset=\"utf-8\"><\/script>\n<\/div><\/figure>\n\n\n\n<p class=\"wp-block-paragraph\">La magistrada presidenta M\u00f3nica Soto dio la recepci\u00f3n al recinto a Sheinbaum Pardo quien lleg\u00f3 acompa\u00f1ada por su esposo Jes\u00fas Mar\u00eda Tarriba.<\/p>\n\n\n\n<p class=\"wp-block-paragraph\">A la ceremonia acudieron entre otros algunos integrantes de su gabinete como Marcelo Ebrard, Ernestina Godoy, Juan Ram\u00f3n de la Fuente, Mario Delgado, Rosa Icela Rodr\u00edguez,y L\u00e1zaro C\u00e1rdenas Batel, as\u00ed como invitados especiales como la Jefa de Gobierno de la Ciudad de M\u00e9xico electa, Clara Brugada, la escritora Elena Poniatowska, la ex senadora Jesusa Rodr\u00edguez, Ricardo Monreal, Gerardo Fern\u00e1ndez Noro\u00f1a y Manuel Velasco, ex aspirante a la candidatura presidencial por parte del Partido Verde.<\/p>\n\n\n\n<p class=\"wp-block-paragraph\">Tambi\u00e9n estuvieron presentes las ministras Yasm\u00edn Esquivel Mossa y la presidenta de la SCJN, Norma Luc\u00eda Pi\u00f1a, as\u00ed como la consejera presidenta del Instituto Nacional Electoral, Guadalupe Taddei.<\/p>\n\n\n\n<figure class=\"wp-block-embed is-type-video is-provider-youtube wp-block-embed-youtube wp-embed-aspect-16-9 wp-has-aspect-ratio\"><div class=\"wp-block-embed__wrapper\">\n<iframe loading=\"lazy\" title=\"Sesi\u00f3n solemne de la Sala Superior del Tribunal Electoral del Poder Judicial de la Federaci\u00f3n\" width=\"640\" height=\"360\" src=\"https:\/\/www.youtube.com\/embed\/w51qkZY9gsM?feature=oembed\" frameborder=\"0\" allow=\"accelerometer; autoplay; clipboard-write; encrypted-media; gyroscope; picture-in-picture; web-share\" referrerpolicy=\"strict-origin-when-cross-origin\" allowfullscreen><\/iframe>\n<\/div><\/figure>\n\n\n\n<p class=\"wp-block-paragraph\">Se tiene contemplado que Sheinbaum Pardo, quien fue candidata de la coalici\u00f3n Sigamos Haciendo Historia, tome posesi\u00f3n el 1 de octubre, para el periodo que culiminar\u00e1 el 30 de septiembre de 2030.<\/p>\n","protected":false},"excerpt":{"rendered":"<p>El Tribunal Electoral del Poder Judicial de la Federaci\u00f3n (TEPJF) entreg\u00f3 la constancia de mayor\u00eda a Claudia Sheinbaum Pardo, con lo que oficialmente se convierte en la presidenta electa de M\u00e9xico y puede tomar protesta el primero de octubre como la primera mujer que asume este cargo en el pa\u00eds, adem\u00e1s de hacerlo con el&#8230;<\/p>\n","protected":false},"author":2,"featured_media":61205,"comment_status":"closed","ping_status":"closed","sticky":false,"template":"","format":"standard","meta":{"_crdt_document":"","_exactmetrics_skip_tracking":false,"_exactmetrics_sitenote_active":false,"_exactmetrics_sitenote_note":"","_exactmetrics_sitenote_category":0,"footnotes":""},"categories":[35,22,88,26,37,23,38,24,19,82,31,32,1,27,84,69,65],"tags":[71,79,72,73,74,76,28,29,75,30],"class_list":["post-61204","post","type-post","status-publish","format-standard","has-post-thumbnail","hentry","category-elecciones-2024","category-escena","category-justicia","category-local","category-medio-ambiente","category-mexico","category-migracion","category-mundo","category-opinion","category-poder-judicial","category-politica","category-salud","category-seguridad","category-sonora","category-turismo","category-ultimas-noticias","category-videos","tag-alfonso-durazo","tag-andres-manuel-lopez-obrador","tag-claudia-sheinbaum","tag-congreso-del-estado-de-sonora","tag-hermosillo","tag-medio-ambiente","tag-nogales","tag-nogales-la-gran-frontera","tag-seguridad-publica","tag-sonora-tierra-de-oportunidades"],"_links":{"self":[{"href":"https:\/\/elpajaritonews.com\/index.php?rest_route=\/wp\/v2\/posts\/61204","targetHints":{"allow":["GET"]}}],"collection":[{"href":"https:\/\/elpajaritonews.com\/index.php?rest_route=\/wp\/v2\/posts"}],"about":[{"href":"https:\/\/elpajaritonews.com\/index.php?rest_route=\/wp\/v2\/types\/post"}],"author":[{"embeddable":true,"href":"https:\/\/elpajaritonews.com\/index.php?rest_route=\/wp\/v2\/users\/2"}],"replies":[{"embeddable":true,"href":"https:\/\/elpajaritonews.com\/index.php?rest_route=%2Fwp%2Fv2%2Fcomments&post=61204"}],"version-history":[{"count":1,"href":"https:\/\/elpajaritonews.com\/index.php?rest_route=\/wp\/v2\/posts\/61204\/revisions"}],"predecessor-version":[{"id":61206,"href":"https:\/\/elpajaritonews.com\/index.php?rest_route=\/wp\/v2\/posts\/61204\/revisions\/61206"}],"wp:featuredmedia":[{"embeddable":true,"href":"https:\/\/elpajaritonews.com\/index.php?rest_route=\/wp\/v2\/media\/61205"}],"wp:attachment":[{"href":"https:\/\/elpajaritonews.com\/index.php?rest_route=%2Fwp%2Fv2%2Fmedia&parent=61204"}],"wp:term":[{"taxonomy":"category","embeddable":true,"href":"https:\/\/elpajaritonews.com\/index.php?rest_route=%2Fwp%2Fv2%2Fcategories&post=61204"},{"taxonomy":"post_tag","embeddable":true,"href":"https:\/\/elpajaritonews.com\/index.php?rest_route=%2Fwp%2Fv2%2Ftags&post=61204"}],"curies":[{"name":"wp","href":"https:\/\/api.w.org\/{rel}","templated":true}]}}