{"id":61326,"date":"2024-08-20T21:03:01","date_gmt":"2024-08-21T04:03:01","guid":{"rendered":"https:\/\/elpajaritonews.com\/?p=61326"},"modified":"2024-08-20T21:03:03","modified_gmt":"2024-08-21T04:03:03","slug":"perfila-ine-aprobar-mayoria-de-morena-y-aliados-en-san-lazaro","status":"publish","type":"post","link":"https:\/\/elpajaritonews.com\/?p=61326","title":{"rendered":"PERFILA INE APROBAR MAYOR\u00cdA DE MORENA Y ALIADOS EN SAN L\u00c1ZARO"},"content":{"rendered":"\n<p class=\"wp-block-paragraph\">Al aplicar lo que se\u00f1ala la Constituci\u00f3n y las leyes, el Instituto Nacional Electoral (INE) perfila aprobar un proyecto que ratifica la holgura a Morena y aliados para aprobar reformas constitucionales en la C\u00e1mara de Diputados, al alcanzar 364 curules, no as\u00ed en el Senado, donde alcanzar\u00edan 83 esca\u00f1os, tres menos de los necesarios para refrendar cambios a la Carta Magna.<\/p>\n\n\n\n<p class=\"wp-block-paragraph\">As\u00ed lo establece el \u00abAnteproyecto de Acuerdo del Consejo General del INE por el que se efect\u00faa el c\u00f3mputo total, se declara la validez de la elecci\u00f3n de diputaciones por el principio de representaci\u00f3n proporcional y se asignan a los partidos pol\u00edticos nacionales las diputaciones que les corresponden para el periodo 2024-2024\u00bb.<\/p>\n\n\n\n<p class=\"wp-block-paragraph\">El documento &#8211; circulado entre consejer\u00edas- ser\u00e1 discutido ma\u00f1ana mi\u00e9rcoles 21 de agosto en la Comisi\u00f3n de Prerrogativas y Partidos Pol\u00edticos; dos d\u00edas despu\u00e9s ser\u00e1 puesto a consideraci\u00f3n y votaci\u00f3n del consejo general.<\/p>\n\n\n\n<p class=\"wp-block-paragraph\">Con lo anterior se concluir\u00e1 el Proceso Electoral Federal 2023-2024. Si bien todas las resoluciones del INE pueden ser impugnadas ante el Tribunal Electoral del Poder Judicial de la Federaci\u00f3n (TEPJF), los partidos tendr\u00e1n un breve lapso para hacerlo y los magistrados apenas un par de d\u00edas para resolver, a fin de dejar las asignaciones en firme a m\u00e1s tardar el 28 de agosto, en la v\u00edspera de la inscripci\u00f3n de los nuevos legisladores a sus respectivas c\u00e1maras.<\/p>\n\n\n\n<p class=\"wp-block-paragraph\">El anteproyecto es extenso y se\u00f1ala cada uno de los pasos de an\u00e1lisis y aplicaci\u00f3n de f\u00f3rmulas y otros procedimientos tales como la verificaci\u00f3n de la afiliaci\u00f3n efectiva de cada candidato y las medidas para evitar la sobrerrepresentaci\u00f3n.<\/p>\n\n\n\n<p class=\"wp-block-paragraph\">Por ejemplo, Morena gan\u00f3 161 de los 300 distritos electorales en disputa y, al hacer la revisi\u00f3n de afiliaci\u00f3n efectiva, le sumar\u00edan 21, para un total de 182, pero con la aplicaci\u00f3n del principio de sobrerrepresentaci\u00f3n, el partido guinda queda con sus 161 originales m\u00e1s 75 plurinominales, lo que arroja una bancada de 236.<\/p>\n\n\n\n<p class=\"wp-block-paragraph\">A ello se sumar\u00eda \u2013 para fines de trabajo legislativo- los 77 del Partido Verde y los 51 del Partido del Trabajo, para hacer una gran bancada de 364 integrantes.<\/p>\n\n\n\n<p class=\"wp-block-paragraph\">En tanto, Movimiento Ciudadano \u2013 el \u00fanico que no compiti\u00f3 en coalici\u00f3n- quedar\u00eda con un grupo parlamentario de 27 diputados (uno de mayor\u00eda relativa o ganado en las urnas y 26 de representaci\u00f3n proporcional).<\/p>\n\n\n\n<p class=\"wp-block-paragraph\">En tanto, el PAN tendr\u00eda 72 (32 de mayor\u00eda relativa y 40 plurinominales); el PRI, 35 (nueve de mayor\u00eda relativa y 26 pluris), mientras que el PRD solo tendr\u00eda uno, por el distrito que gan\u00f3 en las urnas. A este \u00faltimo no le toca reparto porque pierde el registro, al no haber alcanzado el 3 por ciento de la votaci\u00f3n.<\/p>\n\n\n\n<p class=\"wp-block-paragraph\">La bancada de la oposici\u00f3n PRI-PAN-PRD ser\u00eda de 108 curules.<\/p>\n\n\n\n<p class=\"wp-block-paragraph\">Adicionalmente ingresar\u00e1 un diputado independiente, con lo que suman los 500 lugares de San L\u00e1zaro.<\/p>\n\n\n\n<figure class=\"wp-block-image size-full\"><img loading=\"lazy\" decoding=\"async\" width=\"873\" height=\"1024\" src=\"https:\/\/elpajaritonews.com\/wp-content\/uploads\/2024\/08\/perfila-ine-aprobar-mayoria-de-morena-y-aliados-en-san-lazaro-4213html-camara-1png-2622html-a0694c2a-35a4-4713-bc06-af7f64bbcdff.webp\" alt=\"\" class=\"wp-image-61328\" srcset=\"https:\/\/elpajaritonews.com\/wp-content\/uploads\/2024\/08\/perfila-ine-aprobar-mayoria-de-morena-y-aliados-en-san-lazaro-4213html-camara-1png-2622html-a0694c2a-35a4-4713-bc06-af7f64bbcdff.webp 873w, https:\/\/elpajaritonews.com\/wp-content\/uploads\/2024\/08\/perfila-ine-aprobar-mayoria-de-morena-y-aliados-en-san-lazaro-4213html-camara-1png-2622html-a0694c2a-35a4-4713-bc06-af7f64bbcdff-256x300.webp 256w, https:\/\/elpajaritonews.com\/wp-content\/uploads\/2024\/08\/perfila-ine-aprobar-mayoria-de-morena-y-aliados-en-san-lazaro-4213html-camara-1png-2622html-a0694c2a-35a4-4713-bc06-af7f64bbcdff-768x901.webp 768w\" sizes=\"auto, (max-width: 873px) 100vw, 873px\" \/><\/figure>\n\n\n\n<p class=\"wp-block-paragraph\">En tanto, en el Senado, el anteproyecto da 60 esca\u00f1os a Morena, incuidos aqu\u00ed los de mayor\u00eda relativa y representaci\u00f3n proporcional; 22 al PAN; 16 para el PRI, 14 para el PVEM, nueve para el PT, cinco para Movimiento Ciudadano y dos para el PRD.<\/p>\n\n\n\n<p class=\"wp-block-paragraph\">Es as\u00ed como el bloque Morena y aliados suman 83.<\/p>\n","protected":false},"excerpt":{"rendered":"<p>Al aplicar lo que se\u00f1ala la Constituci\u00f3n y las leyes, el Instituto Nacional Electoral (INE) perfila aprobar un proyecto que ratifica la holgura a Morena y aliados para aprobar reformas constitucionales en la C\u00e1mara de Diputados, al alcanzar 364 curules, no as\u00ed en el Senado, donde alcanzar\u00edan 83 esca\u00f1os, tres menos de los necesarios para&#8230;<\/p>\n","protected":false},"author":2,"featured_media":61327,"comment_status":"closed","ping_status":"closed","sticky":false,"template":"","format":"standard","meta":{"_crdt_document":"","_exactmetrics_skip_tracking":false,"_exactmetrics_sitenote_active":false,"_exactmetrics_sitenote_note":"","_exactmetrics_sitenote_category":0,"footnotes":""},"categories":[35,88,26,23,31,27,69],"tags":[71,79,72,73,74,28,29,75,30],"class_list":["post-61326","post","type-post","status-publish","format-standard","has-post-thumbnail","hentry","category-elecciones-2024","category-justicia","category-local","category-mexico","category-politica","category-sonora","category-ultimas-noticias","tag-alfonso-durazo","tag-andres-manuel-lopez-obrador","tag-claudia-sheinbaum","tag-congreso-del-estado-de-sonora","tag-hermosillo","tag-nogales","tag-nogales-la-gran-frontera","tag-seguridad-publica","tag-sonora-tierra-de-oportunidades"],"_links":{"self":[{"href":"https:\/\/elpajaritonews.com\/index.php?rest_route=\/wp\/v2\/posts\/61326","targetHints":{"allow":["GET"]}}],"collection":[{"href":"https:\/\/elpajaritonews.com\/index.php?rest_route=\/wp\/v2\/posts"}],"about":[{"href":"https:\/\/elpajaritonews.com\/index.php?rest_route=\/wp\/v2\/types\/post"}],"author":[{"embeddable":true,"href":"https:\/\/elpajaritonews.com\/index.php?rest_route=\/wp\/v2\/users\/2"}],"replies":[{"embeddable":true,"href":"https:\/\/elpajaritonews.com\/index.php?rest_route=%2Fwp%2Fv2%2Fcomments&post=61326"}],"version-history":[{"count":1,"href":"https:\/\/elpajaritonews.com\/index.php?rest_route=\/wp\/v2\/posts\/61326\/revisions"}],"predecessor-version":[{"id":61329,"href":"https:\/\/elpajaritonews.com\/index.php?rest_route=\/wp\/v2\/posts\/61326\/revisions\/61329"}],"wp:featuredmedia":[{"embeddable":true,"href":"https:\/\/elpajaritonews.com\/index.php?rest_route=\/wp\/v2\/media\/61327"}],"wp:attachment":[{"href":"https:\/\/elpajaritonews.com\/index.php?rest_route=%2Fwp%2Fv2%2Fmedia&parent=61326"}],"wp:term":[{"taxonomy":"category","embeddable":true,"href":"https:\/\/elpajaritonews.com\/index.php?rest_route=%2Fwp%2Fv2%2Fcategories&post=61326"},{"taxonomy":"post_tag","embeddable":true,"href":"https:\/\/elpajaritonews.com\/index.php?rest_route=%2Fwp%2Fv2%2Ftags&post=61326"}],"curies":[{"name":"wp","href":"https:\/\/api.w.org\/{rel}","templated":true}]}}