{"id":61338,"date":"2024-08-21T16:54:09","date_gmt":"2024-08-21T23:54:09","guid":{"rendered":"https:\/\/elpajaritonews.com\/?p=61338"},"modified":"2024-08-21T16:54:10","modified_gmt":"2024-08-21T23:54:10","slug":"presentan-iniciativa-sobre-desapariciones-y-rinde-protesta-diputada-en-el-congreso-de-sonora","status":"publish","type":"post","link":"https:\/\/elpajaritonews.com\/?p=61338","title":{"rendered":"PRESENTAN INICIATIVA SOBRE DESAPARICIONES Y RINDE PROTESTA DIPUTADA EN EL CONGRESO DE SONORA"},"content":{"rendered":"\n<p class=\"wp-block-paragraph\">La mesa directiva de la Diputaci\u00f3n Permanente del Congreso de Sonora llev\u00f3 a cabo su sesi\u00f3n ordinaria en la que se present\u00f3 una iniciativa para que se elabore un diagn\u00f3stico sobre las desapariciones de mujeres y ni\u00f1as en la entidad, y en la que tambi\u00e9n rindi\u00f3 protesta una diputada propietaria.<\/p>\n\n\n\n<p class=\"wp-block-paragraph\">La ciudadana Alma Delia Gil Nieblas sustituir\u00e1 temporalmente, por licencia, a la diputada Claudia Zulema Bours Corral (PVEM). Tom\u00f3 posesi\u00f3n ante la presidenta diputada Beatriz Cota Ponce (Nueva Alianza) y los diputados Iram Leobardo Sol\u00eds Garc\u00eda (Partido del Trabajo), secretario; Jos\u00e9 Rafael Ram\u00edrez Morales (Morena) y Pr\u00f3spero Valenzuela M\u00fa\u00f1er (Morena), suplentes.<\/p>\n\n\n\n<figure class=\"wp-block-image size-large\"><img loading=\"lazy\" decoding=\"async\" width=\"1024\" height=\"682\" src=\"https:\/\/elpajaritonews.com\/wp-content\/uploads\/2024\/08\/a18a53ba-3da1-47f6-a867-332255aca5ac-1024x682.jpg\" alt=\"\" class=\"wp-image-61340\" srcset=\"https:\/\/elpajaritonews.com\/wp-content\/uploads\/2024\/08\/a18a53ba-3da1-47f6-a867-332255aca5ac-1024x682.jpg 1024w, https:\/\/elpajaritonews.com\/wp-content\/uploads\/2024\/08\/a18a53ba-3da1-47f6-a867-332255aca5ac-300x200.jpg 300w, https:\/\/elpajaritonews.com\/wp-content\/uploads\/2024\/08\/a18a53ba-3da1-47f6-a867-332255aca5ac-768x512.jpg 768w, https:\/\/elpajaritonews.com\/wp-content\/uploads\/2024\/08\/a18a53ba-3da1-47f6-a867-332255aca5ac-1536x1023.jpg 1536w, https:\/\/elpajaritonews.com\/wp-content\/uploads\/2024\/08\/a18a53ba-3da1-47f6-a867-332255aca5ac-600x400.jpg 600w, https:\/\/elpajaritonews.com\/wp-content\/uploads\/2024\/08\/a18a53ba-3da1-47f6-a867-332255aca5ac.jpg 1600w\" sizes=\"auto, (max-width: 1024px) 100vw, 1024px\" \/><\/figure>\n\n\n\n<p class=\"wp-block-paragraph\">La iniciativa con exhorto, que est\u00e1 dirigida a la titular de la Vicefiscal\u00eda de Feminicidios y Delitos por raz\u00f3n de G\u00e9nero, dependiente de la Fiscal\u00eda General de Justicia del Estado (FGJE), y al titular de la Secretar\u00eda de Seguridad P\u00fablica del Estado de Sonora (SSP), fue presentada por la diputada Rosa Elena Trujillo Llanes (MC) y turnada para su estudio a la Comisi\u00f3n de Justicia y Derechos Humanos.<\/p>\n\n\n\n<p class=\"wp-block-paragraph\">En dicha iniciativa, y con base en la Alerta de Violencia de G\u00e9nero (AVG) emitida para Sonora en 2021, la legisladora solicit\u00f3 la elaboraci\u00f3n de un diagn\u00f3stico sobre el fen\u00f3meno de las desapariciones de mujeres y ni\u00f1as en la entidad, que considere patrones, zonas de mayor incidencia y riesgo para las mujeres, y su relaci\u00f3n con el crimen organizado, entre otras problem\u00e1ticas afines.<\/p>\n\n\n\n<figure class=\"wp-block-video\"><video height=\"1080\" style=\"aspect-ratio: 1920 \/ 1080;\" width=\"1920\" controls src=\"https:\/\/elpajaritonews.com\/wp-content\/uploads\/2024\/08\/WhatsApp-Video-2024-08-21-at-3.07.57-PM.mp4\"><\/video><\/figure>\n\n\n\n<p class=\"wp-block-paragraph\">La diputada Trujillo Llanes agreg\u00f3 que, adem\u00e1s de que las autoridades a\u00fan no han cumplido con la elaboraci\u00f3n de dicho diagn\u00f3stico mandatado por la AVG, existen discrepancias entre las cifras que reporta la Comisi\u00f3n Nacional de B\u00fasqueda de Personas Desaparecidas y los colectivos de madres buscadoras, lo cual no permite tener certeza de la dimensi\u00f3n de este problema.<\/p>\n","protected":false},"excerpt":{"rendered":"<p>La mesa directiva de la Diputaci\u00f3n Permanente del Congreso de Sonora llev\u00f3 a cabo su sesi\u00f3n ordinaria en la que se present\u00f3 una iniciativa para que se elabore un diagn\u00f3stico sobre las desapariciones de mujeres y ni\u00f1as en la entidad, y en la que tambi\u00e9n rindi\u00f3 protesta una diputada propietaria. La ciudadana Alma Delia Gil&#8230;<\/p>\n","protected":false},"author":2,"featured_media":61339,"comment_status":"closed","ping_status":"closed","sticky":false,"template":"","format":"standard","meta":{"_crdt_document":"","_exactmetrics_skip_tracking":false,"_exactmetrics_sitenote_active":false,"_exactmetrics_sitenote_note":"","_exactmetrics_sitenote_category":0,"footnotes":""},"categories":[20,80,88,1,27,69],"tags":[],"class_list":["post-61338","post","type-post","status-publish","format-standard","has-post-thumbnail","hentry","category-congreso","category-derechos-humanos","category-justicia","category-seguridad","category-sonora","category-ultimas-noticias"],"_links":{"self":[{"href":"https:\/\/elpajaritonews.com\/index.php?rest_route=\/wp\/v2\/posts\/61338","targetHints":{"allow":["GET"]}}],"collection":[{"href":"https:\/\/elpajaritonews.com\/index.php?rest_route=\/wp\/v2\/posts"}],"about":[{"href":"https:\/\/elpajaritonews.com\/index.php?rest_route=\/wp\/v2\/types\/post"}],"author":[{"embeddable":true,"href":"https:\/\/elpajaritonews.com\/index.php?rest_route=\/wp\/v2\/users\/2"}],"replies":[{"embeddable":true,"href":"https:\/\/elpajaritonews.com\/index.php?rest_route=%2Fwp%2Fv2%2Fcomments&post=61338"}],"version-history":[{"count":1,"href":"https:\/\/elpajaritonews.com\/index.php?rest_route=\/wp\/v2\/posts\/61338\/revisions"}],"predecessor-version":[{"id":61342,"href":"https:\/\/elpajaritonews.com\/index.php?rest_route=\/wp\/v2\/posts\/61338\/revisions\/61342"}],"wp:featuredmedia":[{"embeddable":true,"href":"https:\/\/elpajaritonews.com\/index.php?rest_route=\/wp\/v2\/media\/61339"}],"wp:attachment":[{"href":"https:\/\/elpajaritonews.com\/index.php?rest_route=%2Fwp%2Fv2%2Fmedia&parent=61338"}],"wp:term":[{"taxonomy":"category","embeddable":true,"href":"https:\/\/elpajaritonews.com\/index.php?rest_route=%2Fwp%2Fv2%2Fcategories&post=61338"},{"taxonomy":"post_tag","embeddable":true,"href":"https:\/\/elpajaritonews.com\/index.php?rest_route=%2Fwp%2Fv2%2Ftags&post=61338"}],"curies":[{"name":"wp","href":"https:\/\/api.w.org\/{rel}","templated":true}]}}