{"id":61381,"date":"2024-08-22T23:33:42","date_gmt":"2024-08-23T06:33:42","guid":{"rendered":"https:\/\/elpajaritonews.com\/?p=61381"},"modified":"2024-08-22T23:33:44","modified_gmt":"2024-08-23T06:33:44","slug":"tras-ganar-medalla-en-paris-2024-la-arquera-alejandra-valencia-denuncia-que-conade-le-redujo-su-beca","status":"publish","type":"post","link":"https:\/\/elpajaritonews.com\/?p=61381","title":{"rendered":"TRAS GANAR MEDALLA EN PAR\u00cdS 2024, LA ARQUERA ALEJANDRA VALENCIA DENUNCIA QUE CONADE LE REDUJO SU BECA"},"content":{"rendered":"\n<p class=\"wp-block-paragraph\">La arquera, previo a Par\u00eds 2024, recib\u00eda una beca de 46 mil pesos por la medalla de plata que obtuvo en el Campeonato Mundial de Berl\u00edn 2023, sin embargo, de acuerdo a las Reglas de Operaci\u00f3n de la Conade, ahora recibir\u00e1 36 mil mensuales.<\/p>\n\n\n\n<figure class=\"wp-block-image size-full\"><img loading=\"lazy\" decoding=\"async\" width=\"685\" height=\"385\" src=\"https:\/\/elpajaritonews.com\/wp-content\/uploads\/2024\/08\/f685x385-204223_241916_4737.jpg\" alt=\"\" class=\"wp-image-61383\" srcset=\"https:\/\/elpajaritonews.com\/wp-content\/uploads\/2024\/08\/f685x385-204223_241916_4737.jpg 685w, https:\/\/elpajaritonews.com\/wp-content\/uploads\/2024\/08\/f685x385-204223_241916_4737-300x169.jpg 300w\" sizes=\"auto, (max-width: 685px) 100vw, 685px\" \/><\/figure>\n\n\n\n<p class=\"wp-block-paragraph\">&nbsp;La doble medallista ol\u00edmpica Alejandra Valencia denunci\u00f3 en redes sociales que despu\u00e9s de conseguir el tercer lugar en tiro con arco por equipo femenil en los Juegos Ol\u00edmpicos de Par\u00eds 2024, la beca deportiva que le otorga la Comisi\u00f3n Nacional de Cultura F\u00edsica y Deporte (Conade) fue reducida.<\/p>\n\n\n\n<p class=\"wp-block-paragraph\">\u00abVine a firmar la documentaci\u00f3n de mi beca y me entero que por las reglas de operaci\u00f3n que rigen a la CONADE me bajaron mi beca despu\u00e9s de la medalla ol\u00edmpica. No, pues muchas gracias\u00bb, escribi\u00f3 en su cuenta de X, antes Twitter.<\/p>\n\n\n\n<figure class=\"wp-block-embed is-type-rich is-provider-twitter wp-block-embed-twitter\"><div class=\"wp-block-embed__wrapper\">\n<blockquote class=\"twitter-tweet\" data-width=\"550\" data-dnt=\"true\"><p lang=\"es\" dir=\"ltr\">Vine a firmar la documentaci\u00f3n de mi beca y me entero que por las reglas de operaci\u00f3n que rigen a <a href=\"https:\/\/twitter.com\/CONADE?ref_src=twsrc%5Etfw\">@CONADE<\/a> me bajaron mi beca despu\u00e9s de la medalla ol\u00edmpica.<br>No pues muchas gracias \ud83e\udd72<\/p>&mdash; alejandra valencia (@micozito) <a href=\"https:\/\/twitter.com\/micozito\/status\/1826678365002367137?ref_src=twsrc%5Etfw\">August 22, 2024<\/a><\/blockquote><script async src=\"https:\/\/platform.twitter.com\/widgets.js\" charset=\"utf-8\"><\/script>\n<\/div><\/figure>\n\n\n\n<p class=\"wp-block-paragraph\">La arquera, previo a Par\u00eds 2024, recib\u00eda una beca de 46 mil pesos por la medalla de plata que obtuvo en el Campeonato Mundial de Berl\u00edn 2023, sin embargo, de acuerdo a las Reglas de Operaci\u00f3n de la Conade en el anexo 4,&nbsp; s\u00f3lo se tomar\u00e1n en cuenta para la entrega de la beca el resultado m\u00e1s reciente, en este caso, la medalla de bronce.<\/p>\n\n\n\n<p class=\"wp-block-paragraph\">Con base en el tabulador de la Conade, la arquera ahora recibir\u00e1 36 mil pesos mensuales al igual que sus compa\u00f1eras Ana Paula V\u00e1squez y \u00c1ngela Ruiz.&nbsp; La Conade public\u00f3 en el 2023 las nuevas Reglas de Operaci\u00f3n sobre las becas donde vale m\u00e1s una medalla en pruebas individuales en cualquier evento internacional que en modalidades compartidas.<\/p>\n\n\n\n<figure class=\"wp-block-image size-full\"><img loading=\"lazy\" decoding=\"async\" width=\"685\" height=\"385\" src=\"https:\/\/elpajaritonews.com\/wp-content\/uploads\/2024\/08\/f685x385-205852_243545_5050.webp\" alt=\"\" class=\"wp-image-61384\" srcset=\"https:\/\/elpajaritonews.com\/wp-content\/uploads\/2024\/08\/f685x385-205852_243545_5050.webp 685w, https:\/\/elpajaritonews.com\/wp-content\/uploads\/2024\/08\/f685x385-205852_243545_5050-300x169.webp 300w\" sizes=\"auto, (max-width: 685px) 100vw, 685px\" \/><\/figure>\n\n\n\n<p class=\"wp-block-paragraph\">En el caso de las preseas individuales Marco Verde y Prisca Awiti por su medalla de plata recibir\u00e1n una beca de 52 mil pesos mensuales, mientras que deportistas como Emiliano Hern\u00e1ndez o Randal Willars que culminaron en el cuarto lugar individual percibir\u00e1n 41 mil pesos al mes.<\/p>\n","protected":false},"excerpt":{"rendered":"<p>La arquera, previo a Par\u00eds 2024, recib\u00eda una beca de 46 mil pesos por la medalla de plata que obtuvo en el Campeonato Mundial de Berl\u00edn 2023, sin embargo, de acuerdo a las Reglas de Operaci\u00f3n de la Conade, ahora recibir\u00e1 36 mil mensuales. &nbsp;La doble medallista ol\u00edmpica Alejandra Valencia denunci\u00f3 en redes sociales que&#8230;<\/p>\n","protected":false},"author":2,"featured_media":61382,"comment_status":"closed","ping_status":"closed","sticky":false,"template":"","format":"standard","meta":{"_crdt_document":"","_exactmetrics_skip_tracking":false,"_exactmetrics_sitenote_active":false,"_exactmetrics_sitenote_note":"","_exactmetrics_sitenote_category":0,"footnotes":""},"categories":[21,80,22,88,23,31,1,27],"tags":[71,79,72,73,74,76,28,29,75,30],"class_list":["post-61381","post","type-post","status-publish","format-standard","has-post-thumbnail","hentry","category-deportes","category-derechos-humanos","category-escena","category-justicia","category-mexico","category-politica","category-seguridad","category-sonora","tag-alfonso-durazo","tag-andres-manuel-lopez-obrador","tag-claudia-sheinbaum","tag-congreso-del-estado-de-sonora","tag-hermosillo","tag-medio-ambiente","tag-nogales","tag-nogales-la-gran-frontera","tag-seguridad-publica","tag-sonora-tierra-de-oportunidades"],"_links":{"self":[{"href":"https:\/\/elpajaritonews.com\/index.php?rest_route=\/wp\/v2\/posts\/61381","targetHints":{"allow":["GET"]}}],"collection":[{"href":"https:\/\/elpajaritonews.com\/index.php?rest_route=\/wp\/v2\/posts"}],"about":[{"href":"https:\/\/elpajaritonews.com\/index.php?rest_route=\/wp\/v2\/types\/post"}],"author":[{"embeddable":true,"href":"https:\/\/elpajaritonews.com\/index.php?rest_route=\/wp\/v2\/users\/2"}],"replies":[{"embeddable":true,"href":"https:\/\/elpajaritonews.com\/index.php?rest_route=%2Fwp%2Fv2%2Fcomments&post=61381"}],"version-history":[{"count":1,"href":"https:\/\/elpajaritonews.com\/index.php?rest_route=\/wp\/v2\/posts\/61381\/revisions"}],"predecessor-version":[{"id":61385,"href":"https:\/\/elpajaritonews.com\/index.php?rest_route=\/wp\/v2\/posts\/61381\/revisions\/61385"}],"wp:featuredmedia":[{"embeddable":true,"href":"https:\/\/elpajaritonews.com\/index.php?rest_route=\/wp\/v2\/media\/61382"}],"wp:attachment":[{"href":"https:\/\/elpajaritonews.com\/index.php?rest_route=%2Fwp%2Fv2%2Fmedia&parent=61381"}],"wp:term":[{"taxonomy":"category","embeddable":true,"href":"https:\/\/elpajaritonews.com\/index.php?rest_route=%2Fwp%2Fv2%2Fcategories&post=61381"},{"taxonomy":"post_tag","embeddable":true,"href":"https:\/\/elpajaritonews.com\/index.php?rest_route=%2Fwp%2Fv2%2Ftags&post=61381"}],"curies":[{"name":"wp","href":"https:\/\/api.w.org\/{rel}","templated":true}]}}