{"id":61386,"date":"2024-08-23T17:42:00","date_gmt":"2024-08-24T00:42:00","guid":{"rendered":"https:\/\/elpajaritonews.com\/?p=61386"},"modified":"2024-08-23T17:42:02","modified_gmt":"2024-08-24T00:42:02","slug":"cumple-gobernador-durazo-a-navojoenses-con-servicio-de-salud-digno-y-universal","status":"publish","type":"post","link":"https:\/\/elpajaritonews.com\/?p=61386","title":{"rendered":"CUMPLE GOBERNADOR DURAZO A NAVOJOENSES CON SERVICIO DE SALUD DIGNO Y UNIVERSAL"},"content":{"rendered":"\n<p class=\"wp-block-paragraph\">-En gira de trabajo por el sur de Sonora constat\u00f3 los avances de la construcci\u00f3n del Hospital General de Zona IMSS en Navojoa<\/p>\n\n\n\n<figure class=\"wp-block-image size-large\"><img loading=\"lazy\" decoding=\"async\" width=\"1024\" height=\"682\" src=\"https:\/\/elpajaritonews.com\/wp-content\/uploads\/2024\/08\/6c802a28-d402-4244-a625-8dc9fecc8a0d-1024x682.jpg\" alt=\"\" class=\"wp-image-61388\" srcset=\"https:\/\/elpajaritonews.com\/wp-content\/uploads\/2024\/08\/6c802a28-d402-4244-a625-8dc9fecc8a0d-1024x682.jpg 1024w, https:\/\/elpajaritonews.com\/wp-content\/uploads\/2024\/08\/6c802a28-d402-4244-a625-8dc9fecc8a0d-300x200.jpg 300w, https:\/\/elpajaritonews.com\/wp-content\/uploads\/2024\/08\/6c802a28-d402-4244-a625-8dc9fecc8a0d-768x512.jpg 768w, https:\/\/elpajaritonews.com\/wp-content\/uploads\/2024\/08\/6c802a28-d402-4244-a625-8dc9fecc8a0d-600x400.jpg 600w, https:\/\/elpajaritonews.com\/wp-content\/uploads\/2024\/08\/6c802a28-d402-4244-a625-8dc9fecc8a0d.jpg 1031w\" sizes=\"auto, (max-width: 1024px) 100vw, 1024px\" \/><\/figure>\n\n\n\n<p class=\"wp-block-paragraph\">Navojoa, Sonora; 23 de agosto de 2024.- Con el compromiso de que ninguna persona se quede sin atenci\u00f3n m\u00e9dica en el estado, el Gobernador Alfonso Durazo Monta\u00f1o constat\u00f3 los avances del Hospital General de Zona del Instituto Mexicano del Seguro Social (IMSS) en Navojoa, con una inversi\u00f3n de 1 mil 864 millones de pesos.<\/p>\n\n\n\n<figure class=\"wp-block-image size-large\"><img loading=\"lazy\" decoding=\"async\" width=\"1024\" height=\"576\" src=\"https:\/\/elpajaritonews.com\/wp-content\/uploads\/2024\/08\/545f04c1-a8be-45b3-a7ca-10433ed8bcc6-1024x576.jpg\" alt=\"\" class=\"wp-image-61389\" srcset=\"https:\/\/elpajaritonews.com\/wp-content\/uploads\/2024\/08\/545f04c1-a8be-45b3-a7ca-10433ed8bcc6-1024x576.jpg 1024w, https:\/\/elpajaritonews.com\/wp-content\/uploads\/2024\/08\/545f04c1-a8be-45b3-a7ca-10433ed8bcc6-300x169.jpg 300w, https:\/\/elpajaritonews.com\/wp-content\/uploads\/2024\/08\/545f04c1-a8be-45b3-a7ca-10433ed8bcc6-768x432.jpg 768w, https:\/\/elpajaritonews.com\/wp-content\/uploads\/2024\/08\/545f04c1-a8be-45b3-a7ca-10433ed8bcc6-1536x864.jpg 1536w, https:\/\/elpajaritonews.com\/wp-content\/uploads\/2024\/08\/545f04c1-a8be-45b3-a7ca-10433ed8bcc6.jpg 1600w\" sizes=\"auto, (max-width: 1024px) 100vw, 1024px\" \/><\/figure>\n\n\n\n<p class=\"wp-block-paragraph\">Junto a la titular del IMSS Sonora, Mar\u00eda de Lourdes D\u00edaz Espinoza y el director de Operaci\u00f3n y Evaluaci\u00f3n del IMSS, Javier Guerrero Garc\u00eda, el jefe del Ejecutivo estatal realiz\u00f3 un recorrido por las instalaciones del nosocomio y encabez\u00f3 la novena sesi\u00f3n del Comit\u00e9 Ciudadano de Seguimiento y Testimonio Social (CCSTS) en el proceso de construcci\u00f3n de dicho hospital.<\/p>\n\n\n\n<figure class=\"wp-block-image size-large\"><img loading=\"lazy\" decoding=\"async\" width=\"1024\" height=\"682\" src=\"https:\/\/elpajaritonews.com\/wp-content\/uploads\/2024\/08\/464b7f45-fb59-4d97-832d-1eb95a52e59a-1024x682.jpg\" alt=\"\" class=\"wp-image-61390\" srcset=\"https:\/\/elpajaritonews.com\/wp-content\/uploads\/2024\/08\/464b7f45-fb59-4d97-832d-1eb95a52e59a-1024x682.jpg 1024w, https:\/\/elpajaritonews.com\/wp-content\/uploads\/2024\/08\/464b7f45-fb59-4d97-832d-1eb95a52e59a-300x200.jpg 300w, https:\/\/elpajaritonews.com\/wp-content\/uploads\/2024\/08\/464b7f45-fb59-4d97-832d-1eb95a52e59a-768x512.jpg 768w, https:\/\/elpajaritonews.com\/wp-content\/uploads\/2024\/08\/464b7f45-fb59-4d97-832d-1eb95a52e59a-600x400.jpg 600w, https:\/\/elpajaritonews.com\/wp-content\/uploads\/2024\/08\/464b7f45-fb59-4d97-832d-1eb95a52e59a.jpg 1240w\" sizes=\"auto, (max-width: 1024px) 100vw, 1024px\" \/><\/figure>\n\n\n\n<p class=\"wp-block-paragraph\">\u00abA partir del primero de diciembre estar\u00eda funcionando el primer m\u00f3dulo, que es el de consultorio, consulta de imagen, laboratorio y farmacia. Y luego viene una obra similar en Guaymas y otra en San Luis R\u00edo Colorado\u00bb, asever\u00f3.<\/p>\n\n\n\n<figure class=\"wp-block-image size-large\"><img loading=\"lazy\" decoding=\"async\" width=\"1024\" height=\"682\" src=\"https:\/\/elpajaritonews.com\/wp-content\/uploads\/2024\/08\/198c00a3-a80c-48c9-8297-29806b0bebba-1024x682.jpg\" alt=\"\" class=\"wp-image-61391\" srcset=\"https:\/\/elpajaritonews.com\/wp-content\/uploads\/2024\/08\/198c00a3-a80c-48c9-8297-29806b0bebba-1024x682.jpg 1024w, https:\/\/elpajaritonews.com\/wp-content\/uploads\/2024\/08\/198c00a3-a80c-48c9-8297-29806b0bebba-300x200.jpg 300w, https:\/\/elpajaritonews.com\/wp-content\/uploads\/2024\/08\/198c00a3-a80c-48c9-8297-29806b0bebba-768x512.jpg 768w, https:\/\/elpajaritonews.com\/wp-content\/uploads\/2024\/08\/198c00a3-a80c-48c9-8297-29806b0bebba-1536x1023.jpg 1536w, https:\/\/elpajaritonews.com\/wp-content\/uploads\/2024\/08\/198c00a3-a80c-48c9-8297-29806b0bebba-600x400.jpg 600w, https:\/\/elpajaritonews.com\/wp-content\/uploads\/2024\/08\/198c00a3-a80c-48c9-8297-29806b0bebba.jpg 1600w\" sizes=\"auto, (max-width: 1024px) 100vw, 1024px\" \/><\/figure>\n\n\n\n<p class=\"wp-block-paragraph\">Este hospital tendr\u00e1 una capacidad de 90 camas, beneficiando a m\u00e1s de 96 mil habitantes del sur de la entidad, como \u00c1lamos, Huatabampo, Navojoa, Etchojoa y Villa Ju\u00e1rez.<\/p>\n\n\n\n<p class=\"wp-block-paragraph\">Cabe destacar que en la presente administraci\u00f3n, el Gobierno de Sonora ha destinado cerca de 40 mil millones de pesos, la cifra m\u00e1s alta de los \u00faltimos a\u00f1os, en infraestructura, y otras acciones, como la habilitaci\u00f3n de 240 centros de salud.<\/p>\n\n\n\n<p class=\"wp-block-paragraph\">En representaci\u00f3n de Comit\u00e9 Ciudadano de Seguimiento y Testimonio Social (CCSTS) en el proceso de construcci\u00f3n del hospital en Navojoa, Laura Lorena Velarde Araiza agradeci\u00f3 la obra que dar\u00e1 salud y tranquilidad a las y los derechohabientes.<\/p>\n\n\n\n<figure class=\"wp-block-image size-large\"><img loading=\"lazy\" decoding=\"async\" width=\"1024\" height=\"682\" src=\"https:\/\/elpajaritonews.com\/wp-content\/uploads\/2024\/08\/73742c64-a202-46ef-9ec8-13f5ebad3dca-1024x682.jpg\" alt=\"\" class=\"wp-image-61392\" srcset=\"https:\/\/elpajaritonews.com\/wp-content\/uploads\/2024\/08\/73742c64-a202-46ef-9ec8-13f5ebad3dca-1024x682.jpg 1024w, https:\/\/elpajaritonews.com\/wp-content\/uploads\/2024\/08\/73742c64-a202-46ef-9ec8-13f5ebad3dca-300x200.jpg 300w, https:\/\/elpajaritonews.com\/wp-content\/uploads\/2024\/08\/73742c64-a202-46ef-9ec8-13f5ebad3dca-768x512.jpg 768w, https:\/\/elpajaritonews.com\/wp-content\/uploads\/2024\/08\/73742c64-a202-46ef-9ec8-13f5ebad3dca-1536x1023.jpg 1536w, https:\/\/elpajaritonews.com\/wp-content\/uploads\/2024\/08\/73742c64-a202-46ef-9ec8-13f5ebad3dca-600x400.jpg 600w, https:\/\/elpajaritonews.com\/wp-content\/uploads\/2024\/08\/73742c64-a202-46ef-9ec8-13f5ebad3dca.jpg 1600w\" sizes=\"auto, (max-width: 1024px) 100vw, 1024px\" \/><\/figure>\n\n\n\n<p class=\"wp-block-paragraph\">En su gira de trabajo por la Perla del Mayo, el mandatario sonorense entreg\u00f3 seis Vans nuevas y dos camiones seminuevos, mismas que ser\u00e1n asignadas a las l\u00edneas 3 Pueblo Viejo-Misioneros, 6 Deportiva-Fovissste y 5 Tetanchopo, con el objetivo de facilitar el traslado de los estudiantes durante el regreso a clases del pr\u00f3ximo lunes 26 de agosto. Adem\u00e1s, se reactivar\u00e1n dos rutas con cuatro unidades operadas por el Instituto de Movilidad y Transporte para el Estado de Sonora (Imtes).<\/p>\n\n\n\n<figure class=\"wp-block-image size-large\"><img loading=\"lazy\" decoding=\"async\" width=\"1024\" height=\"682\" src=\"https:\/\/elpajaritonews.com\/wp-content\/uploads\/2024\/08\/ba5e79ec-23fc-46be-bd3e-cc9d65132665-1024x682.jpg\" alt=\"\" class=\"wp-image-61393\" srcset=\"https:\/\/elpajaritonews.com\/wp-content\/uploads\/2024\/08\/ba5e79ec-23fc-46be-bd3e-cc9d65132665-1024x682.jpg 1024w, https:\/\/elpajaritonews.com\/wp-content\/uploads\/2024\/08\/ba5e79ec-23fc-46be-bd3e-cc9d65132665-300x200.jpg 300w, https:\/\/elpajaritonews.com\/wp-content\/uploads\/2024\/08\/ba5e79ec-23fc-46be-bd3e-cc9d65132665-768x512.jpg 768w, https:\/\/elpajaritonews.com\/wp-content\/uploads\/2024\/08\/ba5e79ec-23fc-46be-bd3e-cc9d65132665-1536x1023.jpg 1536w, https:\/\/elpajaritonews.com\/wp-content\/uploads\/2024\/08\/ba5e79ec-23fc-46be-bd3e-cc9d65132665-600x400.jpg 600w, https:\/\/elpajaritonews.com\/wp-content\/uploads\/2024\/08\/ba5e79ec-23fc-46be-bd3e-cc9d65132665.jpg 1600w\" sizes=\"auto, (max-width: 1024px) 100vw, 1024px\" \/><\/figure>\n\n\n\n<p class=\"wp-block-paragraph\">Posteriormente, en Guaymas, el Gobernador Durazo presidi\u00f3 la Tercera sesi\u00f3n del Comit\u00e9 Ciudadano de Seguimiento y Testimonio Social (CCSTS) en el proceso de inicio de construcci\u00f3n del Hospital General de Zona, en dicho municipio, cuya inversi\u00f3n es de m\u00e1s de mil millones de pesos y tendr\u00e1 120 camas<\/p>\n","protected":false},"excerpt":{"rendered":"<p>-En gira de trabajo por el sur de Sonora constat\u00f3 los avances de la construcci\u00f3n del Hospital General de Zona IMSS en Navojoa Navojoa, Sonora; 23 de agosto de 2024.- Con el compromiso de que ninguna persona se quede sin atenci\u00f3n m\u00e9dica en el estado, el Gobernador Alfonso Durazo Monta\u00f1o constat\u00f3 los avances del Hospital&#8230;<\/p>\n","protected":false},"author":2,"featured_media":61387,"comment_status":"closed","ping_status":"closed","sticky":false,"template":"","format":"standard","meta":{"_crdt_document":"","_exactmetrics_skip_tracking":false,"_exactmetrics_sitenote_active":false,"_exactmetrics_sitenote_note":"","_exactmetrics_sitenote_category":0,"footnotes":""},"categories":[36,26,23,31,32,27],"tags":[71,79,72,73,74,76,28,29,75,30],"class_list":["post-61386","post","type-post","status-publish","format-standard","has-post-thumbnail","hentry","category-economia","category-local","category-mexico","category-politica","category-salud","category-sonora","tag-alfonso-durazo","tag-andres-manuel-lopez-obrador","tag-claudia-sheinbaum","tag-congreso-del-estado-de-sonora","tag-hermosillo","tag-medio-ambiente","tag-nogales","tag-nogales-la-gran-frontera","tag-seguridad-publica","tag-sonora-tierra-de-oportunidades"],"_links":{"self":[{"href":"https:\/\/elpajaritonews.com\/index.php?rest_route=\/wp\/v2\/posts\/61386","targetHints":{"allow":["GET"]}}],"collection":[{"href":"https:\/\/elpajaritonews.com\/index.php?rest_route=\/wp\/v2\/posts"}],"about":[{"href":"https:\/\/elpajaritonews.com\/index.php?rest_route=\/wp\/v2\/types\/post"}],"author":[{"embeddable":true,"href":"https:\/\/elpajaritonews.com\/index.php?rest_route=\/wp\/v2\/users\/2"}],"replies":[{"embeddable":true,"href":"https:\/\/elpajaritonews.com\/index.php?rest_route=%2Fwp%2Fv2%2Fcomments&post=61386"}],"version-history":[{"count":1,"href":"https:\/\/elpajaritonews.com\/index.php?rest_route=\/wp\/v2\/posts\/61386\/revisions"}],"predecessor-version":[{"id":61394,"href":"https:\/\/elpajaritonews.com\/index.php?rest_route=\/wp\/v2\/posts\/61386\/revisions\/61394"}],"wp:featuredmedia":[{"embeddable":true,"href":"https:\/\/elpajaritonews.com\/index.php?rest_route=\/wp\/v2\/media\/61387"}],"wp:attachment":[{"href":"https:\/\/elpajaritonews.com\/index.php?rest_route=%2Fwp%2Fv2%2Fmedia&parent=61386"}],"wp:term":[{"taxonomy":"category","embeddable":true,"href":"https:\/\/elpajaritonews.com\/index.php?rest_route=%2Fwp%2Fv2%2Fcategories&post=61386"},{"taxonomy":"post_tag","embeddable":true,"href":"https:\/\/elpajaritonews.com\/index.php?rest_route=%2Fwp%2Fv2%2Ftags&post=61386"}],"curies":[{"name":"wp","href":"https:\/\/api.w.org\/{rel}","templated":true}]}}