{"id":61404,"date":"2024-08-24T22:54:08","date_gmt":"2024-08-25T05:54:08","guid":{"rendered":"https:\/\/elpajaritonews.com\/?p=61404"},"modified":"2024-08-24T22:54:14","modified_gmt":"2024-08-25T05:54:14","slug":"con-historica-inversion-entregan-lopez-obrador-sheinbaum-y-durazo-siete-obras-estrategicas-en-guaymas","status":"publish","type":"post","link":"https:\/\/elpajaritonews.com\/?p=61404","title":{"rendered":"CON HIST\u00d3RICA INVERSI\u00d3N ENTREGAN L\u00d3PEZ OBRADOR, SHEINBAUM Y DURAZO SIETE OBRAS ESTRAT\u00c9GICAS EN GUAYMAS"},"content":{"rendered":"\n<p class=\"wp-block-paragraph\">Con hist\u00f3rica inversi\u00f3n entregan presidente L\u00f3pez Obrador, Presidenta electa Sheinbaum y Gobernador Durazo siete obras estrat\u00e9gicas en Guaymas y anuncian nuevos proyectos para Modernizaci\u00f3n del Puerto<\/p>\n\n\n\n<p class=\"wp-block-paragraph\">La inversi\u00f3n hist\u00f3rica que ha hecho el Gobierno de M\u00e9xico con las siete obras de la Administraci\u00f3n Portuaria Nacional en Guaymas (Asipona), colocan a Guaymas como un polo de desarrollo econ\u00f3mico, alineado tambi\u00e9n a las vertientes del Plan Sonora de Energ\u00edas Sostenibles, asever\u00f3 el gobernador Alfonso Durazo Monta\u00f1o, durante la gira en Sonora del presidente Andr\u00e9s Manuel L\u00f3pez Obrador y la presidenta electa Claudia Sheinbaum Pardo.<\/p>\n\n\n\n<figure class=\"wp-block-embed is-type-rich is-provider-twitter wp-block-embed-twitter\"><div class=\"wp-block-embed__wrapper\">\n<blockquote class=\"twitter-tweet\" data-width=\"550\" data-dnt=\"true\"><p lang=\"es\" dir=\"ltr\">Gracias al respaldo del presidente <a href=\"https:\/\/twitter.com\/lopezobrador_?ref_src=twsrc%5Etfw\">@lopezobrador_<\/a> y la presidenta electa <a href=\"https:\/\/twitter.com\/Claudiashein?ref_src=twsrc%5Etfw\">@claudiashein<\/a>, convertimos a Sonora en la Puerta Log\u00edstica del Noroeste.<br><br>La modernizaci\u00f3n del puerto de Guaymas es una raz\u00f3n m\u00e1s por la cual el momento de Sonora es ahora.<a href=\"https:\/\/twitter.com\/hashtag\/ElMomentoDeSonora?src=hash&amp;ref_src=twsrc%5Etfw\">#ElMomentoDeSonora<\/a> <a href=\"https:\/\/t.co\/zoXV2SPSV9\">pic.twitter.com\/zoXV2SPSV9<\/a><\/p>&mdash; Alfonso Durazo (@AlfonsoDurazo) <a href=\"https:\/\/twitter.com\/AlfonsoDurazo\/status\/1827555526130999712?ref_src=twsrc%5Etfw\">August 25, 2024<\/a><\/blockquote><script async src=\"https:\/\/platform.twitter.com\/widgets.js\" charset=\"utf-8\"><\/script>\n<\/div><\/figure>\n\n\n\n<p class=\"wp-block-paragraph\">El titular del Ejecutivo estatal se\u00f1al\u00f3 que la inauguraci\u00f3n de las siete obras de la Asipona, como la carretera Guaymas-Chihuahua, la construcci\u00f3n del Muelle de Usos M\u00faltiples, Almac\u00e9n de minerales, modernizaci\u00f3n del circuito ferroviario, patio de la Marina Tur\u00edstica de Guaymas, rehabilitaci\u00f3n de la avenida Aquiles Serd\u00e1n, rehabilitaci\u00f3n de la Plaza Tres Presidentes, son una muestra de todo el apoyo que ha dado el Gobierno de M\u00e9xico a Sonora.<\/p>\n\n\n\n<figure class=\"wp-block-embed is-type-rich is-provider-twitter wp-block-embed-twitter\"><div class=\"wp-block-embed__wrapper\">\n<blockquote class=\"twitter-tweet\" data-width=\"550\" data-dnt=\"true\"><p lang=\"es\" dir=\"ltr\">Con el respaldo del presidente <a href=\"https:\/\/twitter.com\/lopezobrador_?ref_src=twsrc%5Etfw\">@lopezobrador_<\/a> y la presidenta electa <a href=\"https:\/\/twitter.com\/Claudiashein?ref_src=twsrc%5Etfw\">@Claudiashein<\/a>, la modernizaci\u00f3n de la carretera Guaymas-Chihuahua impulsar\u00e1 la conectividad, detonar\u00e1 el turismo y traer\u00e1 mayor desarrollo econ\u00f3mico para Sonora.<a href=\"https:\/\/twitter.com\/hashtag\/ElMomentoDeSonora?src=hash&amp;ref_src=twsrc%5Etfw\">#ElMomentoDeSonora<\/a> <a href=\"https:\/\/t.co\/EVO9cC9aoF\">pic.twitter.com\/EVO9cC9aoF<\/a><\/p>&mdash; Alfonso Durazo (@AlfonsoDurazo) <a href=\"https:\/\/twitter.com\/AlfonsoDurazo\/status\/1827542521746223286?ref_src=twsrc%5Etfw\">August 25, 2024<\/a><\/blockquote><script async src=\"https:\/\/platform.twitter.com\/widgets.js\" charset=\"utf-8\"><\/script>\n<\/div><\/figure>\n\n\n\n<p class=\"wp-block-paragraph\">En el marco de la segunda gira conjunta al estado del presidente L\u00f3pez Obrador y la presidenta electa Sheinbaum Pardo, el mandatario estatal destac\u00f3 que con las acciones conjuntas que se est\u00e1n llevando a cabo con el Gobierno de M\u00e9xico, es el momento de Sonora, brind\u00e1ndole a la ciudadan\u00eda bienestar y desarrollo econ\u00f3mico.<\/p>\n\n\n\n<p class=\"wp-block-paragraph\">\u201cEstamos viviendo un momento comparable a los descritos en los libros de historia, estamos a unos d\u00edas de que el presidente L\u00f3pez Obrador Concluya su gesti\u00f3n, y tenemos la profunda satisfacci\u00f3n de que acudir\u00e1 al juicio de la historia con la frente en alto y acompa\u00f1ado con el coraz\u00f3n de su pueblo. Sin \u00e1nimo ret\u00f3rico con el coraz\u00f3n en la mano le decimos presidente: est\u00e1 usted entre los grandes de nuestra historia\u201d, indic\u00f3.<\/p>\n\n\n\n<figure class=\"wp-block-image size-full\"><img loading=\"lazy\" decoding=\"async\" width=\"1024\" height=\"591\" src=\"https:\/\/elpajaritonews.com\/wp-content\/uploads\/2024\/08\/download-1.jpg\" alt=\"\" class=\"wp-image-61406\" srcset=\"https:\/\/elpajaritonews.com\/wp-content\/uploads\/2024\/08\/download-1.jpg 1024w, https:\/\/elpajaritonews.com\/wp-content\/uploads\/2024\/08\/download-1-300x173.jpg 300w, https:\/\/elpajaritonews.com\/wp-content\/uploads\/2024\/08\/download-1-768x443.jpg 768w\" sizes=\"auto, (max-width: 1024px) 100vw, 1024px\" \/><\/figure>\n\n\n\n<p class=\"wp-block-paragraph\">En esta gira de trabajo tambi\u00e9n se llev\u00f3 a cabo la reinauguraci\u00f3n del Aeropuerto de Guaymas, con lo cual mejorar\u00e1 la conectividad del puerto, haci\u00e9ndolo m\u00e1s atractivo para el desarrollo tur\u00edstico y el arribo de m\u00e1s inversiones.<\/p>\n\n\n\n<p class=\"wp-block-paragraph\">El presidente L\u00f3pez Obrador destac\u00f3 la gesti\u00f3n del gobernador Durazo Monta\u00f1o al frente de la administraci\u00f3n estatal, lo que se ha traducido en grandes inversiones en beneficio de las y los sonorenses.<\/p>\n\n\n\n<p class=\"wp-block-paragraph\">\u201cVamos a seguir adelante, mi hermano Alfonso dice que son 29 veces, todav\u00eda voy a venir otra vez aqu\u00ed cerca, pertenece a Guaymas, voy a venir porque necesitamos entregar el Distrito de Riego y el Acueducto a los Pueblos Yaquis, voy a venir al Plan de Justicia, tambi\u00e9n en compa\u00f1\u00eda de la presidenta Claudia, siempre buenas noticias como lo ha expresado Alfonso\u201d, se\u00f1al\u00f3.<\/p>\n\n\n\n<figure class=\"wp-block-image size-large\"><img loading=\"lazy\" decoding=\"async\" width=\"1024\" height=\"682\" src=\"https:\/\/elpajaritonews.com\/wp-content\/uploads\/2024\/08\/GVyrklQa8AAdGa0-1024x682.jpg\" alt=\"\" class=\"wp-image-61407\" srcset=\"https:\/\/elpajaritonews.com\/wp-content\/uploads\/2024\/08\/GVyrklQa8AAdGa0-1024x682.jpg 1024w, https:\/\/elpajaritonews.com\/wp-content\/uploads\/2024\/08\/GVyrklQa8AAdGa0-300x200.jpg 300w, https:\/\/elpajaritonews.com\/wp-content\/uploads\/2024\/08\/GVyrklQa8AAdGa0-768x512.jpg 768w, https:\/\/elpajaritonews.com\/wp-content\/uploads\/2024\/08\/GVyrklQa8AAdGa0-600x400.jpg 600w, https:\/\/elpajaritonews.com\/wp-content\/uploads\/2024\/08\/GVyrklQa8AAdGa0.jpg 1280w\" sizes=\"auto, (max-width: 1024px) 100vw, 1024px\" \/><\/figure>\n\n\n\n<p class=\"wp-block-paragraph\">Al respecto la presidenta electa Claudia Sheinbaum Pardo mencion\u00f3 que al iniciar constitucionalmente su gesti\u00f3n federal, dar\u00e1 continuidad a los grandes proyectos que se est\u00e1n llevando a cabo en el estado, teniendo como eje principal el bienestar de la ciudadan\u00eda.<\/p>\n\n\n\n<p class=\"wp-block-paragraph\">\u201cAqu\u00ed hay un terreno en Empalme que le pertenec\u00eda a Ferrocarriles Nacionales, ese terreno se lo vamos a dar a la Secretar\u00eda de Marina para que pueda continuar el Puerto de Guaymas, con un agregado, porque as\u00ed como el presidente hizo programas sociales recuper\u00f3 los ferrocarriles, los trenes en el sur, ahora nos vamos a ir para el norte, vamos a traer el ferrocarril hasta Nogales\u201d, coment\u00f3.<\/p>\n\n\n\n<figure class=\"wp-block-embed is-type-rich is-provider-twitter wp-block-embed-twitter\"><div class=\"wp-block-embed__wrapper\">\n<blockquote class=\"twitter-tweet\" data-width=\"550\" data-dnt=\"true\"><p lang=\"es\" dir=\"ltr\">Con la presidenta electa <a href=\"https:\/\/twitter.com\/Claudiashein?ref_src=twsrc%5Etfw\">@Claudiashein<\/a>, daremos continuidad a los grandes proyectos que se est\u00e1n llevando a cabo en el estado brind\u00e1ndole a la ciudadan\u00eda bienestar y desarrollo econ\u00f3mico.<br><br>El momento de Sonora es ahora. <a href=\"https:\/\/t.co\/rMLpl88Tk4\">pic.twitter.com\/rMLpl88Tk4<\/a><\/p>&mdash; Alfonso Durazo (@AlfonsoDurazo) <a href=\"https:\/\/twitter.com\/AlfonsoDurazo\/status\/1827565093892321709?ref_src=twsrc%5Etfw\">August 25, 2024<\/a><\/blockquote><script async src=\"https:\/\/platform.twitter.com\/widgets.js\" charset=\"utf-8\"><\/script>\n<\/div><\/figure>\n\n\n\n<figure class=\"wp-block-embed is-type-video is-provider-youtube wp-block-embed-youtube wp-embed-aspect-16-9 wp-has-aspect-ratio\"><div class=\"wp-block-embed__wrapper\">\n<iframe loading=\"lazy\" title=\"Inauguraci\u00f3n de obras del Sistema Portuario Nacional-Guaymas, desde Sonora\" width=\"640\" height=\"360\" src=\"https:\/\/www.youtube.com\/embed\/FZI4qdSa5Po?feature=oembed\" frameborder=\"0\" allow=\"accelerometer; autoplay; clipboard-write; encrypted-media; gyroscope; picture-in-picture; web-share\" referrerpolicy=\"strict-origin-when-cross-origin\" allowfullscreen><\/iframe>\n<\/div><\/figure>\n","protected":false},"excerpt":{"rendered":"<p>Con hist\u00f3rica inversi\u00f3n entregan presidente L\u00f3pez Obrador, Presidenta electa Sheinbaum y Gobernador Durazo siete obras estrat\u00e9gicas en Guaymas y anuncian nuevos proyectos para Modernizaci\u00f3n del Puerto La inversi\u00f3n hist\u00f3rica que ha hecho el Gobierno de M\u00e9xico con las siete obras de la Administraci\u00f3n Portuaria Nacional en Guaymas (Asipona), colocan a Guaymas como un polo de&#8230;<\/p>\n","protected":false},"author":2,"featured_media":61405,"comment_status":"closed","ping_status":"closed","sticky":false,"template":"","format":"standard","meta":{"_crdt_document":"","_exactmetrics_skip_tracking":false,"_exactmetrics_sitenote_active":false,"_exactmetrics_sitenote_note":"","_exactmetrics_sitenote_category":0,"footnotes":""},"categories":[36,33,22,89,88,26,37,23,38,82,31,32,1,27,84,69,65],"tags":[71,79,72,73,74,76,28,29,75,30],"class_list":["post-61404","post","type-post","status-publish","format-standard","has-post-thumbnail","hentry","category-economia","category-educacion","category-escena","category-estados-unidos","category-justicia","category-local","category-medio-ambiente","category-mexico","category-migracion","category-poder-judicial","category-politica","category-salud","category-seguridad","category-sonora","category-turismo","category-ultimas-noticias","category-videos","tag-alfonso-durazo","tag-andres-manuel-lopez-obrador","tag-claudia-sheinbaum","tag-congreso-del-estado-de-sonora","tag-hermosillo","tag-medio-ambiente","tag-nogales","tag-nogales-la-gran-frontera","tag-seguridad-publica","tag-sonora-tierra-de-oportunidades"],"_links":{"self":[{"href":"https:\/\/elpajaritonews.com\/index.php?rest_route=\/wp\/v2\/posts\/61404","targetHints":{"allow":["GET"]}}],"collection":[{"href":"https:\/\/elpajaritonews.com\/index.php?rest_route=\/wp\/v2\/posts"}],"about":[{"href":"https:\/\/elpajaritonews.com\/index.php?rest_route=\/wp\/v2\/types\/post"}],"author":[{"embeddable":true,"href":"https:\/\/elpajaritonews.com\/index.php?rest_route=\/wp\/v2\/users\/2"}],"replies":[{"embeddable":true,"href":"https:\/\/elpajaritonews.com\/index.php?rest_route=%2Fwp%2Fv2%2Fcomments&post=61404"}],"version-history":[{"count":1,"href":"https:\/\/elpajaritonews.com\/index.php?rest_route=\/wp\/v2\/posts\/61404\/revisions"}],"predecessor-version":[{"id":61408,"href":"https:\/\/elpajaritonews.com\/index.php?rest_route=\/wp\/v2\/posts\/61404\/revisions\/61408"}],"wp:featuredmedia":[{"embeddable":true,"href":"https:\/\/elpajaritonews.com\/index.php?rest_route=\/wp\/v2\/media\/61405"}],"wp:attachment":[{"href":"https:\/\/elpajaritonews.com\/index.php?rest_route=%2Fwp%2Fv2%2Fmedia&parent=61404"}],"wp:term":[{"taxonomy":"category","embeddable":true,"href":"https:\/\/elpajaritonews.com\/index.php?rest_route=%2Fwp%2Fv2%2Fcategories&post=61404"},{"taxonomy":"post_tag","embeddable":true,"href":"https:\/\/elpajaritonews.com\/index.php?rest_route=%2Fwp%2Fv2%2Ftags&post=61404"}],"curies":[{"name":"wp","href":"https:\/\/api.w.org\/{rel}","templated":true}]}}