{"id":61409,"date":"2024-08-25T00:09:16","date_gmt":"2024-08-25T07:09:16","guid":{"rendered":"https:\/\/elpajaritonews.com\/?p=61409"},"modified":"2024-08-25T00:09:21","modified_gmt":"2024-08-25T07:09:21","slug":"supervisa-sec-instalaciones-escolares-previo-al-inicio-de-clases","status":"publish","type":"post","link":"https:\/\/elpajaritonews.com\/?p=61409","title":{"rendered":"SUPERVISA SEC INSTALACIONES ESCOLARES PREVIO AL INICIO DE CLASES"},"content":{"rendered":"\n<p class=\"wp-block-paragraph\">Para constatar de cerca el buen funcionamiento de las escuelas p\u00fablicas de nivel b\u00e1sico, el titular de la Secretar\u00eda de Educaci\u00f3n y Cultura (SEC), Froyl\u00e1n G\u00e1mez Gamboa, visit\u00f3 este fin de semana varios planteles de Hermosillo.<\/p>\n\n\n\n<figure class=\"wp-block-image size-large\"><img loading=\"lazy\" decoding=\"async\" width=\"1024\" height=\"1024\" src=\"https:\/\/elpajaritonews.com\/wp-content\/uploads\/2024\/08\/579cde61-7472-484c-94be-2a200403ac4a-1024x1024.jpg\" alt=\"\" class=\"wp-image-61410\" srcset=\"https:\/\/elpajaritonews.com\/wp-content\/uploads\/2024\/08\/579cde61-7472-484c-94be-2a200403ac4a-1024x1024.jpg 1024w, https:\/\/elpajaritonews.com\/wp-content\/uploads\/2024\/08\/579cde61-7472-484c-94be-2a200403ac4a-300x300.jpg 300w, https:\/\/elpajaritonews.com\/wp-content\/uploads\/2024\/08\/579cde61-7472-484c-94be-2a200403ac4a-150x150.jpg 150w, https:\/\/elpajaritonews.com\/wp-content\/uploads\/2024\/08\/579cde61-7472-484c-94be-2a200403ac4a-768x768.jpg 768w, https:\/\/elpajaritonews.com\/wp-content\/uploads\/2024\/08\/579cde61-7472-484c-94be-2a200403ac4a-1536x1536.jpg 1536w, https:\/\/elpajaritonews.com\/wp-content\/uploads\/2024\/08\/579cde61-7472-484c-94be-2a200403ac4a.jpg 1600w\" sizes=\"auto, (max-width: 1024px) 100vw, 1024px\" \/><\/figure>\n\n\n\n<p class=\"wp-block-paragraph\">Durante un recorrido por los centros escolares de la capital del estado, el funcionario agradeci\u00f3 la entusiasta participaci\u00f3n de padres y madres de familia, tutores, directivos y docentes, quienes revisaban los \u00faltimos detalles para iniciar las clases con \u00e9xito el pr\u00f3ximo lunes 26 de agosto.<\/p>\n\n\n\n<figure class=\"wp-block-image size-large\"><img loading=\"lazy\" decoding=\"async\" width=\"1024\" height=\"683\" src=\"https:\/\/elpajaritonews.com\/wp-content\/uploads\/2024\/08\/8edfcbae-0b7c-454a-b340-ff7fb30b4e9b-1024x683.jpg\" alt=\"\" class=\"wp-image-61412\" srcset=\"https:\/\/elpajaritonews.com\/wp-content\/uploads\/2024\/08\/8edfcbae-0b7c-454a-b340-ff7fb30b4e9b-1024x683.jpg 1024w, https:\/\/elpajaritonews.com\/wp-content\/uploads\/2024\/08\/8edfcbae-0b7c-454a-b340-ff7fb30b4e9b-300x200.jpg 300w, https:\/\/elpajaritonews.com\/wp-content\/uploads\/2024\/08\/8edfcbae-0b7c-454a-b340-ff7fb30b4e9b-768x512.jpg 768w, https:\/\/elpajaritonews.com\/wp-content\/uploads\/2024\/08\/8edfcbae-0b7c-454a-b340-ff7fb30b4e9b-600x400.jpg 600w, https:\/\/elpajaritonews.com\/wp-content\/uploads\/2024\/08\/8edfcbae-0b7c-454a-b340-ff7fb30b4e9b.jpg 1280w\" sizes=\"auto, (max-width: 1024px) 100vw, 1024px\" \/><\/figure>\n\n\n\n<p class=\"wp-block-paragraph\">En las primarias \u00abProfr. Manuel Mirazo Navarrete\u00bb y \u00abEnriqueta de Parodi\u00bb, destac\u00f3 el gran esfuerzo que, como equipo, han realizado autoridades educativas, magisterio, organizaciones sindicales, representantes de padres de familia y sociedad en general para fortalecer el sistema educativo sonorense.<\/p>\n\n\n\n<p class=\"wp-block-paragraph\">G\u00e1mez Gamboa se\u00f1al\u00f3 que las escuelas deben volver a ser el centro de las comunidades, adem\u00e1s del entorno donde se fortalezca el talento acad\u00e9mico, deportivo y art\u00edstico de ni\u00f1as, ni\u00f1os y j\u00f3venes, por lo que refrend\u00f3 el compromiso de la dependencia estatal de atender peticiones y reportes de manera eficaz.<\/p>\n\n\n\n<figure class=\"wp-block-image size-large\"><img loading=\"lazy\" decoding=\"async\" width=\"1024\" height=\"683\" src=\"https:\/\/elpajaritonews.com\/wp-content\/uploads\/2024\/08\/702f116b-e482-42aa-97fe-4e8a354ee1d9-1024x683.jpg\" alt=\"\" class=\"wp-image-61414\" srcset=\"https:\/\/elpajaritonews.com\/wp-content\/uploads\/2024\/08\/702f116b-e482-42aa-97fe-4e8a354ee1d9-1024x683.jpg 1024w, https:\/\/elpajaritonews.com\/wp-content\/uploads\/2024\/08\/702f116b-e482-42aa-97fe-4e8a354ee1d9-300x200.jpg 300w, https:\/\/elpajaritonews.com\/wp-content\/uploads\/2024\/08\/702f116b-e482-42aa-97fe-4e8a354ee1d9-768x512.jpg 768w, https:\/\/elpajaritonews.com\/wp-content\/uploads\/2024\/08\/702f116b-e482-42aa-97fe-4e8a354ee1d9-600x400.jpg 600w, https:\/\/elpajaritonews.com\/wp-content\/uploads\/2024\/08\/702f116b-e482-42aa-97fe-4e8a354ee1d9.jpg 1280w\" sizes=\"auto, (max-width: 1024px) 100vw, 1024px\" \/><\/figure>\n\n\n\n<p class=\"wp-block-paragraph\">Durante el regreso a clases, reafirm\u00f3, dar\u00e1n seguimiento puntual a cualquier situaci\u00f3n que est\u00e9 relacionada con la operatividad de las escuelas, como ha sido la instrucci\u00f3n del gobernador Alfonso Durazo.<\/p>\n","protected":false},"excerpt":{"rendered":"<p>Para constatar de cerca el buen funcionamiento de las escuelas p\u00fablicas de nivel b\u00e1sico, el titular de la Secretar\u00eda de Educaci\u00f3n y Cultura (SEC), Froyl\u00e1n G\u00e1mez Gamboa, visit\u00f3 este fin de semana varios planteles de Hermosillo. Durante un recorrido por los centros escolares de la capital del estado, el funcionario agradeci\u00f3 la entusiasta participaci\u00f3n de&#8230;<\/p>\n","protected":false},"author":2,"featured_media":61413,"comment_status":"closed","ping_status":"closed","sticky":false,"template":"","format":"standard","meta":{"_crdt_document":"","_exactmetrics_skip_tracking":false,"_exactmetrics_sitenote_active":false,"_exactmetrics_sitenote_note":"","_exactmetrics_sitenote_category":0,"footnotes":""},"categories":[36,26,23,31,1,27,69],"tags":[71,79,72,73,74,76,28,29,75,30],"class_list":["post-61409","post","type-post","status-publish","format-standard","has-post-thumbnail","hentry","category-economia","category-local","category-mexico","category-politica","category-seguridad","category-sonora","category-ultimas-noticias","tag-alfonso-durazo","tag-andres-manuel-lopez-obrador","tag-claudia-sheinbaum","tag-congreso-del-estado-de-sonora","tag-hermosillo","tag-medio-ambiente","tag-nogales","tag-nogales-la-gran-frontera","tag-seguridad-publica","tag-sonora-tierra-de-oportunidades"],"_links":{"self":[{"href":"https:\/\/elpajaritonews.com\/index.php?rest_route=\/wp\/v2\/posts\/61409","targetHints":{"allow":["GET"]}}],"collection":[{"href":"https:\/\/elpajaritonews.com\/index.php?rest_route=\/wp\/v2\/posts"}],"about":[{"href":"https:\/\/elpajaritonews.com\/index.php?rest_route=\/wp\/v2\/types\/post"}],"author":[{"embeddable":true,"href":"https:\/\/elpajaritonews.com\/index.php?rest_route=\/wp\/v2\/users\/2"}],"replies":[{"embeddable":true,"href":"https:\/\/elpajaritonews.com\/index.php?rest_route=%2Fwp%2Fv2%2Fcomments&post=61409"}],"version-history":[{"count":1,"href":"https:\/\/elpajaritonews.com\/index.php?rest_route=\/wp\/v2\/posts\/61409\/revisions"}],"predecessor-version":[{"id":61415,"href":"https:\/\/elpajaritonews.com\/index.php?rest_route=\/wp\/v2\/posts\/61409\/revisions\/61415"}],"wp:featuredmedia":[{"embeddable":true,"href":"https:\/\/elpajaritonews.com\/index.php?rest_route=\/wp\/v2\/media\/61413"}],"wp:attachment":[{"href":"https:\/\/elpajaritonews.com\/index.php?rest_route=%2Fwp%2Fv2%2Fmedia&parent=61409"}],"wp:term":[{"taxonomy":"category","embeddable":true,"href":"https:\/\/elpajaritonews.com\/index.php?rest_route=%2Fwp%2Fv2%2Fcategories&post=61409"},{"taxonomy":"post_tag","embeddable":true,"href":"https:\/\/elpajaritonews.com\/index.php?rest_route=%2Fwp%2Fv2%2Ftags&post=61409"}],"curies":[{"name":"wp","href":"https:\/\/api.w.org\/{rel}","templated":true}]}}