{"id":61416,"date":"2024-08-25T00:59:52","date_gmt":"2024-08-25T07:59:52","guid":{"rendered":"https:\/\/elpajaritonews.com\/?p=61416"},"modified":"2024-08-25T00:59:58","modified_gmt":"2024-08-25T07:59:58","slug":"mexico-no-es-colonia-de-ningun-pais-reitera-amlo-desde-sonora","status":"publish","type":"post","link":"https:\/\/elpajaritonews.com\/?p=61416","title":{"rendered":"M\u00c9XICO NO ES COLONIA DE NING\u00daN PA\u00cdS, REITERA AMLO DESDE SONORA"},"content":{"rendered":"\n<p class=\"wp-block-paragraph\">Desde la Plaza de los Tres Presidentes \u2014principal espacio p\u00fablico de este costero municipio\u2014, el jefe del Ejecutivo inaugur\u00f3 varias obras del Sistema Portuario Nacional-Guaymas, junto a su pr\u00f3xima sucesora, Claudia Sheinbaum Pardo.<\/p>\n\n\n\n<p class=\"wp-block-paragraph\">En ese marco \u2014y luego que el consejo general del Instituto Nacional Electoral aval\u00f3 ayer la mayor\u00eda calificada para el movimiento de transformaci\u00f3n en la C\u00e1mara de Diputados\u2014, la presidenta electa adelant\u00f3 que viene la aprobaci\u00f3n del Plan C, que entre otras reformas tiene como prioridad los cambios constitucionales para el Poder Judicial.<\/p>\n\n\n\n<p class=\"wp-block-paragraph\">En el marco de las giras de inauguraci\u00f3n que iniciaron ayer el presidente y la pr\u00f3xima mandataria, visitaron este municipio donde tambi\u00e9n inauguraron el aeropuerto que conectar\u00e1 esta zona del estado con otros puntos del pa\u00eds para atraer desarrollo a partir, sobre todo, del turismo.<\/p>\n\n\n\n<p class=\"wp-block-paragraph\">L\u00f3pez Obrador destac\u00f3 de nuevo la labor de los migrantes, cuyas remesas enviadas a M\u00e9xico representan el principal ingreso para el pa\u00eds y que, dijo, se estima que este a\u00f1o alcancen poco m\u00e1s de 65 mil millones de d\u00f3lares.<\/p>\n\n\n\n<figure class=\"wp-block-image size-full\"><img loading=\"lazy\" decoding=\"async\" width=\"1024\" height=\"723\" src=\"https:\/\/elpajaritonews.com\/wp-content\/uploads\/2024\/08\/mexico-no-es-colonia-de-ningun-pais-reitera-amlo-desde-sonora-6461html-amlo-2421html-194cff91-0e2f-44e0-9187-662efda8027d.webp\" alt=\"\" class=\"wp-image-61418\" srcset=\"https:\/\/elpajaritonews.com\/wp-content\/uploads\/2024\/08\/mexico-no-es-colonia-de-ningun-pais-reitera-amlo-desde-sonora-6461html-amlo-2421html-194cff91-0e2f-44e0-9187-662efda8027d.webp 1024w, https:\/\/elpajaritonews.com\/wp-content\/uploads\/2024\/08\/mexico-no-es-colonia-de-ningun-pais-reitera-amlo-desde-sonora-6461html-amlo-2421html-194cff91-0e2f-44e0-9187-662efda8027d-300x212.webp 300w, https:\/\/elpajaritonews.com\/wp-content\/uploads\/2024\/08\/mexico-no-es-colonia-de-ningun-pais-reitera-amlo-desde-sonora-6461html-amlo-2421html-194cff91-0e2f-44e0-9187-662efda8027d-768x542.webp 768w\" sizes=\"auto, (max-width: 1024px) 100vw, 1024px\" \/><\/figure>\n\n\n\n<p class=\"wp-block-paragraph\">A un par de d\u00edas que el embajador de Estados Unidos en M\u00e9xico, Ken Salazar, expres\u00f3 su abierto rechazo a la iniciativa de reforma constitucional al Poder Judicial, el mandatario mexicano insisti\u00f3 que nuestro pa\u00eds es libre e independiente. Y tambi\u00e9n aludi\u00f3 al uso pol\u00edtico que algunos pol\u00edticos estadunidenses han dado al tema migratorio.<\/p>\n\n\n\n<p class=\"wp-block-paragraph\">\u201cLos vamos a defender siempre (a los migrantes), les guste o no les guste. No queremos muros ni militarizaci\u00f3n de la frontera, no queremos maltratos a nuestros paisanos; y que no olviden que M\u00e9xico es un pa\u00eds libre, independiente y soberano, no es colonia de ninguna pa\u00eds extranjero\u201d.<\/p>\n\n\n\n<p class=\"wp-block-paragraph\">De nuevo, pas\u00f3 la estafeta a quien en 37 d\u00edas lo relevar\u00e1 en la Presidencia de la Rep\u00fablica. \u201cYa a mi edad ni puedo andar de lambisc\u00f3n\u201d, dijo a manera de aclaraci\u00f3n para continuar \u2014como lo ha hecho desde que Sheinbaum gan\u00f3 las elecciones\u2014 con los elogios a su correligionaria.<\/p>\n\n\n\n<p class=\"wp-block-paragraph\">\u201cA la que voy a entregar la banda presidencial es muy buena, es una mujer extraordinaria, me voy a ir contento y tranquilo, me va a sustituir una mujer preparada, con principios, con buen coraz\u00f3n, buenos sentimientos y va a darle continuidad a too lo que hicimos, porque no es labor o logro de un solo hombre o un pu\u00f1ado de hombres que empezamos esto; no, fuimos millones, fuimos miles de sonorenses cuando empezamos que era muy dif\u00edcil\u201d.<\/p>\n\n\n\n<p class=\"wp-block-paragraph\">El cierre de su mandato, asegur\u00f3, ser\u00e1 terso. \u201cNuestra presidenta ya me relev\u00f3 en el compromiso (de seguir las obras pendientes) y ya nos vamos a ir muy tranquilos, suavecito, suavecito, poco a poquito. Ya saben que amor, con amor se paga\u201d.<\/p>\n\n\n\n<p class=\"wp-block-paragraph\">En tanto, la pr\u00f3xima presidenta record\u00f3 que el pasado 2 de junio el pueblo envi\u00f3 con claro mensaje. \u201cSe est\u00e1 por aprobar ya en el Congreso lo que en su momento hablamos aqu\u00ed y en campa\u00f1a: el Plan C\u201d.<\/p>\n\n\n\n<p class=\"wp-block-paragraph\">Y continu\u00f3: \u201cque quiere decir varias reformas a la Constituci\u00f3n que tiene que ver con fortalecer los programas del bienestar\u201d, y una m\u00e1s, la del Poder Judicial.<\/p>\n\n\n\n<p class=\"wp-block-paragraph\">Repiti\u00f3 el mismo ejercicio que lanz\u00f3 en la huasteca potosina ayer. Pregunt\u00f3 a los cientos de asistentes a este acto: \u201c\u00bfQu\u00e9 es mejor, que a los ministros de la Suprema Corte los elija el Senado de la Rep\u00fablica o el pueblo de M\u00e9xico?\u201d.<\/p>\n\n\n\n<p class=\"wp-block-paragraph\">Al un\u00edsono, la gente respondi\u00f3 en un grito: \u201c\u00a1El pueblo!\u201d. No conforme con eso, Sheimbaum pidi\u00f3 un voto a mano alzada, como en asamblea popular, a lo que todos los presentes alzaron la mano para avalar simb\u00f3licamente su acuerdo con la pol\u00e9mica reforma.<\/p>\n\n\n\n<p class=\"wp-block-paragraph\">\u201cEso es democracia, democracia para elegir a la presidenta, a los legisladores y para el Poder Judicial, que sea un Poder Judicial que est\u00e9 al servicio del pueblo\u201d.<\/p>\n\n\n\n<figure class=\"wp-block-embed is-type-video is-provider-youtube wp-block-embed-youtube wp-embed-aspect-16-9 wp-has-aspect-ratio\"><div class=\"wp-block-embed__wrapper\">\n<iframe loading=\"lazy\" title=\"Inauguraci\u00f3n de obras del Sistema Portuario Nacional-Guaymas, desde Sonora\" width=\"640\" height=\"360\" src=\"https:\/\/www.youtube.com\/embed\/FZI4qdSa5Po?start=19&#038;feature=oembed\" frameborder=\"0\" allow=\"accelerometer; autoplay; clipboard-write; encrypted-media; gyroscope; picture-in-picture; web-share\" referrerpolicy=\"strict-origin-when-cross-origin\" allowfullscreen><\/iframe>\n<\/div><\/figure>\n","protected":false},"excerpt":{"rendered":"<p>Desde la Plaza de los Tres Presidentes \u2014principal espacio p\u00fablico de este costero municipio\u2014, el jefe del Ejecutivo inaugur\u00f3 varias obras del Sistema Portuario Nacional-Guaymas, junto a su pr\u00f3xima sucesora, Claudia Sheinbaum Pardo. En ese marco \u2014y luego que el consejo general del Instituto Nacional Electoral aval\u00f3 ayer la mayor\u00eda calificada para el movimiento de&#8230;<\/p>\n","protected":false},"author":2,"featured_media":61417,"comment_status":"closed","ping_status":"closed","sticky":false,"template":"","format":"standard","meta":{"_crdt_document":"","_exactmetrics_skip_tracking":false,"_exactmetrics_sitenote_active":false,"_exactmetrics_sitenote_note":"","_exactmetrics_sitenote_category":0,"footnotes":""},"categories":[89,26,23,82,31,1,27,69],"tags":[71,79,72,73,74,76,28,29,75,30],"class_list":["post-61416","post","type-post","status-publish","format-standard","has-post-thumbnail","hentry","category-estados-unidos","category-local","category-mexico","category-poder-judicial","category-politica","category-seguridad","category-sonora","category-ultimas-noticias","tag-alfonso-durazo","tag-andres-manuel-lopez-obrador","tag-claudia-sheinbaum","tag-congreso-del-estado-de-sonora","tag-hermosillo","tag-medio-ambiente","tag-nogales","tag-nogales-la-gran-frontera","tag-seguridad-publica","tag-sonora-tierra-de-oportunidades"],"_links":{"self":[{"href":"https:\/\/elpajaritonews.com\/index.php?rest_route=\/wp\/v2\/posts\/61416","targetHints":{"allow":["GET"]}}],"collection":[{"href":"https:\/\/elpajaritonews.com\/index.php?rest_route=\/wp\/v2\/posts"}],"about":[{"href":"https:\/\/elpajaritonews.com\/index.php?rest_route=\/wp\/v2\/types\/post"}],"author":[{"embeddable":true,"href":"https:\/\/elpajaritonews.com\/index.php?rest_route=\/wp\/v2\/users\/2"}],"replies":[{"embeddable":true,"href":"https:\/\/elpajaritonews.com\/index.php?rest_route=%2Fwp%2Fv2%2Fcomments&post=61416"}],"version-history":[{"count":1,"href":"https:\/\/elpajaritonews.com\/index.php?rest_route=\/wp\/v2\/posts\/61416\/revisions"}],"predecessor-version":[{"id":61419,"href":"https:\/\/elpajaritonews.com\/index.php?rest_route=\/wp\/v2\/posts\/61416\/revisions\/61419"}],"wp:featuredmedia":[{"embeddable":true,"href":"https:\/\/elpajaritonews.com\/index.php?rest_route=\/wp\/v2\/media\/61417"}],"wp:attachment":[{"href":"https:\/\/elpajaritonews.com\/index.php?rest_route=%2Fwp%2Fv2%2Fmedia&parent=61416"}],"wp:term":[{"taxonomy":"category","embeddable":true,"href":"https:\/\/elpajaritonews.com\/index.php?rest_route=%2Fwp%2Fv2%2Fcategories&post=61416"},{"taxonomy":"post_tag","embeddable":true,"href":"https:\/\/elpajaritonews.com\/index.php?rest_route=%2Fwp%2Fv2%2Ftags&post=61416"}],"curies":[{"name":"wp","href":"https:\/\/api.w.org\/{rel}","templated":true}]}}