{"id":61500,"date":"2024-08-27T16:58:47","date_gmt":"2024-08-27T23:58:47","guid":{"rendered":"https:\/\/elpajaritonews.com\/?p=61500"},"modified":"2024-08-27T16:58:50","modified_gmt":"2024-08-27T23:58:50","slug":"sere-un-senador-cercano-a-la-gente-heriberto-aguilar","status":"publish","type":"post","link":"https:\/\/elpajaritonews.com\/?p=61500","title":{"rendered":"\u201cSER\u00c9 UN SENADOR CERCANO A LA GENTE\u201d: HERIBERTO AGUILAR"},"content":{"rendered":"\n<p class=\"wp-block-paragraph\">Al registrarse en la sede del Senado para constituir la LXVI legislatura, Aguilar Castillo asegur\u00f3 volver\u00e1 y estar\u00e1 presente en colonias, pueblos y ciudades.&nbsp;<\/p>\n\n\n\n<p class=\"wp-block-paragraph\">Luego de registrarse como senador de la Rep\u00fablica por el estado de Sonora para integrar la LXVI legislatura, Heriberto Aguilar Castillo asegur\u00f3 que trabajar\u00e1 por la prosperidad y el mejoramiento de la calidad de vida de las y los sonorenses.<\/p>\n\n\n\n<figure class=\"wp-block-image size-large\"><img loading=\"lazy\" decoding=\"async\" width=\"1024\" height=\"576\" src=\"https:\/\/elpajaritonews.com\/wp-content\/uploads\/2024\/08\/4377bda1-729f-4353-bb4e-c79e8d9ae400-1024x576.jpg\" alt=\"\" class=\"wp-image-61502\" srcset=\"https:\/\/elpajaritonews.com\/wp-content\/uploads\/2024\/08\/4377bda1-729f-4353-bb4e-c79e8d9ae400-1024x576.jpg 1024w, https:\/\/elpajaritonews.com\/wp-content\/uploads\/2024\/08\/4377bda1-729f-4353-bb4e-c79e8d9ae400-300x169.jpg 300w, https:\/\/elpajaritonews.com\/wp-content\/uploads\/2024\/08\/4377bda1-729f-4353-bb4e-c79e8d9ae400-768x432.jpg 768w, https:\/\/elpajaritonews.com\/wp-content\/uploads\/2024\/08\/4377bda1-729f-4353-bb4e-c79e8d9ae400.jpg 1280w\" sizes=\"auto, (max-width: 1024px) 100vw, 1024px\" \/><\/figure>\n\n\n\n<p class=\"wp-block-paragraph\">El fundador del Movimiento de Regeneraci\u00f3n Nacional (Morena) en la entidad asegur\u00f3 que la lucha que inici\u00f3 con el presidente Andr\u00e9s Manuel L\u00f3pez Obrador es bajo los ideales de \u00abjusticia, una verdadera democracia, igualdad y dignidad para el pueblo\u00bb, en especial para los que menos tienen.&nbsp;<\/p>\n\n\n\n<p class=\"wp-block-paragraph\">El expresidente de Morena Sonora agradeci\u00f3 la responsabilidad que las y los ciudadanos le otorgaron el 2 de junio y les reiter\u00f3: \u00abSer\u00e9 un senador que estar\u00e1 presente en colonias, pueblos y ciudades, siempre cerca de la gente, legislando con su sentir y sentimientos\u00bb.<\/p>\n\n\n\n<p class=\"wp-block-paragraph\">\u00abAvanzaremos en los derechos del pueblo para que se eleven a rango constitucional y lo haremos junto a la presidenta Claudia Sheinbaum, quien encarna el legado del humanismo mexicano de Andr\u00e9s Manuel L\u00f3pez Obrador\u00bb, expuso Aguilar Castillo.<\/p>\n\n\n\n<figure class=\"wp-block-image size-large\"><img loading=\"lazy\" decoding=\"async\" width=\"1024\" height=\"747\" src=\"https:\/\/elpajaritonews.com\/wp-content\/uploads\/2024\/08\/2df4a26a-c652-47ba-9248-73ec815e3b9f-1024x747.jpg\" alt=\"\" class=\"wp-image-61503\" srcset=\"https:\/\/elpajaritonews.com\/wp-content\/uploads\/2024\/08\/2df4a26a-c652-47ba-9248-73ec815e3b9f-1024x747.jpg 1024w, https:\/\/elpajaritonews.com\/wp-content\/uploads\/2024\/08\/2df4a26a-c652-47ba-9248-73ec815e3b9f-300x219.jpg 300w, https:\/\/elpajaritonews.com\/wp-content\/uploads\/2024\/08\/2df4a26a-c652-47ba-9248-73ec815e3b9f-768x560.jpg 768w, https:\/\/elpajaritonews.com\/wp-content\/uploads\/2024\/08\/2df4a26a-c652-47ba-9248-73ec815e3b9f.jpg 1280w\" sizes=\"auto, (max-width: 1024px) 100vw, 1024px\" \/><\/figure>\n\n\n\n<p class=\"wp-block-paragraph\">En Sonora, con la aprobaci\u00f3n de reformas constitucionales y leyes de la 4T, dijo, se fortalece y avanza el desarrollo con bienestar social que ha iniciado el gobernador, Alfonso Durazo Monta\u00f1o.<\/p>\n\n\n\n<p class=\"wp-block-paragraph\">A\u00f1adi\u00f3 que participar\u00e1 en la plenaria de los Senadores de Morena, donde se elegir\u00e1 al coordinador y vice coordinador parlamentario adem\u00e1s que los integrantes de la mesa directiva para el primer a\u00f1o de ejercicio.<\/p>\n\n\n\n<figure class=\"wp-block-video\"><video height=\"480\" style=\"aspect-ratio: 848 \/ 480;\" width=\"848\" controls src=\"https:\/\/elpajaritonews.com\/wp-content\/uploads\/2024\/08\/WhatsApp-Video-2024-08-27-at-16.50.12.mp4\"><\/video><\/figure>\n\n\n\n<p class=\"wp-block-paragraph\">En entrevista con los periodistas que cubren el Senado de la Rep\u00fablica, manifest\u00f3 que la reforma del poder Judicial de la Federaci\u00f3n es una prioridad para garantizar justicia para todos los mexicanos, asunto en el que dijo que no habr\u00e1 mayor obst\u00e1culo pues Morena y sus aliados tienen mayor\u00eda calificada en la C\u00e1mara de Diputados y en el Senado de la Rep\u00fablica.<\/p>\n","protected":false},"excerpt":{"rendered":"<p>Al registrarse en la sede del Senado para constituir la LXVI legislatura, Aguilar Castillo asegur\u00f3 volver\u00e1 y estar\u00e1 presente en colonias, pueblos y ciudades.&nbsp; Luego de registrarse como senador de la Rep\u00fablica por el estado de Sonora para integrar la LXVI legislatura, Heriberto Aguilar Castillo asegur\u00f3 que trabajar\u00e1 por la prosperidad y el mejoramiento de&#8230;<\/p>\n","protected":false},"author":2,"featured_media":61501,"comment_status":"closed","ping_status":"closed","sticky":false,"template":"","format":"standard","meta":{"_crdt_document":"","_exactmetrics_skip_tracking":false,"_exactmetrics_sitenote_active":false,"_exactmetrics_sitenote_note":"","_exactmetrics_sitenote_category":0,"footnotes":""},"categories":[35,23,31,27,69,65],"tags":[71,79,72,73,74,76,28,29,75,30],"class_list":["post-61500","post","type-post","status-publish","format-standard","has-post-thumbnail","hentry","category-elecciones-2024","category-mexico","category-politica","category-sonora","category-ultimas-noticias","category-videos","tag-alfonso-durazo","tag-andres-manuel-lopez-obrador","tag-claudia-sheinbaum","tag-congreso-del-estado-de-sonora","tag-hermosillo","tag-medio-ambiente","tag-nogales","tag-nogales-la-gran-frontera","tag-seguridad-publica","tag-sonora-tierra-de-oportunidades"],"_links":{"self":[{"href":"https:\/\/elpajaritonews.com\/index.php?rest_route=\/wp\/v2\/posts\/61500","targetHints":{"allow":["GET"]}}],"collection":[{"href":"https:\/\/elpajaritonews.com\/index.php?rest_route=\/wp\/v2\/posts"}],"about":[{"href":"https:\/\/elpajaritonews.com\/index.php?rest_route=\/wp\/v2\/types\/post"}],"author":[{"embeddable":true,"href":"https:\/\/elpajaritonews.com\/index.php?rest_route=\/wp\/v2\/users\/2"}],"replies":[{"embeddable":true,"href":"https:\/\/elpajaritonews.com\/index.php?rest_route=%2Fwp%2Fv2%2Fcomments&post=61500"}],"version-history":[{"count":1,"href":"https:\/\/elpajaritonews.com\/index.php?rest_route=\/wp\/v2\/posts\/61500\/revisions"}],"predecessor-version":[{"id":61505,"href":"https:\/\/elpajaritonews.com\/index.php?rest_route=\/wp\/v2\/posts\/61500\/revisions\/61505"}],"wp:featuredmedia":[{"embeddable":true,"href":"https:\/\/elpajaritonews.com\/index.php?rest_route=\/wp\/v2\/media\/61501"}],"wp:attachment":[{"href":"https:\/\/elpajaritonews.com\/index.php?rest_route=%2Fwp%2Fv2%2Fmedia&parent=61500"}],"wp:term":[{"taxonomy":"category","embeddable":true,"href":"https:\/\/elpajaritonews.com\/index.php?rest_route=%2Fwp%2Fv2%2Fcategories&post=61500"},{"taxonomy":"post_tag","embeddable":true,"href":"https:\/\/elpajaritonews.com\/index.php?rest_route=%2Fwp%2Fv2%2Ftags&post=61500"}],"curies":[{"name":"wp","href":"https:\/\/api.w.org\/{rel}","templated":true}]}}