{"id":61506,"date":"2024-08-27T17:17:24","date_gmt":"2024-08-28T00:17:24","guid":{"rendered":"https:\/\/elpajaritonews.com\/?p=61506"},"modified":"2024-08-27T17:17:26","modified_gmt":"2024-08-28T00:17:26","slug":"secunda-sheinbaum-decision-de-amlo-sobre-pausa-diplomatica-con-eu-y-canada","status":"publish","type":"post","link":"https:\/\/elpajaritonews.com\/?p=61506","title":{"rendered":"SECUNDA SHEINBAUM DECISI\u00d3N DE AMLO SOBRE PAUSA DIPLOM\u00c1TICA CON EU Y CANAD\u00c1"},"content":{"rendered":"\n<p class=\"wp-block-paragraph\">La presidenta electa, Claudia Sheinbaum Pardo, respald\u00f3 la decisi\u00f3n del presidente Andr\u00e9s Manuel L\u00f3pez Obrador de poner en pausa las relaciones con los embajadores de Estados Unidos y Canad\u00e1 en M\u00e9xico, frente \u201cal agravio que cometieron\u201d y consider\u00f3 que \u201ceso no cambia las relaciones\u201d con ambos gobiernos. Se mantiene el di\u00e1logo.<\/p>\n\n\n\n<p class=\"wp-block-paragraph\">Manifest\u00f3 que los embajadores deben respetar que hay temas que corresponden solo a los mexicanos, y precis\u00f3 que depender\u00e1 de lo que ocurra en las siguientes semanas para definir sobre la pausa con los diplom\u00e1ticos, una vez que tome posesi\u00f3n.<\/p>\n\n\n\n<p class=\"wp-block-paragraph\">Se\u00f1al\u00f3 que por lo pronto, no tiene contemplada ninguna reuni\u00f3n con el embajador estadunidense, Ken Salazar.<\/p>\n\n\n\n<p class=\"wp-block-paragraph\">\u201cTuvimos una reuni\u00f3n cuando vinieron legisladores (de ese pa\u00eds) y otra, cuando vino la responsable del tema de Seguridad del presidente (Joe) Biden\u201d.<\/p>\n\n\n\n<p class=\"wp-block-paragraph\">Insisti\u00f3 que \u201chay muy buena relaci\u00f3n con Estados Unidos y Canad\u00e1, somos socios comerciales, hay di\u00e1logo, pero hay temas que le corresponden exclusivamente a los mexicanos y mexicanas decidir, como es el caso de la transformaci\u00f3n del Poder Judicial\u201d:<\/p>\n\n\n\n<p class=\"wp-block-paragraph\">Entonces, sostuvo, el presidente constitucional \u201ctiene sus razones para tomar esta decisi\u00f3n y a nosotros nos corresponder\u00e1 a partir del 1 de octubre, cuando entremos a la Presidencia de la Rep\u00fablica\u201d.<\/p>\n\n\n\n<p class=\"wp-block-paragraph\">Por supuesto \u201cque vamos a respaldar siempre al Presidente de la Rep\u00fablica y eso no quiere decir que cambien las relaciones con Estados Unidos y Canad\u00e1, pero s\u00ed es importante que las y los embajadores de estos pa\u00edses y de otros (reconozcan) que hay temas que le corresponden exclusivamente a los mexicanos y mexicanas, as\u00ed como nosotros somos respetuosos tambi\u00e9n de lo que le corresponde exclusivamente al pueblo estadunidense y al pueblo canadiense.<\/p>\n\n\n\n<p class=\"wp-block-paragraph\">A pregunta expresa, dijo que no no tiene contemplado pedir el retiro del embajador de Estados Unidos<\/p>\n\n\n\n<p class=\"wp-block-paragraph\">\u201cNadie est\u00e1 planeando, de mi parte no lo estoy planeando\u201d.<\/p>\n\n\n\n<p class=\"wp-block-paragraph\">-\u00bfMantendr\u00e1 la decisi\u00f3n de poner en pausa la relaci\u00f3n con el embajador?<\/p>\n\n\n\n<p class=\"wp-block-paragraph\">-Vamos a ver qu\u00e9 pasa en esta semana, no tenemos por qu\u00e9 adelantarnos.<\/p>\n\n\n\n<p class=\"wp-block-paragraph\">\u201cLo importante es que hubo un posicionamiento por parte de los embajadores de Estados Unidos y de Canad\u00e1 y nuestra funci\u00f3n como Poder Ejecutivo y tambi\u00e9n delos legisladores es defender nuestra soberan\u00eda. Lo que pasa es que estas declaraciones, el embajador habl\u00f3 del gobierno de EU, no son declaraciones aisladas.<\/p>\n\n\n\n<p class=\"wp-block-paragraph\">La canciller tambi\u00e9n respalda posici\u00f3n de AMLO<\/p>\n\n\n\n<p class=\"wp-block-paragraph\">La canciller Alicia B\u00e1rcena expres\u00f3 este martes su respaldo a la decisi\u00f3n del presidente Andr\u00e9s Manuel L\u00f3pez Obrador de poner en pausa las relaciones con las embajadas de Estados Unidos y Canad\u00e1.<\/p>\n\n\n\n<p class=\"wp-block-paragraph\">\u00abLas decisiones sobre M\u00e9xico las toman las mexicanas y mexicanos\u201d, afirm\u00f3 en la plataforma X la titular de la Secretar\u00eda de Relaciones Exteriores (SRE). \u201cRespaldamos al presidente @lopezobrador_ por comentarios injerencistas de embajadas de Estados Unidos y Canad\u00e1\u201d.<\/p>\n\n\n\n<p class=\"wp-block-paragraph\">\u00abNuestra relaci\u00f3n con amigos y vecinos de Norteam\u00e9rica es prioritaria y fundamental, y a nivel cotidiano sigue fluida y normal\u201d, aclar\u00f3 la funcionaria.<\/p>\n\n\n\n<figure class=\"wp-block-embed is-type-rich is-provider-twitter wp-block-embed-twitter\"><div class=\"wp-block-embed__wrapper\">\n<blockquote class=\"twitter-tweet\" data-width=\"550\" data-dnt=\"true\"><p lang=\"es\" dir=\"ltr\"><a href=\"https:\/\/twitter.com\/hashtag\/%C3%9ALTIMAHORA?src=hash&amp;ref_src=twsrc%5Etfw\">#\u00daLTIMAHORA<\/a> La presidenta electa <a href=\"https:\/\/twitter.com\/Claudiashein?ref_src=twsrc%5Etfw\">@Claudiashein<\/a> respalda la decisi\u00f3n del presidente <a href=\"https:\/\/twitter.com\/lopezobradooor_?ref_src=twsrc%5Etfw\">@lopezobradooor_<\/a> de suspender di\u00e1logo con embajadas de <a href=\"https:\/\/twitter.com\/hashtag\/EstadosUnidos?src=hash&amp;ref_src=twsrc%5Etfw\">#EstadosUnidos<\/a> y <a href=\"https:\/\/twitter.com\/hashtag\/Canad%C3%A1?src=hash&amp;ref_src=twsrc%5Etfw\">#Canad\u00e1<\/a>. Reiter\u00f3 que que ya corresponder\u00e1 a ella a partir del 1 de octubre decidir si se mantiene la medida. <a href=\"https:\/\/t.co\/8tMKfRYdxG\">pic.twitter.com\/8tMKfRYdxG<\/a><\/p>&mdash; Michelle Rivera (@michelleriveraa) <a href=\"https:\/\/twitter.com\/michelleriveraa\/status\/1828535138436948334?ref_src=twsrc%5Etfw\">August 27, 2024<\/a><\/blockquote><script async src=\"https:\/\/platform.twitter.com\/widgets.js\" charset=\"utf-8\"><\/script>\n<\/div><\/figure>\n","protected":false},"excerpt":{"rendered":"<p>La presidenta electa, Claudia Sheinbaum Pardo, respald\u00f3 la decisi\u00f3n del presidente Andr\u00e9s Manuel L\u00f3pez Obrador de poner en pausa las relaciones con los embajadores de Estados Unidos y Canad\u00e1 en M\u00e9xico, frente \u201cal agravio que cometieron\u201d y consider\u00f3 que \u201ceso no cambia las relaciones\u201d con ambos gobiernos. Se mantiene el di\u00e1logo. Manifest\u00f3 que los embajadores&#8230;<\/p>\n","protected":false},"author":2,"featured_media":61507,"comment_status":"closed","ping_status":"closed","sticky":false,"template":"","format":"standard","meta":{"_crdt_document":"","_exactmetrics_skip_tracking":false,"_exactmetrics_sitenote_active":false,"_exactmetrics_sitenote_note":"","_exactmetrics_sitenote_category":0,"footnotes":""},"categories":[89,88,23,82,31,27,69],"tags":[71,79,72,73,74,76,28,29,75,30],"class_list":["post-61506","post","type-post","status-publish","format-standard","has-post-thumbnail","hentry","category-estados-unidos","category-justicia","category-mexico","category-poder-judicial","category-politica","category-sonora","category-ultimas-noticias","tag-alfonso-durazo","tag-andres-manuel-lopez-obrador","tag-claudia-sheinbaum","tag-congreso-del-estado-de-sonora","tag-hermosillo","tag-medio-ambiente","tag-nogales","tag-nogales-la-gran-frontera","tag-seguridad-publica","tag-sonora-tierra-de-oportunidades"],"_links":{"self":[{"href":"https:\/\/elpajaritonews.com\/index.php?rest_route=\/wp\/v2\/posts\/61506","targetHints":{"allow":["GET"]}}],"collection":[{"href":"https:\/\/elpajaritonews.com\/index.php?rest_route=\/wp\/v2\/posts"}],"about":[{"href":"https:\/\/elpajaritonews.com\/index.php?rest_route=\/wp\/v2\/types\/post"}],"author":[{"embeddable":true,"href":"https:\/\/elpajaritonews.com\/index.php?rest_route=\/wp\/v2\/users\/2"}],"replies":[{"embeddable":true,"href":"https:\/\/elpajaritonews.com\/index.php?rest_route=%2Fwp%2Fv2%2Fcomments&post=61506"}],"version-history":[{"count":1,"href":"https:\/\/elpajaritonews.com\/index.php?rest_route=\/wp\/v2\/posts\/61506\/revisions"}],"predecessor-version":[{"id":61508,"href":"https:\/\/elpajaritonews.com\/index.php?rest_route=\/wp\/v2\/posts\/61506\/revisions\/61508"}],"wp:featuredmedia":[{"embeddable":true,"href":"https:\/\/elpajaritonews.com\/index.php?rest_route=\/wp\/v2\/media\/61507"}],"wp:attachment":[{"href":"https:\/\/elpajaritonews.com\/index.php?rest_route=%2Fwp%2Fv2%2Fmedia&parent=61506"}],"wp:term":[{"taxonomy":"category","embeddable":true,"href":"https:\/\/elpajaritonews.com\/index.php?rest_route=%2Fwp%2Fv2%2Fcategories&post=61506"},{"taxonomy":"post_tag","embeddable":true,"href":"https:\/\/elpajaritonews.com\/index.php?rest_route=%2Fwp%2Fv2%2Ftags&post=61506"}],"curies":[{"name":"wp","href":"https:\/\/api.w.org\/{rel}","templated":true}]}}