{"id":61509,"date":"2024-08-27T17:33:15","date_gmt":"2024-08-28T00:33:15","guid":{"rendered":"https:\/\/elpajaritonews.com\/?p=61509"},"modified":"2024-08-27T17:56:40","modified_gmt":"2024-08-28T00:56:40","slug":"atrae-gobernador-durazo-mas-de-mil-nuevos-empleos-con-inauguracion-de-la-planta-kyungshin-mexico-obregon","status":"publish","type":"post","link":"https:\/\/elpajaritonews.com\/?p=61509","title":{"rendered":"ATRAE GOBERNADOR DURAZO M\u00c1S DE MIL NUEVOS EMPLEOS CON INAUGURACI\u00d3N DE LA PLANTA KYUNGSHIN M\u00c9XICO-OBREG\u00d3N"},"content":{"rendered":"\n<p class=\"wp-block-paragraph\">-La puesta en operaciones de la empresa coreana convierte a Sonora en un punto de referencia para instalaci\u00f3n de nuevas industrias extranjeras<\/p>\n\n\n\n<figure class=\"wp-block-image size-large\"><img loading=\"lazy\" decoding=\"async\" width=\"1024\" height=\"682\" src=\"https:\/\/elpajaritonews.com\/wp-content\/uploads\/2024\/08\/00125d87-6354-4090-96bb-9f6a98f0fb0a-1024x682.jpg\" alt=\"\" class=\"wp-image-61511\" srcset=\"https:\/\/elpajaritonews.com\/wp-content\/uploads\/2024\/08\/00125d87-6354-4090-96bb-9f6a98f0fb0a-1024x682.jpg 1024w, https:\/\/elpajaritonews.com\/wp-content\/uploads\/2024\/08\/00125d87-6354-4090-96bb-9f6a98f0fb0a-300x200.jpg 300w, https:\/\/elpajaritonews.com\/wp-content\/uploads\/2024\/08\/00125d87-6354-4090-96bb-9f6a98f0fb0a-768x511.jpg 768w, https:\/\/elpajaritonews.com\/wp-content\/uploads\/2024\/08\/00125d87-6354-4090-96bb-9f6a98f0fb0a-600x400.jpg 600w, https:\/\/elpajaritonews.com\/wp-content\/uploads\/2024\/08\/00125d87-6354-4090-96bb-9f6a98f0fb0a.jpg 1233w\" sizes=\"auto, (max-width: 1024px) 100vw, 1024px\" \/><\/figure>\n\n\n\n<p class=\"wp-block-paragraph\">Con la inauguraci\u00f3n de la empresa Kyungshin M\u00e9xico-Obreg\u00f3n, Sonora se consolida como punto de referencia para la llegada de inversiones extranjeras por la condici\u00f3n de certidumbre y confianza que brinda a las industrias para su expansi\u00f3n econ\u00f3mica, asegur\u00f3 el gobernador Alfonso Durazo Monta\u00f1o.<\/p>\n\n\n\n<figure class=\"wp-block-image size-large\"><img loading=\"lazy\" decoding=\"async\" width=\"1024\" height=\"682\" src=\"https:\/\/elpajaritonews.com\/wp-content\/uploads\/2024\/08\/1d2d2c27-0ece-424b-b947-0a2f29e3a986-1024x682.jpg\" alt=\"\" class=\"wp-image-61512\" srcset=\"https:\/\/elpajaritonews.com\/wp-content\/uploads\/2024\/08\/1d2d2c27-0ece-424b-b947-0a2f29e3a986-1024x682.jpg 1024w, https:\/\/elpajaritonews.com\/wp-content\/uploads\/2024\/08\/1d2d2c27-0ece-424b-b947-0a2f29e3a986-300x200.jpg 300w, https:\/\/elpajaritonews.com\/wp-content\/uploads\/2024\/08\/1d2d2c27-0ece-424b-b947-0a2f29e3a986-768x512.jpg 768w, https:\/\/elpajaritonews.com\/wp-content\/uploads\/2024\/08\/1d2d2c27-0ece-424b-b947-0a2f29e3a986-1536x1023.jpg 1536w, https:\/\/elpajaritonews.com\/wp-content\/uploads\/2024\/08\/1d2d2c27-0ece-424b-b947-0a2f29e3a986-600x400.jpg 600w, https:\/\/elpajaritonews.com\/wp-content\/uploads\/2024\/08\/1d2d2c27-0ece-424b-b947-0a2f29e3a986.jpg 1600w\" sizes=\"auto, (max-width: 1024px) 100vw, 1024px\" \/><\/figure>\n\n\n\n<p class=\"wp-block-paragraph\">Ante directivos de Kyungshin M\u00e9xico-Obreg\u00f3n, el mandatario estatal destac\u00f3 la inversi\u00f3n de 11 millones de d\u00f3lares realizada por la empresa coreana y la generaci\u00f3n de mil 370 nuevos empleos en su primera etapa, con potencial de crear cuatro mil puestos laborales en cuatro a\u00f1os.<\/p>\n\n\n\n<figure class=\"wp-block-image size-large\"><img loading=\"lazy\" decoding=\"async\" width=\"1024\" height=\"682\" src=\"https:\/\/elpajaritonews.com\/wp-content\/uploads\/2024\/08\/9d54fb11-5058-4194-a294-7e8390d43160-1024x682.jpg\" alt=\"\" class=\"wp-image-61513\" srcset=\"https:\/\/elpajaritonews.com\/wp-content\/uploads\/2024\/08\/9d54fb11-5058-4194-a294-7e8390d43160-1024x682.jpg 1024w, https:\/\/elpajaritonews.com\/wp-content\/uploads\/2024\/08\/9d54fb11-5058-4194-a294-7e8390d43160-300x200.jpg 300w, https:\/\/elpajaritonews.com\/wp-content\/uploads\/2024\/08\/9d54fb11-5058-4194-a294-7e8390d43160-768x512.jpg 768w, https:\/\/elpajaritonews.com\/wp-content\/uploads\/2024\/08\/9d54fb11-5058-4194-a294-7e8390d43160-600x400.jpg 600w, https:\/\/elpajaritonews.com\/wp-content\/uploads\/2024\/08\/9d54fb11-5058-4194-a294-7e8390d43160.jpg 1280w\" sizes=\"auto, (max-width: 1024px) 100vw, 1024px\" \/><\/figure>\n\n\n\n<p class=\"wp-block-paragraph\">Destac\u00f3 que una de las principales ventajas competitivas que tiene Sonara es el talento humano, por lo que hizo un llamado a las y los trabajadores de Kyungshin para continuar en ese tenor y atraer m\u00e1s empresas logrando as\u00ed el relanzamiento de Ciudad Obreg\u00f3n como un polo industrial.<\/p>\n\n\n\n<figure class=\"wp-block-image size-large\"><img loading=\"lazy\" decoding=\"async\" width=\"1024\" height=\"682\" src=\"https:\/\/elpajaritonews.com\/wp-content\/uploads\/2024\/08\/77f0c4cc-7b72-4923-ad06-4dd671f81269-1024x682.jpg\" alt=\"\" class=\"wp-image-61514\" srcset=\"https:\/\/elpajaritonews.com\/wp-content\/uploads\/2024\/08\/77f0c4cc-7b72-4923-ad06-4dd671f81269-1024x682.jpg 1024w, https:\/\/elpajaritonews.com\/wp-content\/uploads\/2024\/08\/77f0c4cc-7b72-4923-ad06-4dd671f81269-300x200.jpg 300w, https:\/\/elpajaritonews.com\/wp-content\/uploads\/2024\/08\/77f0c4cc-7b72-4923-ad06-4dd671f81269-768x512.jpg 768w, https:\/\/elpajaritonews.com\/wp-content\/uploads\/2024\/08\/77f0c4cc-7b72-4923-ad06-4dd671f81269-600x400.jpg 600w, https:\/\/elpajaritonews.com\/wp-content\/uploads\/2024\/08\/77f0c4cc-7b72-4923-ad06-4dd671f81269.jpg 1280w\" sizes=\"auto, (max-width: 1024px) 100vw, 1024px\" \/><\/figure>\n\n\n\n<p class=\"wp-block-paragraph\">\u00abMi llamado a las, a los trabajadores que reciben la oportunidad con la apertura de esta planta, para que el talento humano sonorense siga brillando y mereciendo el reconocimiento que tiene a nivel nacional e internacional y ese reconocimiento convoque a otras plantas coreanas a establecerse aqu\u00ed en Cajeme.&nbsp; Nosotros vamos a hacer nuestra parte en la promoci\u00f3n para conseguirlo, y relanzar a Ciudad Obreg\u00f3n como un polo industrial y recuperar as\u00ed la grandeza qu\u00e9 hist\u00f3ricamente le reconocimos a esta extraordinaria ciudad\u00bb, coment\u00f3.<\/p>\n\n\n\n<figure class=\"wp-block-image size-large\"><img loading=\"lazy\" decoding=\"async\" width=\"1024\" height=\"682\" src=\"https:\/\/elpajaritonews.com\/wp-content\/uploads\/2024\/08\/6c4be1af-6583-4b1c-89b4-4d59b53b7002-1024x682.jpg\" alt=\"\" class=\"wp-image-61515\" srcset=\"https:\/\/elpajaritonews.com\/wp-content\/uploads\/2024\/08\/6c4be1af-6583-4b1c-89b4-4d59b53b7002-1024x682.jpg 1024w, https:\/\/elpajaritonews.com\/wp-content\/uploads\/2024\/08\/6c4be1af-6583-4b1c-89b4-4d59b53b7002-300x200.jpg 300w, https:\/\/elpajaritonews.com\/wp-content\/uploads\/2024\/08\/6c4be1af-6583-4b1c-89b4-4d59b53b7002-768x512.jpg 768w, https:\/\/elpajaritonews.com\/wp-content\/uploads\/2024\/08\/6c4be1af-6583-4b1c-89b4-4d59b53b7002-600x400.jpg 600w, https:\/\/elpajaritonews.com\/wp-content\/uploads\/2024\/08\/6c4be1af-6583-4b1c-89b4-4d59b53b7002.jpg 1280w\" sizes=\"auto, (max-width: 1024px) 100vw, 1024px\" \/><\/figure>\n\n\n\n<p class=\"wp-block-paragraph\">El gobernador Durazo manifest\u00f3 que el establecimiento de la empresa destinada a la elaboraci\u00f3n de arneses automotrices en Ciudad Obreg\u00f3n, con presencia en Asia, Europa y Am\u00e9rica, representa un beneficio para las y los cajemenses al poder contar con empleo de calidad y bien remunerado; adem\u00e1s de la confianza que los empresarios tienen en Sonora como estado facilitador de la inversi\u00f3n.<\/p>\n\n\n\n<figure class=\"wp-block-embed is-type-rich is-provider-twitter wp-block-embed-twitter\"><div class=\"wp-block-embed__wrapper\">\n<blockquote class=\"twitter-tweet\" data-width=\"550\" data-dnt=\"true\"><p lang=\"es\" dir=\"ltr\">\u00a1El Plan Sonora da resultados! \ud83d\ude4c<br><br>Con Kyungshin Lear concretamos una inversi\u00f3n hist\u00f3rica de 11 millones de d\u00f3lares, en una primera etapa, en <a href=\"https:\/\/twitter.com\/hashtag\/CiudadObreg%C3%B3n?src=hash&amp;ref_src=twsrc%5Etfw\">#CiudadObreg\u00f3n<\/a> que se traduce en m\u00e1s de 1,300 nuevos empleos para las y los sonorenses. \ud83c\uddf2\ud83c\uddfd\ud83e\udd1d\ud83c\uddf0\ud83c\uddf7 <a href=\"https:\/\/t.co\/nFTzLoOwpb\">pic.twitter.com\/nFTzLoOwpb<\/a><\/p>&mdash; Alfonso Durazo (@AlfonsoDurazo) <a href=\"https:\/\/twitter.com\/AlfonsoDurazo\/status\/1828579917665313110?ref_src=twsrc%5Etfw\">August 27, 2024<\/a><\/blockquote><script async src=\"https:\/\/platform.twitter.com\/widgets.js\" charset=\"utf-8\"><\/script>\n<\/div><\/figure>\n","protected":false},"excerpt":{"rendered":"<p>-La puesta en operaciones de la empresa coreana convierte a Sonora en un punto de referencia para instalaci\u00f3n de nuevas industrias extranjeras Con la inauguraci\u00f3n de la empresa Kyungshin M\u00e9xico-Obreg\u00f3n, Sonora se consolida como punto de referencia para la llegada de inversiones extranjeras por la condici\u00f3n de certidumbre y confianza que brinda a las industrias&#8230;<\/p>\n","protected":false},"author":2,"featured_media":61510,"comment_status":"closed","ping_status":"closed","sticky":false,"template":"","format":"standard","meta":{"_crdt_document":"","_exactmetrics_skip_tracking":false,"_exactmetrics_sitenote_active":false,"_exactmetrics_sitenote_note":"","_exactmetrics_sitenote_category":0,"footnotes":""},"categories":[36,22,26,23,31,27,69],"tags":[71,79,72,73,74,76,28,29,75,30],"class_list":["post-61509","post","type-post","status-publish","format-standard","has-post-thumbnail","hentry","category-economia","category-escena","category-local","category-mexico","category-politica","category-sonora","category-ultimas-noticias","tag-alfonso-durazo","tag-andres-manuel-lopez-obrador","tag-claudia-sheinbaum","tag-congreso-del-estado-de-sonora","tag-hermosillo","tag-medio-ambiente","tag-nogales","tag-nogales-la-gran-frontera","tag-seguridad-publica","tag-sonora-tierra-de-oportunidades"],"_links":{"self":[{"href":"https:\/\/elpajaritonews.com\/index.php?rest_route=\/wp\/v2\/posts\/61509","targetHints":{"allow":["GET"]}}],"collection":[{"href":"https:\/\/elpajaritonews.com\/index.php?rest_route=\/wp\/v2\/posts"}],"about":[{"href":"https:\/\/elpajaritonews.com\/index.php?rest_route=\/wp\/v2\/types\/post"}],"author":[{"embeddable":true,"href":"https:\/\/elpajaritonews.com\/index.php?rest_route=\/wp\/v2\/users\/2"}],"replies":[{"embeddable":true,"href":"https:\/\/elpajaritonews.com\/index.php?rest_route=%2Fwp%2Fv2%2Fcomments&post=61509"}],"version-history":[{"count":1,"href":"https:\/\/elpajaritonews.com\/index.php?rest_route=\/wp\/v2\/posts\/61509\/revisions"}],"predecessor-version":[{"id":61516,"href":"https:\/\/elpajaritonews.com\/index.php?rest_route=\/wp\/v2\/posts\/61509\/revisions\/61516"}],"wp:featuredmedia":[{"embeddable":true,"href":"https:\/\/elpajaritonews.com\/index.php?rest_route=\/wp\/v2\/media\/61510"}],"wp:attachment":[{"href":"https:\/\/elpajaritonews.com\/index.php?rest_route=%2Fwp%2Fv2%2Fmedia&parent=61509"}],"wp:term":[{"taxonomy":"category","embeddable":true,"href":"https:\/\/elpajaritonews.com\/index.php?rest_route=%2Fwp%2Fv2%2Fcategories&post=61509"},{"taxonomy":"post_tag","embeddable":true,"href":"https:\/\/elpajaritonews.com\/index.php?rest_route=%2Fwp%2Fv2%2Ftags&post=61509"}],"curies":[{"name":"wp","href":"https:\/\/api.w.org\/{rel}","templated":true}]}}