{"id":61555,"date":"2024-08-29T13:23:35","date_gmt":"2024-08-29T20:23:35","guid":{"rendered":"https:\/\/elpajaritonews.com\/?p=61555"},"modified":"2024-08-29T13:23:37","modified_gmt":"2024-08-29T20:23:37","slug":"el-gobierno-de-sonora-a-traves-de-la-sectur-dio-a-conocer-con-volaris-dos-nuevas-rutas-aereas-por-parte-de-la-aerolinea","status":"publish","type":"post","link":"https:\/\/elpajaritonews.com\/?p=61555","title":{"rendered":"EL GOBIERNO DE SONORA, A TRAV\u00c9S DE LA SECTUR, DIO A CONOCER CON VOLARIS, DOS NUEVAS RUTAS A\u00c9REAS POR PARTE DE LA AEROL\u00cdNEA."},"content":{"rendered":"\n<p class=\"wp-block-paragraph\"><\/p>\n\n\n\n<p class=\"wp-block-paragraph\">Dichas rutas comprenden de Hermosillo a Monterrey, con salidas diarias y Ciudad Obreg\u00f3n a Monterrey, con salidas los lunes, mi\u00e9rcoles y viernes, empezando el 3 y 4 de noviembre del presente a\u00f1o, respectivamente.<\/p>\n\n\n\n<p class=\"wp-block-paragraph\">El secretario de Turismo de Sonora, Roberto Gradillas Pineda, acompa\u00f1ado de Dionicio P\u00e9rez J\u00e1come, vicepresidente de Sostenibilidad y Desarrollo Corporativo y Omar Carrera M\u00e1rquez, director Comercial de Volaris, coment\u00f3 que se est\u00e1 trabajando en una sinergia con esta aerol\u00ednea, que se ve reflejada en una gran oportunidad para que los visitantes conozcan la enorme oferta tur\u00edstica con la que cuenta el estado.<\/p>\n\n\n\n<figure class=\"wp-block-image size-large\"><img loading=\"lazy\" decoding=\"async\" width=\"1024\" height=\"682\" src=\"https:\/\/elpajaritonews.com\/wp-content\/uploads\/2024\/08\/c9d09d8d-8ed8-46c8-b463-2a0b76e8a9db-1024x682.jpg\" alt=\"\" class=\"wp-image-61557\" srcset=\"https:\/\/elpajaritonews.com\/wp-content\/uploads\/2024\/08\/c9d09d8d-8ed8-46c8-b463-2a0b76e8a9db-1024x682.jpg 1024w, https:\/\/elpajaritonews.com\/wp-content\/uploads\/2024\/08\/c9d09d8d-8ed8-46c8-b463-2a0b76e8a9db-300x200.jpg 300w, https:\/\/elpajaritonews.com\/wp-content\/uploads\/2024\/08\/c9d09d8d-8ed8-46c8-b463-2a0b76e8a9db-768x512.jpg 768w, https:\/\/elpajaritonews.com\/wp-content\/uploads\/2024\/08\/c9d09d8d-8ed8-46c8-b463-2a0b76e8a9db-1536x1023.jpg 1536w, https:\/\/elpajaritonews.com\/wp-content\/uploads\/2024\/08\/c9d09d8d-8ed8-46c8-b463-2a0b76e8a9db-600x400.jpg 600w, https:\/\/elpajaritonews.com\/wp-content\/uploads\/2024\/08\/c9d09d8d-8ed8-46c8-b463-2a0b76e8a9db.jpg 1600w\" sizes=\"auto, (max-width: 1024px) 100vw, 1024px\" \/><\/figure>\n\n\n\n<p class=\"wp-block-paragraph\">\u201cEl gobernador Alfonso Durazo ha hecho una gran gesti\u00f3n para impulsar esta importante actividad econ\u00f3mica tur\u00edstica, a trav\u00e9s de la conectividad a\u00e9rea y nuevas rutas de vuelos\u201d, expres\u00f3 Gradillas Pineda.<\/p>\n\n\n\n<p class=\"wp-block-paragraph\">Estas dos nuevas rutas, se unen a la lista con las que ya cuenta Sonora a destinos como Tijuana, Mexicali, Guadalajara, Le\u00f3n, Canc\u00fan y Ciudad de M\u00e9xico, por parte de la aerol\u00ednea Volaris.<\/p>\n","protected":false},"excerpt":{"rendered":"<p>Dichas rutas comprenden de Hermosillo a Monterrey, con salidas diarias y Ciudad Obreg\u00f3n a Monterrey, con salidas los lunes, mi\u00e9rcoles y viernes, empezando el 3 y 4 de noviembre del presente a\u00f1o, respectivamente. El secretario de Turismo de Sonora, Roberto Gradillas Pineda, acompa\u00f1ado de Dionicio P\u00e9rez J\u00e1come, vicepresidente de Sostenibilidad y Desarrollo Corporativo y Omar&#8230;<\/p>\n","protected":false},"author":2,"featured_media":61556,"comment_status":"closed","ping_status":"closed","sticky":false,"template":"","format":"standard","meta":{"_crdt_document":"","_exactmetrics_skip_tracking":false,"_exactmetrics_sitenote_active":false,"_exactmetrics_sitenote_note":"","_exactmetrics_sitenote_category":0,"footnotes":""},"categories":[31,27,84],"tags":[71,79,72,73,74,76,28,29,75,30],"class_list":["post-61555","post","type-post","status-publish","format-standard","has-post-thumbnail","hentry","category-politica","category-sonora","category-turismo","tag-alfonso-durazo","tag-andres-manuel-lopez-obrador","tag-claudia-sheinbaum","tag-congreso-del-estado-de-sonora","tag-hermosillo","tag-medio-ambiente","tag-nogales","tag-nogales-la-gran-frontera","tag-seguridad-publica","tag-sonora-tierra-de-oportunidades"],"_links":{"self":[{"href":"https:\/\/elpajaritonews.com\/index.php?rest_route=\/wp\/v2\/posts\/61555","targetHints":{"allow":["GET"]}}],"collection":[{"href":"https:\/\/elpajaritonews.com\/index.php?rest_route=\/wp\/v2\/posts"}],"about":[{"href":"https:\/\/elpajaritonews.com\/index.php?rest_route=\/wp\/v2\/types\/post"}],"author":[{"embeddable":true,"href":"https:\/\/elpajaritonews.com\/index.php?rest_route=\/wp\/v2\/users\/2"}],"replies":[{"embeddable":true,"href":"https:\/\/elpajaritonews.com\/index.php?rest_route=%2Fwp%2Fv2%2Fcomments&post=61555"}],"version-history":[{"count":1,"href":"https:\/\/elpajaritonews.com\/index.php?rest_route=\/wp\/v2\/posts\/61555\/revisions"}],"predecessor-version":[{"id":61558,"href":"https:\/\/elpajaritonews.com\/index.php?rest_route=\/wp\/v2\/posts\/61555\/revisions\/61558"}],"wp:featuredmedia":[{"embeddable":true,"href":"https:\/\/elpajaritonews.com\/index.php?rest_route=\/wp\/v2\/media\/61556"}],"wp:attachment":[{"href":"https:\/\/elpajaritonews.com\/index.php?rest_route=%2Fwp%2Fv2%2Fmedia&parent=61555"}],"wp:term":[{"taxonomy":"category","embeddable":true,"href":"https:\/\/elpajaritonews.com\/index.php?rest_route=%2Fwp%2Fv2%2Fcategories&post=61555"},{"taxonomy":"post_tag","embeddable":true,"href":"https:\/\/elpajaritonews.com\/index.php?rest_route=%2Fwp%2Fv2%2Ftags&post=61555"}],"curies":[{"name":"wp","href":"https:\/\/api.w.org\/{rel}","templated":true}]}}