{"id":61576,"date":"2024-08-30T10:30:35","date_gmt":"2024-08-30T17:30:35","guid":{"rendered":"https:\/\/elpajaritonews.com\/?p=61576"},"modified":"2024-08-30T10:30:37","modified_gmt":"2024-08-30T17:30:37","slug":"periodismo-debe-servir-al-pueblo-no-al-poder-amlo","status":"publish","type":"post","link":"https:\/\/elpajaritonews.com\/?p=61576","title":{"rendered":"\u00abPERIODISMO DEBE SERVIR AL PUEBLO, NO AL PODER\u00bb: AMLO"},"content":{"rendered":"\n<p class=\"wp-block-paragraph\">Alejandro Matty Ortega\/Irreverente Noticias\/Pajarito News\/Enviado Especial<\/p>\n\n\n\n<p class=\"wp-block-paragraph\">Ciudad de M\u00e9xico (IN).- \u00abEl Periodismo debe servir a las causas del Pueblo y no al Poder\u00bb, destac\u00f3 el presidente Andr\u00e9s Manuel L\u00f3pez Obrador.<\/p>\n\n\n\n<figure class=\"wp-block-image size-large\"><img loading=\"lazy\" decoding=\"async\" width=\"1024\" height=\"768\" src=\"https:\/\/elpajaritonews.com\/wp-content\/uploads\/2024\/08\/9bf18139-66c2-463f-b007-5f1f93a6713d-1024x768.jpg\" alt=\"\" class=\"wp-image-61578\" srcset=\"https:\/\/elpajaritonews.com\/wp-content\/uploads\/2024\/08\/9bf18139-66c2-463f-b007-5f1f93a6713d-1024x768.jpg 1024w, https:\/\/elpajaritonews.com\/wp-content\/uploads\/2024\/08\/9bf18139-66c2-463f-b007-5f1f93a6713d-300x225.jpg 300w, https:\/\/elpajaritonews.com\/wp-content\/uploads\/2024\/08\/9bf18139-66c2-463f-b007-5f1f93a6713d-768x576.jpg 768w, https:\/\/elpajaritonews.com\/wp-content\/uploads\/2024\/08\/9bf18139-66c2-463f-b007-5f1f93a6713d-1536x1152.jpg 1536w, https:\/\/elpajaritonews.com\/wp-content\/uploads\/2024\/08\/9bf18139-66c2-463f-b007-5f1f93a6713d.jpg 2048w\" sizes=\"auto, (max-width: 1024px) 100vw, 1024px\" \/><\/figure>\n\n\n\n<p class=\"wp-block-paragraph\">Al inaugurar el Primer Encuentro Continental de Comunicadores Independientes (PECCI) con la participaci\u00f3n de 300 periodistas en Palacio Nacional esta ma\u00f1ana, el mandatario nacional estableci\u00f3 que la llamada prensa tradicional \u00abno logr\u00f3 evitar la transformaci\u00f3n en M\u00e9xico\u00bb.<\/p>\n\n\n\n<p class=\"wp-block-paragraph\">Resalt\u00f3 la importancia de informar la verdad y contar con una prensa y periodistas independientes que sirvan a las causas sociales y no a intereses del Poder, \u00abest\u00e9 qui\u00e9n est\u00e9 (en el Poder)\u00bb.<\/p>\n\n\n\n<p class=\"wp-block-paragraph\">Agradeci\u00f3 que las y los periodistas del Continente se re\u00fanan para enfrentar a la prensa que sirve a los medios al servicio de los conservadores.<\/p>\n\n\n\n<p class=\"wp-block-paragraph\">Reconoci\u00f3 la aportaci\u00f3n del Periodismo a la historia de M\u00e9xico, desde la Huelga de Cananea con la importante participaci\u00f3n de periodistas como Ricardo Flores Mag\u00f3n.<\/p>\n\n\n\n<p class=\"wp-block-paragraph\">L\u00f3pez Obrador record\u00f3 que la prensa tradicional s\u00f3lo sirve a los intereses de los grupos del conservadurismo.<\/p>\n\n\n\n<p class=\"wp-block-paragraph\">Por eso, exores\u00f3, \u00abla importancia de contar con medios alternativos e independientes al servicio del Pueblo\u00bb.<\/p>\n\n\n\n<p class=\"wp-block-paragraph\">En el Primer Encuentro Continental de Comunicadores Independientes que tendr\u00e1 lugar los d\u00edas viernes y s\u00e1bado, participan periodistas de Am\u00e9rica, desde Canad\u00e1 hasta Argentina.<\/p>\n\n\n\n<p class=\"wp-block-paragraph\">El PECCI analizar\u00e1 la situation del Periodismo en cada Naci\u00f3n y regi\u00f3n del Continente, a trav\u00e9s de mesas de trabajo orientadas a conocer la realidad de las y los periodistas Independientes en M\u00e9xico y en Am\u00e9rica.<\/p>\n\n\n\n<figure class=\"wp-block-embed is-type-video is-provider-youtube wp-block-embed-youtube wp-embed-aspect-16-9 wp-has-aspect-ratio\"><div class=\"wp-block-embed__wrapper\">\n<iframe loading=\"lazy\" title=\"Inauguraci\u00f3n del Primer Encuentro Continental de Comunicador@s Independientes: Informar es liberar.\" width=\"640\" height=\"360\" src=\"https:\/\/www.youtube.com\/embed\/iHcqKysNK5o?feature=oembed\" frameborder=\"0\" allow=\"accelerometer; autoplay; clipboard-write; encrypted-media; gyroscope; picture-in-picture; web-share\" referrerpolicy=\"strict-origin-when-cross-origin\" allowfullscreen><\/iframe>\n<\/div><\/figure>\n","protected":false},"excerpt":{"rendered":"<p>Alejandro Matty Ortega\/Irreverente Noticias\/Pajarito News\/Enviado Especial Ciudad de M\u00e9xico (IN).- \u00abEl Periodismo debe servir a las causas del Pueblo y no al Poder\u00bb, destac\u00f3 el presidente Andr\u00e9s Manuel L\u00f3pez Obrador. Al inaugurar el Primer Encuentro Continental de Comunicadores Independientes (PECCI) con la participaci\u00f3n de 300 periodistas en Palacio Nacional esta ma\u00f1ana, el mandatario nacional estableci\u00f3&#8230;<\/p>\n","protected":false},"author":2,"featured_media":61577,"comment_status":"closed","ping_status":"closed","sticky":false,"template":"","format":"standard","meta":{"_crdt_document":"","_exactmetrics_skip_tracking":false,"_exactmetrics_sitenote_active":false,"_exactmetrics_sitenote_note":"","_exactmetrics_sitenote_category":0,"footnotes":""},"categories":[80,88,37,23,31,1,27,69],"tags":[71,79,72,73,74,76,28,29,75,30],"class_list":["post-61576","post","type-post","status-publish","format-standard","has-post-thumbnail","hentry","category-derechos-humanos","category-justicia","category-medio-ambiente","category-mexico","category-politica","category-seguridad","category-sonora","category-ultimas-noticias","tag-alfonso-durazo","tag-andres-manuel-lopez-obrador","tag-claudia-sheinbaum","tag-congreso-del-estado-de-sonora","tag-hermosillo","tag-medio-ambiente","tag-nogales","tag-nogales-la-gran-frontera","tag-seguridad-publica","tag-sonora-tierra-de-oportunidades"],"_links":{"self":[{"href":"https:\/\/elpajaritonews.com\/index.php?rest_route=\/wp\/v2\/posts\/61576","targetHints":{"allow":["GET"]}}],"collection":[{"href":"https:\/\/elpajaritonews.com\/index.php?rest_route=\/wp\/v2\/posts"}],"about":[{"href":"https:\/\/elpajaritonews.com\/index.php?rest_route=\/wp\/v2\/types\/post"}],"author":[{"embeddable":true,"href":"https:\/\/elpajaritonews.com\/index.php?rest_route=\/wp\/v2\/users\/2"}],"replies":[{"embeddable":true,"href":"https:\/\/elpajaritonews.com\/index.php?rest_route=%2Fwp%2Fv2%2Fcomments&post=61576"}],"version-history":[{"count":1,"href":"https:\/\/elpajaritonews.com\/index.php?rest_route=\/wp\/v2\/posts\/61576\/revisions"}],"predecessor-version":[{"id":61579,"href":"https:\/\/elpajaritonews.com\/index.php?rest_route=\/wp\/v2\/posts\/61576\/revisions\/61579"}],"wp:featuredmedia":[{"embeddable":true,"href":"https:\/\/elpajaritonews.com\/index.php?rest_route=\/wp\/v2\/media\/61577"}],"wp:attachment":[{"href":"https:\/\/elpajaritonews.com\/index.php?rest_route=%2Fwp%2Fv2%2Fmedia&parent=61576"}],"wp:term":[{"taxonomy":"category","embeddable":true,"href":"https:\/\/elpajaritonews.com\/index.php?rest_route=%2Fwp%2Fv2%2Fcategories&post=61576"},{"taxonomy":"post_tag","embeddable":true,"href":"https:\/\/elpajaritonews.com\/index.php?rest_route=%2Fwp%2Fv2%2Ftags&post=61576"}],"curies":[{"name":"wp","href":"https:\/\/api.w.org\/{rel}","templated":true}]}}