{"id":61585,"date":"2024-08-30T20:01:09","date_gmt":"2024-08-31T03:01:09","guid":{"rendered":"https:\/\/elpajaritonews.com\/?p=61585"},"modified":"2024-09-03T18:14:47","modified_gmt":"2024-09-04T01:14:47","slug":"presenta-durazo-avances-de-imss-bienestar-a-presidente-lopez-obrador-y-presidenta-electa-claudia-sheinbaum","status":"publish","type":"post","link":"https:\/\/elpajaritonews.com\/?p=61585","title":{"rendered":"PRESENTA DURAZO AVANCES DE IMSS-BIENESTAR A PRESIDENTE L\u00d3PEZ OBRADOR Y PRESIDENTA ELECTA CLAUDIA SHEINBAUM"},"content":{"rendered":"\n<p class=\"wp-block-paragraph\">Los servicios de salud IMSS-Bienestar en Sonora han representado una mejora en la atenci\u00f3n integral de la ciudadan\u00eda, a trav\u00e9s de la creaci\u00f3n de infraestructura hospitalaria eficiente, personal m\u00e9dico y abasto de medicamento, resalt\u00f3 el gobernador Alfonso Durazo Monta\u00f1o.<\/p>\n\n\n\n<p class=\"wp-block-paragraph\">En el marco de la presentaci\u00f3n de los avances del programa IMSS-Bienestar en los estados, al presidente Andr\u00e9s Manuel L\u00f3pez Obrador y a la presidenta electa Claudia Sheinbaum Pardo, el mandatario estatal se\u00f1al\u00f3 que en la entidad se ha trabajado en el Hospital General del Estado, los hospitales comunitarios, el Hospital V\u00edcam Switch, unidades m\u00e9dicas Yaqui, el programa la Cl\u00ednica es Nuestra y la convocatoria de Personal Credencializaci\u00f3n IMSS-B.<\/p>\n\n\n\n<figure class=\"wp-block-image size-large\"><img loading=\"lazy\" decoding=\"async\" width=\"819\" height=\"1024\" src=\"https:\/\/elpajaritonews.com\/wp-content\/uploads\/2024\/08\/59be9d4e-d8c7-4c8a-93e8-f79f0a6657b9-1-819x1024.jpg\" alt=\"\" class=\"wp-image-61587\" srcset=\"https:\/\/elpajaritonews.com\/wp-content\/uploads\/2024\/08\/59be9d4e-d8c7-4c8a-93e8-f79f0a6657b9-1-819x1024.jpg 819w, https:\/\/elpajaritonews.com\/wp-content\/uploads\/2024\/08\/59be9d4e-d8c7-4c8a-93e8-f79f0a6657b9-1-240x300.jpg 240w, https:\/\/elpajaritonews.com\/wp-content\/uploads\/2024\/08\/59be9d4e-d8c7-4c8a-93e8-f79f0a6657b9-1-768x961.jpg 768w, https:\/\/elpajaritonews.com\/wp-content\/uploads\/2024\/08\/59be9d4e-d8c7-4c8a-93e8-f79f0a6657b9-1-1228x1536.jpg 1228w, https:\/\/elpajaritonews.com\/wp-content\/uploads\/2024\/08\/59be9d4e-d8c7-4c8a-93e8-f79f0a6657b9-1.jpg 1279w\" sizes=\"auto, (max-width: 819px) 100vw, 819px\" \/><\/figure>\n\n\n\n<p class=\"wp-block-paragraph\">En el rubro de infraestructura se encuentran en operaci\u00f3n el Hospital General del Estado de Sonora y el Hospital Comunitario de Magdalena; en tanto que el Hospital de V\u00edcam Switch se encuentra en su segunda etapa de construcci\u00f3n. En 2024 se cuenta con mil 149 m\u00e9dicos especialistas y 827 m\u00e9dicos generales.<\/p>\n\n\n\n<p class=\"wp-block-paragraph\">El Hospital General del Estado IMSS-B, ubicado en Hermosillo, cuenta con 39 especialidades, 231 m\u00e9dicos especialistas en formaci\u00f3n, dos subespecialidades y uno de alta especialidad, as\u00ed como servicios activos de sala de hemodinamia y hemodi\u00e1lisis.<\/p>\n\n\n\n<p class=\"wp-block-paragraph\">Entre los resultados presentados se abord\u00f3 el tema de hospitales comunitarios, ubicados en Magdalena, Ures, Moctezuma y \u00c1lamos.<\/p>\n\n\n\n<figure class=\"wp-block-image size-large\"><img loading=\"lazy\" decoding=\"async\" width=\"1024\" height=\"567\" src=\"https:\/\/elpajaritonews.com\/wp-content\/uploads\/2024\/08\/3336ce88-f78e-4892-9123-cf7c4a867faa-1024x567.jpg\" alt=\"\" class=\"wp-image-61588\" srcset=\"https:\/\/elpajaritonews.com\/wp-content\/uploads\/2024\/08\/3336ce88-f78e-4892-9123-cf7c4a867faa-1024x567.jpg 1024w, https:\/\/elpajaritonews.com\/wp-content\/uploads\/2024\/08\/3336ce88-f78e-4892-9123-cf7c4a867faa-300x166.jpg 300w, https:\/\/elpajaritonews.com\/wp-content\/uploads\/2024\/08\/3336ce88-f78e-4892-9123-cf7c4a867faa-768x425.jpg 768w, https:\/\/elpajaritonews.com\/wp-content\/uploads\/2024\/08\/3336ce88-f78e-4892-9123-cf7c4a867faa-1536x851.jpg 1536w, https:\/\/elpajaritonews.com\/wp-content\/uploads\/2024\/08\/3336ce88-f78e-4892-9123-cf7c4a867faa.jpg 1600w\" sizes=\"auto, (max-width: 1024px) 100vw, 1024px\" \/><\/figure>\n\n\n\n<p class=\"wp-block-paragraph\">El Hospital de V\u00edcam Switch se encuentra en su segunda etapa, con una inversi\u00f3n total proyectada de 503 millones de pesos en beneficio de las y los integrantes de la etnia. Tambi\u00e9n se cuenta con las Unidades Yaquis de V\u00edcam Pueblo, Loma de Guam\u00fachil, T\u00f3rim, y Belem Pithaya.<\/p>\n\n\n\n<p class=\"wp-block-paragraph\">Parte de los avances registrados en el programa La Cl\u00ednica es Nuestra en Sonora, est\u00e1 el aumento de m\u00e9dicos especialistas, en 2019 la oferta era de 775 y para 2024 se cuenta ya con mil 101, adem\u00e1s est\u00e1n por agregarse 153 nuevos especialistas.<\/p>\n\n\n\n<p class=\"wp-block-paragraph\">En el marco de este programa, de las 219 tarjetas entregadas, se han utilizado 105.5 millones de pesos, de los 108.8 millones de pesos otorgados, que representan un avance del 97 por ciento.<\/p>\n","protected":false},"excerpt":{"rendered":"<p>Los servicios de salud IMSS-Bienestar en Sonora han representado una mejora en la atenci\u00f3n integral de la ciudadan\u00eda, a trav\u00e9s de la creaci\u00f3n de infraestructura hospitalaria eficiente, personal m\u00e9dico y abasto de medicamento, resalt\u00f3 el gobernador Alfonso Durazo Monta\u00f1o. En el marco de la presentaci\u00f3n de los avances del programa IMSS-Bienestar en los estados, al&#8230;<\/p>\n","protected":false},"author":2,"featured_media":61586,"comment_status":"closed","ping_status":"closed","sticky":false,"template":"","format":"standard","meta":{"_crdt_document":"","_exactmetrics_skip_tracking":false,"_exactmetrics_sitenote_active":false,"_exactmetrics_sitenote_note":"","_exactmetrics_sitenote_category":0,"footnotes":""},"categories":[23,31,32,27,70],"tags":[71,79,72,73,74,28,29,75,30],"class_list":["post-61585","post","type-post","status-publish","format-standard","has-post-thumbnail","hentry","category-mexico","category-politica","category-salud","category-sonora","category-ultimas-noticia","tag-alfonso-durazo","tag-andres-manuel-lopez-obrador","tag-claudia-sheinbaum","tag-congreso-del-estado-de-sonora","tag-hermosillo","tag-nogales","tag-nogales-la-gran-frontera","tag-seguridad-publica","tag-sonora-tierra-de-oportunidades"],"_links":{"self":[{"href":"https:\/\/elpajaritonews.com\/index.php?rest_route=\/wp\/v2\/posts\/61585","targetHints":{"allow":["GET"]}}],"collection":[{"href":"https:\/\/elpajaritonews.com\/index.php?rest_route=\/wp\/v2\/posts"}],"about":[{"href":"https:\/\/elpajaritonews.com\/index.php?rest_route=\/wp\/v2\/types\/post"}],"author":[{"embeddable":true,"href":"https:\/\/elpajaritonews.com\/index.php?rest_route=\/wp\/v2\/users\/2"}],"replies":[{"embeddable":true,"href":"https:\/\/elpajaritonews.com\/index.php?rest_route=%2Fwp%2Fv2%2Fcomments&post=61585"}],"version-history":[{"count":2,"href":"https:\/\/elpajaritonews.com\/index.php?rest_route=\/wp\/v2\/posts\/61585\/revisions"}],"predecessor-version":[{"id":61639,"href":"https:\/\/elpajaritonews.com\/index.php?rest_route=\/wp\/v2\/posts\/61585\/revisions\/61639"}],"wp:featuredmedia":[{"embeddable":true,"href":"https:\/\/elpajaritonews.com\/index.php?rest_route=\/wp\/v2\/media\/61586"}],"wp:attachment":[{"href":"https:\/\/elpajaritonews.com\/index.php?rest_route=%2Fwp%2Fv2%2Fmedia&parent=61585"}],"wp:term":[{"taxonomy":"category","embeddable":true,"href":"https:\/\/elpajaritonews.com\/index.php?rest_route=%2Fwp%2Fv2%2Fcategories&post=61585"},{"taxonomy":"post_tag","embeddable":true,"href":"https:\/\/elpajaritonews.com\/index.php?rest_route=%2Fwp%2Fv2%2Ftags&post=61585"}],"curies":[{"name":"wp","href":"https:\/\/api.w.org\/{rel}","templated":true}]}}