{"id":61781,"date":"2024-09-09T17:27:45","date_gmt":"2024-09-10T00:27:45","guid":{"rendered":"https:\/\/elpajaritonews.com\/?p=61781"},"modified":"2024-09-09T17:27:46","modified_gmt":"2024-09-10T00:27:46","slug":"impulsan-diputados-de-sonora-registro-de-becas-a-estudiantes-en-nogales","status":"publish","type":"post","link":"https:\/\/elpajaritonews.com\/?p=61781","title":{"rendered":"IMPULSAN DIPUTADOS DE SONORA REGISTRO DE BECAS A ESTUDIANTES EN NOGALES"},"content":{"rendered":"\n<p class=\"wp-block-paragraph\">Para contribuir a la protecci\u00f3n del derecho a la educaci\u00f3n y al desarrollo humano, con el fin de disminuir el nivel de deserci\u00f3n escolar, la diputada Marcela \u201cMaval\u201d Valenzuela (Morena) acerc\u00f3 a las familias nogalenses asesor\u00eda para el registro de becas que ofrece el programa Sonora de Oportunidades.<\/p>\n\n\n\n<p class=\"wp-block-paragraph\">El evento se desarroll\u00f3 en las instalaciones de la escuela primaria \u00c1lvaro Obreg\u00f3n, el fin de semana, en el que madres y padres de familia y tutores de las y los estudiantes recibieron asesor\u00eda sobre el proceso de inscripci\u00f3n por parte del personal del Instituto de Becas y Cr\u00e9dito Educativo (Ibcees).<\/p>\n\n\n\n<p class=\"wp-block-paragraph\">La legisladora morenista explic\u00f3 que las becas que otorga el gobierno estatal fomentan el bienestar social de las familias con hijos e hijas inscritos en educaci\u00f3n primaria y secundaria, para que contin\u00faen y concluyan sus estudios.<\/p>\n\n\n\n<p class=\"wp-block-paragraph\">\u201cQuiero expresar mi m\u00e1s sincero agradecimiento al gobierno estatal, especialmente a nuestro gobernador de Sonora, Alfonso Durazo Monta\u00f1o, por el invaluable esfuerzo que su administraci\u00f3n est\u00e1 realizando en favor de los j\u00f3venes estudiantes. Las becas que hoy se entregan no solo representan un impulso para que nuestros j\u00f3venes contin\u00faen con su formaci\u00f3n acad\u00e9mica; tambi\u00e9n un apoyo directo para sus familias aliviando el costo que representa la educaci\u00f3n. Gracias, gobernador, por entender que invertir en educaci\u00f3n es asegurar un futuro m\u00e1s prometedor para Sonora. Sigamos trabajando juntos por la educaci\u00f3n, por nuestras familias y por el bienestar de nuestra comunidad\u201d, expres\u00f3.<\/p>\n\n\n\n<p class=\"wp-block-paragraph\">Desde septiembre de 2021 hasta julio de 2024, se han otorgado m\u00e1s de 330 mil becas, con una inversi\u00f3n de m\u00e1s de mil 700 millones de pesos. Para el a\u00f1o en curso, se han destinado 740 millones de pesos para beneficiar a 152 mil 35 estudiantes, una cifra r\u00e9cord en la historia de Sonora.<\/p>\n\n\n\n<p class=\"wp-block-paragraph\">Cabe mencionar que la convocatoria estar\u00e1 vigente hasta el pr\u00f3ximo domingo 15 de septiembre del presente a\u00f1o. Las y los interesados pueden conocer las bases en el portal www.becasycredito.sonora.gob.mx<\/p>\n","protected":false},"excerpt":{"rendered":"<p>Para contribuir a la protecci\u00f3n del derecho a la educaci\u00f3n y al desarrollo humano, con el fin de disminuir el nivel de deserci\u00f3n escolar, la diputada Marcela \u201cMaval\u201d Valenzuela (Morena) acerc\u00f3 a las familias nogalenses asesor\u00eda para el registro de becas que ofrece el programa Sonora de Oportunidades. El evento se desarroll\u00f3 en las instalaciones&#8230;<\/p>\n","protected":false},"author":2,"featured_media":61782,"comment_status":"closed","ping_status":"closed","sticky":false,"template":"","format":"standard","meta":{"_crdt_document":"","_exactmetrics_skip_tracking":false,"_exactmetrics_sitenote_active":false,"_exactmetrics_sitenote_note":"","_exactmetrics_sitenote_category":0,"footnotes":""},"categories":[20,33,26,31,27,69],"tags":[71,79,72,73,74,28,29,30],"class_list":["post-61781","post","type-post","status-publish","format-standard","has-post-thumbnail","hentry","category-congreso","category-educacion","category-local","category-politica","category-sonora","category-ultimas-noticias","tag-alfonso-durazo","tag-andres-manuel-lopez-obrador","tag-claudia-sheinbaum","tag-congreso-del-estado-de-sonora","tag-hermosillo","tag-nogales","tag-nogales-la-gran-frontera","tag-sonora-tierra-de-oportunidades"],"_links":{"self":[{"href":"https:\/\/elpajaritonews.com\/index.php?rest_route=\/wp\/v2\/posts\/61781","targetHints":{"allow":["GET"]}}],"collection":[{"href":"https:\/\/elpajaritonews.com\/index.php?rest_route=\/wp\/v2\/posts"}],"about":[{"href":"https:\/\/elpajaritonews.com\/index.php?rest_route=\/wp\/v2\/types\/post"}],"author":[{"embeddable":true,"href":"https:\/\/elpajaritonews.com\/index.php?rest_route=\/wp\/v2\/users\/2"}],"replies":[{"embeddable":true,"href":"https:\/\/elpajaritonews.com\/index.php?rest_route=%2Fwp%2Fv2%2Fcomments&post=61781"}],"version-history":[{"count":1,"href":"https:\/\/elpajaritonews.com\/index.php?rest_route=\/wp\/v2\/posts\/61781\/revisions"}],"predecessor-version":[{"id":61783,"href":"https:\/\/elpajaritonews.com\/index.php?rest_route=\/wp\/v2\/posts\/61781\/revisions\/61783"}],"wp:featuredmedia":[{"embeddable":true,"href":"https:\/\/elpajaritonews.com\/index.php?rest_route=\/wp\/v2\/media\/61782"}],"wp:attachment":[{"href":"https:\/\/elpajaritonews.com\/index.php?rest_route=%2Fwp%2Fv2%2Fmedia&parent=61781"}],"wp:term":[{"taxonomy":"category","embeddable":true,"href":"https:\/\/elpajaritonews.com\/index.php?rest_route=%2Fwp%2Fv2%2Fcategories&post=61781"},{"taxonomy":"post_tag","embeddable":true,"href":"https:\/\/elpajaritonews.com\/index.php?rest_route=%2Fwp%2Fv2%2Ftags&post=61781"}],"curies":[{"name":"wp","href":"https:\/\/api.w.org\/{rel}","templated":true}]}}