{"id":61785,"date":"2024-09-09T18:20:19","date_gmt":"2024-09-10T01:20:19","guid":{"rendered":"https:\/\/elpajaritonews.com\/?p=61785"},"modified":"2024-09-09T18:20:23","modified_gmt":"2024-09-10T01:20:23","slug":"con-la-reforma-al-poder-judicial-se-garantizan-juzgadores-con-meritos-y-capacidades-heriberto-aguilar","status":"publish","type":"post","link":"https:\/\/elpajaritonews.com\/?p=61785","title":{"rendered":"CON LA REFORMA AL PODER JUDICIAL SE GARANTIZAN JUZGADORES CON M\u00c9RITOS Y CAPACIDADES: HERIBERTO AGUILAR"},"content":{"rendered":"\n<p class=\"wp-block-paragraph\">&#8211; \u00abEsta reforma representa la oportunidad hist\u00f3rica para el resto de senadores y senadoras de las otras bancadas de situarse en el lado correcto de la historia y aprobar la reforma judicial.\u201d<\/p>\n\n\n\n<p class=\"wp-block-paragraph\">Ciudad de M\u00e9xico, 9 de septiembre de 2024.- Con la aprobaci\u00f3n de las reformas al Poder Judicial de la Federaci\u00f3n en el pleno del Senado, se garantizar\u00e1 la legitimidad, transparencia y objetividad en el actuar de ministros, jueces y magistrados, asegur\u00f3 Heriberto Aguilar Castillo.<\/p>\n\n\n\n<p class=\"wp-block-paragraph\">El senador de mayor\u00eda por Sonora, emanado de Morena, coment\u00f3 que, seg\u00fan estudios, alrededor del 15% de los juzgadores acceden al Poder Judicial por m\u00e9ritos propios. Por otra parte, se percibe que muchos de ellos acceden por relaciones pol\u00edticas, familiares u otras influencias, m\u00e1s que por m\u00e9ritos, capacidad o vocaci\u00f3n.<\/p>\n\n\n\n<figure class=\"wp-block-image size-large\"><img loading=\"lazy\" decoding=\"async\" width=\"1024\" height=\"682\" src=\"https:\/\/elpajaritonews.com\/wp-content\/uploads\/2024\/09\/a561d675-dfad-490e-b31d-10bc45ebea94-1024x682.jpg\" alt=\"\" class=\"wp-image-61787\" srcset=\"https:\/\/elpajaritonews.com\/wp-content\/uploads\/2024\/09\/a561d675-dfad-490e-b31d-10bc45ebea94-1024x682.jpg 1024w, https:\/\/elpajaritonews.com\/wp-content\/uploads\/2024\/09\/a561d675-dfad-490e-b31d-10bc45ebea94-300x200.jpg 300w, https:\/\/elpajaritonews.com\/wp-content\/uploads\/2024\/09\/a561d675-dfad-490e-b31d-10bc45ebea94-768x512.jpg 768w, https:\/\/elpajaritonews.com\/wp-content\/uploads\/2024\/09\/a561d675-dfad-490e-b31d-10bc45ebea94-600x400.jpg 600w, https:\/\/elpajaritonews.com\/wp-content\/uploads\/2024\/09\/a561d675-dfad-490e-b31d-10bc45ebea94.jpg 1280w\" sizes=\"auto, (max-width: 1024px) 100vw, 1024px\" \/><\/figure>\n\n\n\n<p class=\"wp-block-paragraph\">\u00abPor ello, proponemos una reforma para que todos los cargos se elijan por voto libre y directo de la ciudadan\u00eda. La convocatoria debe ser abierta a todos los que cumplan con los requisitos constitucionales y legales\u00bb, explic\u00f3 el exdirigente de Morena en Sonora.<\/p>\n\n\n\n<p class=\"wp-block-paragraph\">Aguilar Castillo agreg\u00f3 que ser\u00e1n los comit\u00e9s de evaluaci\u00f3n los que seleccionar\u00e1n los perfiles con la mejor trayectoria, preparaci\u00f3n y honestidad, \u00abpara garantizar la representatividad, la transparencia y la objetividad en la selecci\u00f3n de juzgadores, acorde a la nueva realidad social, pol\u00edtica, econ\u00f3mica y cultural\u00bb.<\/p>\n\n\n\n<p class=\"wp-block-paragraph\">\u00abNuestro objetivo es asegurar que la justicia sirva a todos y no est\u00e9 al servicio exclusivo del poder pol\u00edtico y econ\u00f3mico, ni de la delincuencia organizada y de cuello blanco, sino al servicio del pueblo, como lo ha venido planteando el presidente Andr\u00e9s Manuel L\u00f3pez Obrador\u00bb.<\/p>\n\n\n\n<p class=\"wp-block-paragraph\">A\u00f1adi\u00f3 que esta reforma representa la oportunidad hist\u00f3rica para el resto de senadores de las otras bancadas de situarse en el lado correcto de la historia y aprobar la reforma judicial. \u201cEn Morena, confiamos en que otros senadores razonar\u00e1n su voto independientemente de sus posiciones partidistas y decidir\u00e1n a favor del inter\u00e9s del pueblo de M\u00e9xico.\u201d<\/p>\n\n\n\n<p class=\"wp-block-paragraph\">El segundo senador que ha tenido el municipio de Guaymas record\u00f3 que el domingo fue aprobada el Dictamen de la Reforma por los integrantes de las Comisiones Unidas de Puntos Constitucionales y Estudios legislativos.&nbsp; Agreg\u00f3, que se discutir\u00e1 el dictamen ma\u00f1ana (martes) en la sesi\u00f3n del Senado de la Rep\u00fablica, y existen grandes posibilidades de que en la sesi\u00f3n del jueves se logren las dos terceras partes de los votos de los senadores para que sea aprobada.<\/p>\n","protected":false},"excerpt":{"rendered":"<p>&#8211; \u00abEsta reforma representa la oportunidad hist\u00f3rica para el resto de senadores y senadoras de las otras bancadas de situarse en el lado correcto de la historia y aprobar la reforma judicial.\u201d Ciudad de M\u00e9xico, 9 de septiembre de 2024.- Con la aprobaci\u00f3n de las reformas al Poder Judicial de la Federaci\u00f3n en el pleno&#8230;<\/p>\n","protected":false},"author":2,"featured_media":61786,"comment_status":"closed","ping_status":"closed","sticky":false,"template":"","format":"standard","meta":{"_crdt_document":"","_exactmetrics_skip_tracking":false,"_exactmetrics_sitenote_active":false,"_exactmetrics_sitenote_note":"","_exactmetrics_sitenote_category":0,"footnotes":""},"categories":[82,31,1,27,69],"tags":[79,72,73,74,76,28,29,75,30],"class_list":["post-61785","post","type-post","status-publish","format-standard","has-post-thumbnail","hentry","category-poder-judicial","category-politica","category-seguridad","category-sonora","category-ultimas-noticias","tag-andres-manuel-lopez-obrador","tag-claudia-sheinbaum","tag-congreso-del-estado-de-sonora","tag-hermosillo","tag-medio-ambiente","tag-nogales","tag-nogales-la-gran-frontera","tag-seguridad-publica","tag-sonora-tierra-de-oportunidades"],"_links":{"self":[{"href":"https:\/\/elpajaritonews.com\/index.php?rest_route=\/wp\/v2\/posts\/61785","targetHints":{"allow":["GET"]}}],"collection":[{"href":"https:\/\/elpajaritonews.com\/index.php?rest_route=\/wp\/v2\/posts"}],"about":[{"href":"https:\/\/elpajaritonews.com\/index.php?rest_route=\/wp\/v2\/types\/post"}],"author":[{"embeddable":true,"href":"https:\/\/elpajaritonews.com\/index.php?rest_route=\/wp\/v2\/users\/2"}],"replies":[{"embeddable":true,"href":"https:\/\/elpajaritonews.com\/index.php?rest_route=%2Fwp%2Fv2%2Fcomments&post=61785"}],"version-history":[{"count":1,"href":"https:\/\/elpajaritonews.com\/index.php?rest_route=\/wp\/v2\/posts\/61785\/revisions"}],"predecessor-version":[{"id":61788,"href":"https:\/\/elpajaritonews.com\/index.php?rest_route=\/wp\/v2\/posts\/61785\/revisions\/61788"}],"wp:featuredmedia":[{"embeddable":true,"href":"https:\/\/elpajaritonews.com\/index.php?rest_route=\/wp\/v2\/media\/61786"}],"wp:attachment":[{"href":"https:\/\/elpajaritonews.com\/index.php?rest_route=%2Fwp%2Fv2%2Fmedia&parent=61785"}],"wp:term":[{"taxonomy":"category","embeddable":true,"href":"https:\/\/elpajaritonews.com\/index.php?rest_route=%2Fwp%2Fv2%2Fcategories&post=61785"},{"taxonomy":"post_tag","embeddable":true,"href":"https:\/\/elpajaritonews.com\/index.php?rest_route=%2Fwp%2Fv2%2Ftags&post=61785"}],"curies":[{"name":"wp","href":"https:\/\/api.w.org\/{rel}","templated":true}]}}