{"id":61789,"date":"2024-09-09T18:46:25","date_gmt":"2024-09-10T01:46:25","guid":{"rendered":"https:\/\/elpajaritonews.com\/?p=61789"},"modified":"2024-09-09T19:05:15","modified_gmt":"2024-09-10T02:05:15","slug":"el-gobierno-de-sonora-a-traves-de-sectur-inauguro-este-lunes-lacasasonora-dentro-de-la-embajada-de-mexico-en-ottawa-en-el-marco-de-la-semana-de-mexico-en-canada","status":"publish","type":"post","link":"https:\/\/elpajaritonews.com\/?p=61789","title":{"rendered":"SONORA BRILLA EN CANAD\u00c1: INAUGURAN CASA SONORA EN OTTAWA"},"content":{"rendered":"\n<p class=\"wp-block-paragraph\">El Gobierno de Sonora, a trav\u00e9s de la Secretar\u00eda de Turismo (Sectur), inaugur\u00f3 este lunes la Casa Sonora, dentro de la Embajada de M\u00e9xico en Ottawa, en el marco de la Semana de M\u00e9xico en Canad\u00e1.<\/p>\n\n\n\n<p class=\"wp-block-paragraph\">La Casa Sonora es un espacio de exhibici\u00f3n del estado de Sonora donde los asistentes, durante la semana del 9 al 15 de septiembre, podr\u00e1n disfrutar de artesan\u00edas de los pueblos originarios, fotograf\u00edas, cortometrajes sonorenses, din\u00e1micas, talleres y degustaciones gastron\u00f3micas, adem\u00e1s de conocer la bebida t\u00edpica de la regi\u00f3n, el bacanora.<\/p>\n\n\n\n<figure class=\"wp-block-image size-large\"><img loading=\"lazy\" decoding=\"async\" width=\"1024\" height=\"682\" src=\"https:\/\/elpajaritonews.com\/wp-content\/uploads\/2024\/09\/3f523444-01d7-47ab-80a6-90460076f3d5-1024x682.jpg\" alt=\"\" class=\"wp-image-61791\" srcset=\"https:\/\/elpajaritonews.com\/wp-content\/uploads\/2024\/09\/3f523444-01d7-47ab-80a6-90460076f3d5-1024x682.jpg 1024w, https:\/\/elpajaritonews.com\/wp-content\/uploads\/2024\/09\/3f523444-01d7-47ab-80a6-90460076f3d5-300x200.jpg 300w, https:\/\/elpajaritonews.com\/wp-content\/uploads\/2024\/09\/3f523444-01d7-47ab-80a6-90460076f3d5-768x511.jpg 768w, https:\/\/elpajaritonews.com\/wp-content\/uploads\/2024\/09\/3f523444-01d7-47ab-80a6-90460076f3d5-600x400.jpg 600w, https:\/\/elpajaritonews.com\/wp-content\/uploads\/2024\/09\/3f523444-01d7-47ab-80a6-90460076f3d5.jpg 1280w\" sizes=\"auto, (max-width: 1024px) 100vw, 1024px\" \/><\/figure>\n\n\n\n<p class=\"wp-block-paragraph\">El secretario de Turismo del Estado, Roberto Gradillas Pineda, dijo sentirse muy agradecido con la Embajada de M\u00e9xico en Ottawa, por la atenta invitaci\u00f3n que permitir\u00e1 promover el estado con su oferta tur\u00edstica y sus productos, pero m\u00e1s all\u00e1 de eso, demostrarle a toda la comunidad mexicana la presencia de un estado como lo es Sonora.<\/p>\n\n\n\n<figure class=\"wp-block-image size-large\"><img loading=\"lazy\" decoding=\"async\" width=\"1024\" height=\"682\" src=\"https:\/\/elpajaritonews.com\/wp-content\/uploads\/2024\/09\/5216cfd4-ad45-48ed-ad92-831f749dd9ba-1024x682.jpg\" alt=\"\" class=\"wp-image-61792\" srcset=\"https:\/\/elpajaritonews.com\/wp-content\/uploads\/2024\/09\/5216cfd4-ad45-48ed-ad92-831f749dd9ba-1024x682.jpg 1024w, https:\/\/elpajaritonews.com\/wp-content\/uploads\/2024\/09\/5216cfd4-ad45-48ed-ad92-831f749dd9ba-300x200.jpg 300w, https:\/\/elpajaritonews.com\/wp-content\/uploads\/2024\/09\/5216cfd4-ad45-48ed-ad92-831f749dd9ba-768x511.jpg 768w, https:\/\/elpajaritonews.com\/wp-content\/uploads\/2024\/09\/5216cfd4-ad45-48ed-ad92-831f749dd9ba-600x400.jpg 600w, https:\/\/elpajaritonews.com\/wp-content\/uploads\/2024\/09\/5216cfd4-ad45-48ed-ad92-831f749dd9ba.jpg 1280w\" sizes=\"auto, (max-width: 1024px) 100vw, 1024px\" \/><\/figure>\n\n\n\n<p class=\"wp-block-paragraph\">\u201cGracias al gran trabajo que ha hecho el gobernador Alfonso Durazo en materia tur\u00edstica, con su visi\u00f3n y su gesti\u00f3n, hoy estamos promoviendo este estado maravilloso con una rica gastronom\u00eda, una importante historia, unas tradiciones que se descubrieron a trav\u00e9s de sus etnias ind\u00edgenas, pero sobre todo algo que lo hace especial, es la calidad humana de los sonorenses que siempre nos distingue\u201d, expres\u00f3 Gradillas Pineda.<\/p>\n\n\n\n<figure class=\"wp-block-image size-large\"><img loading=\"lazy\" decoding=\"async\" width=\"1024\" height=\"626\" src=\"https:\/\/elpajaritonews.com\/wp-content\/uploads\/2024\/09\/92a2e779-b96e-4c1a-9fd9-230ff1086ee7-1024x626.jpg\" alt=\"\" class=\"wp-image-61793\" srcset=\"https:\/\/elpajaritonews.com\/wp-content\/uploads\/2024\/09\/92a2e779-b96e-4c1a-9fd9-230ff1086ee7-1024x626.jpg 1024w, https:\/\/elpajaritonews.com\/wp-content\/uploads\/2024\/09\/92a2e779-b96e-4c1a-9fd9-230ff1086ee7-300x183.jpg 300w, https:\/\/elpajaritonews.com\/wp-content\/uploads\/2024\/09\/92a2e779-b96e-4c1a-9fd9-230ff1086ee7-768x469.jpg 768w, https:\/\/elpajaritonews.com\/wp-content\/uploads\/2024\/09\/92a2e779-b96e-4c1a-9fd9-230ff1086ee7.jpg 1280w\" sizes=\"auto, (max-width: 1024px) 100vw, 1024px\" \/><\/figure>\n\n\n\n<p class=\"wp-block-paragraph\">El objetivo de la participaci\u00f3n de Sonora es el fomento de las relaciones comerciales, econ\u00f3micas, culturales y tur\u00edsticas del estado, mediante una extensa promoci\u00f3n de nuestros destinos y las maravillas que se tienen para ofrecer ante el mercado canadiense.<\/p>\n","protected":false},"excerpt":{"rendered":"<p>El Gobierno de Sonora, a trav\u00e9s de la Secretar\u00eda de Turismo (Sectur), inaugur\u00f3 este lunes la Casa Sonora, dentro de la Embajada de M\u00e9xico en Ottawa, en el marco de la Semana de M\u00e9xico en Canad\u00e1. La Casa Sonora es un espacio de exhibici\u00f3n del estado de Sonora donde los asistentes, durante la semana del&#8230;<\/p>\n","protected":false},"author":2,"featured_media":61790,"comment_status":"closed","ping_status":"closed","sticky":false,"template":"","format":"standard","meta":{"_crdt_document":"","_exactmetrics_skip_tracking":false,"_exactmetrics_sitenote_active":false,"_exactmetrics_sitenote_note":"","_exactmetrics_sitenote_category":0,"footnotes":""},"categories":[17,36,22,89,37,23,24,31,27,64,84,69],"tags":[71,79,72,73,74,76,28,29,75,30],"class_list":["post-61789","post","type-post","status-publish","format-standard","has-post-thumbnail","hentry","category-arizona","category-economia","category-escena","category-estados-unidos","category-medio-ambiente","category-mexico","category-mundo","category-politica","category-sonora","category-travel","category-turismo","category-ultimas-noticias","tag-alfonso-durazo","tag-andres-manuel-lopez-obrador","tag-claudia-sheinbaum","tag-congreso-del-estado-de-sonora","tag-hermosillo","tag-medio-ambiente","tag-nogales","tag-nogales-la-gran-frontera","tag-seguridad-publica","tag-sonora-tierra-de-oportunidades"],"_links":{"self":[{"href":"https:\/\/elpajaritonews.com\/index.php?rest_route=\/wp\/v2\/posts\/61789","targetHints":{"allow":["GET"]}}],"collection":[{"href":"https:\/\/elpajaritonews.com\/index.php?rest_route=\/wp\/v2\/posts"}],"about":[{"href":"https:\/\/elpajaritonews.com\/index.php?rest_route=\/wp\/v2\/types\/post"}],"author":[{"embeddable":true,"href":"https:\/\/elpajaritonews.com\/index.php?rest_route=\/wp\/v2\/users\/2"}],"replies":[{"embeddable":true,"href":"https:\/\/elpajaritonews.com\/index.php?rest_route=%2Fwp%2Fv2%2Fcomments&post=61789"}],"version-history":[{"count":2,"href":"https:\/\/elpajaritonews.com\/index.php?rest_route=\/wp\/v2\/posts\/61789\/revisions"}],"predecessor-version":[{"id":61795,"href":"https:\/\/elpajaritonews.com\/index.php?rest_route=\/wp\/v2\/posts\/61789\/revisions\/61795"}],"wp:featuredmedia":[{"embeddable":true,"href":"https:\/\/elpajaritonews.com\/index.php?rest_route=\/wp\/v2\/media\/61790"}],"wp:attachment":[{"href":"https:\/\/elpajaritonews.com\/index.php?rest_route=%2Fwp%2Fv2%2Fmedia&parent=61789"}],"wp:term":[{"taxonomy":"category","embeddable":true,"href":"https:\/\/elpajaritonews.com\/index.php?rest_route=%2Fwp%2Fv2%2Fcategories&post=61789"},{"taxonomy":"post_tag","embeddable":true,"href":"https:\/\/elpajaritonews.com\/index.php?rest_route=%2Fwp%2Fv2%2Ftags&post=61789"}],"curies":[{"name":"wp","href":"https:\/\/api.w.org\/{rel}","templated":true}]}}