{"id":61917,"date":"2024-09-15T19:47:25","date_gmt":"2024-09-16T02:47:25","guid":{"rendered":"https:\/\/elpajaritonews.com\/?p=61917"},"modified":"2024-09-15T19:47:28","modified_gmt":"2024-09-16T02:47:28","slug":"publica-amlo-decreto-de-reforma-al-poder-judicial-en-el-diario-oficial-de-la-federacion","status":"publish","type":"post","link":"https:\/\/elpajaritonews.com\/?p=61917","title":{"rendered":"PUBLICA AMLO DECRETO DE REFORMA AL PODER JUDICIAL EN EL DIARIO OFICIAL DE LA FEDERACI\u00d3N"},"content":{"rendered":"\n<p class=\"wp-block-paragraph\">&nbsp;A unas horas de la celebraci\u00f3n de El Grito de Independencia, el presidente Andr\u00e9s Manuel L\u00f3pez Obrador firm\u00f3 el decreto para la publicaci\u00f3n en el Diario Oficial de la Federaci\u00f3n la reforma constitucional al Poder Judicial con Claudia Sheinbaum Pardo, presidenta electa, como testigo. \u201cAhora s\u00ed es el pueblo el que manda, el que decide\u201d, subray\u00f3.<\/p>\n\n\n\n<p class=\"wp-block-paragraph\">\u201cVoy a firmar el decreto para la publicaci\u00f3n de la reforma a la Constituci\u00f3n con el prop\u00f3sito de mejorar el Poder Judicial, porque necesitamos que la justicia llegue a todos, que no haya corrupci\u00f3n en el Poder Judicial\u201d, se\u00f1al\u00f3 el mandatario en un videomensaje desde Palacio Nacional tras concluir la gira que realiz\u00f3 junto con Sheinbaum en Calakmul.<\/p>\n\n\n\n<p class=\"wp-block-paragraph\">\u201cQue los jueces, magistrados y ministros apliquen al pie de la letra el principio de que \u201cal margen de la ley, nada; por encima de la ley, nadie\u201d, que tengamos un aut\u00e9ntico Estado de derecho, no un estado de chueco, que se acabe la simulaci\u00f3n\u201d, sostuvo<\/p>\n\n\n\n<p class=\"wp-block-paragraph\">A\u00f1adi\u00f3: \u201cSe hablaba tambi\u00e9n de que viv\u00edamos en democracia, pero no, dominaba una oligarqu\u00eda. Eran los que mandaban, los de mero arriba, una minor\u00eda, con fachada de democracia, hab\u00eda simulaci\u00f3n. Ahora es distinto, ahora s\u00ed es el pueblo el que manda, el que decide y se lleva a la pr\u00e1ctica el Art\u00edculo 39 de nuestra constituci\u00f3n, que el pueblo tiene en todo momento el derecho de cambiar la forma de su gobierno. El poder dimana del pueblo, dice la constituci\u00f3n, y se instituye en su beneficio\u201d.<\/p>\n\n\n\n<p class=\"wp-block-paragraph\">L\u00f3pez Obrador resalt\u00f3 que esta iniciativa se publica en este d\u00eda hist\u00f3rico, despu\u00e9s de que fue aprobada por las c\u00e1maras de Diputados, de Senadores y en la mayor\u00eda de las legislaturas locales, \u201ccomo la misma Constituci\u00f3n lo exige y que tambi\u00e9n establece que el titular del Ejecutivo tiene que publicar esta reforma, que es lo que estamos haciendo este d\u00eda 15 de septiembre de 2024. Voy a firmar\u201d, dijo.<\/p>\n\n\n\n<p class=\"wp-block-paragraph\">En el video, Sheinbaum le aplaude emocionada y ambos r\u00eden, contentos. El presidente plasm\u00f3 su firma y entre los dos mostraron el hist\u00f3rico documento. \u201c15 de septiembre, a unas horas del Grito de Independencia, del presidente Andr\u00e9s Manuel L\u00f3pez Obrador 2024, y el d\u00eda que sale publicada en el Diario Oficial (de la Federaci\u00f3n) la reforma al Poder Judicial\u201d, comenta la presidenta electa ante la satisfacci\u00f3n del mandatario.<\/p>\n\n\n\n<p class=\"wp-block-paragraph\">\u201cCon el pueblo todo, sin el pueblo nada\u201d, corona Claudia Sheinbaum este hecho in\u00e9dito en el que participaron el presidente saliente y la mandataria entrante.<\/p>\n\n\n\n<figure class=\"wp-block-embed is-type-video is-provider-youtube wp-block-embed-youtube wp-embed-aspect-16-9 wp-has-aspect-ratio\"><div class=\"wp-block-embed__wrapper\">\n<iframe loading=\"lazy\" title=\"Firma del decreto de la reforma constitucional al Poder Judicial\" width=\"640\" height=\"360\" src=\"https:\/\/www.youtube.com\/embed\/SnsgP3HbrWg?feature=oembed\" frameborder=\"0\" allow=\"accelerometer; autoplay; clipboard-write; encrypted-media; gyroscope; picture-in-picture; web-share\" referrerpolicy=\"strict-origin-when-cross-origin\" allowfullscreen><\/iframe>\n<\/div><\/figure>\n","protected":false},"excerpt":{"rendered":"<p>&nbsp;A unas horas de la celebraci\u00f3n de El Grito de Independencia, el presidente Andr\u00e9s Manuel L\u00f3pez Obrador firm\u00f3 el decreto para la publicaci\u00f3n en el Diario Oficial de la Federaci\u00f3n la reforma constitucional al Poder Judicial con Claudia Sheinbaum Pardo, presidenta electa, como testigo. \u201cAhora s\u00ed es el pueblo el que manda, el que decide\u201d,&#8230;<\/p>\n","protected":false},"author":2,"featured_media":61918,"comment_status":"closed","ping_status":"closed","sticky":false,"template":"","format":"standard","meta":{"_crdt_document":"","_exactmetrics_skip_tracking":false,"_exactmetrics_sitenote_active":false,"_exactmetrics_sitenote_note":"","_exactmetrics_sitenote_category":0,"footnotes":""},"categories":[82,31,1,27,69],"tags":[71,79,72,73,75],"class_list":["post-61917","post","type-post","status-publish","format-standard","has-post-thumbnail","hentry","category-poder-judicial","category-politica","category-seguridad","category-sonora","category-ultimas-noticias","tag-alfonso-durazo","tag-andres-manuel-lopez-obrador","tag-claudia-sheinbaum","tag-congreso-del-estado-de-sonora","tag-seguridad-publica"],"_links":{"self":[{"href":"https:\/\/elpajaritonews.com\/index.php?rest_route=\/wp\/v2\/posts\/61917","targetHints":{"allow":["GET"]}}],"collection":[{"href":"https:\/\/elpajaritonews.com\/index.php?rest_route=\/wp\/v2\/posts"}],"about":[{"href":"https:\/\/elpajaritonews.com\/index.php?rest_route=\/wp\/v2\/types\/post"}],"author":[{"embeddable":true,"href":"https:\/\/elpajaritonews.com\/index.php?rest_route=\/wp\/v2\/users\/2"}],"replies":[{"embeddable":true,"href":"https:\/\/elpajaritonews.com\/index.php?rest_route=%2Fwp%2Fv2%2Fcomments&post=61917"}],"version-history":[{"count":1,"href":"https:\/\/elpajaritonews.com\/index.php?rest_route=\/wp\/v2\/posts\/61917\/revisions"}],"predecessor-version":[{"id":61919,"href":"https:\/\/elpajaritonews.com\/index.php?rest_route=\/wp\/v2\/posts\/61917\/revisions\/61919"}],"wp:featuredmedia":[{"embeddable":true,"href":"https:\/\/elpajaritonews.com\/index.php?rest_route=\/wp\/v2\/media\/61918"}],"wp:attachment":[{"href":"https:\/\/elpajaritonews.com\/index.php?rest_route=%2Fwp%2Fv2%2Fmedia&parent=61917"}],"wp:term":[{"taxonomy":"category","embeddable":true,"href":"https:\/\/elpajaritonews.com\/index.php?rest_route=%2Fwp%2Fv2%2Fcategories&post=61917"},{"taxonomy":"post_tag","embeddable":true,"href":"https:\/\/elpajaritonews.com\/index.php?rest_route=%2Fwp%2Fv2%2Ftags&post=61917"}],"curies":[{"name":"wp","href":"https:\/\/api.w.org\/{rel}","templated":true}]}}