{"id":61920,"date":"2024-09-15T22:53:24","date_gmt":"2024-09-16T05:53:24","guid":{"rendered":"https:\/\/elpajaritonews.com\/?p=61920"},"modified":"2024-09-15T22:53:26","modified_gmt":"2024-09-16T05:53:26","slug":"da-su-ultimo-grito-de-independencia-amlo-incluye-en-su-arenga-a-la-cuarta-transformacion","status":"publish","type":"post","link":"https:\/\/elpajaritonews.com\/?p=61920","title":{"rendered":"DA SU ULTIMO GRITO DE INDEPENDENCIA AMLO INCLUYE EN SU ARENGA A LA CUARTA TRANSFORMACI\u00d3N"},"content":{"rendered":"\n<p class=\"wp-block-paragraph\">Pese a la lluvia que ya cae en el Z\u00f3calo de la CDMX, miles de personas siguen llegando a la plancha del Z\u00f3calo para el evento<\/p>\n\n\n\n<figure class=\"wp-block-embed is-type-video is-provider-youtube wp-block-embed-youtube wp-embed-aspect-16-9 wp-has-aspect-ratio\"><div class=\"wp-block-embed__wrapper\">\n<iframe loading=\"lazy\" title=\"214 A\u00f1os del Grito de Independencia en el Z\u00f3calo de la Ciudad de M\u00e9xico\" width=\"640\" height=\"360\" src=\"https:\/\/www.youtube.com\/embed\/cC9ld7O8rzE?feature=oembed\" frameborder=\"0\" allow=\"accelerometer; autoplay; clipboard-write; encrypted-media; gyroscope; picture-in-picture; web-share\" referrerpolicy=\"strict-origin-when-cross-origin\" allowfullscreen><\/iframe>\n<\/div><\/figure>\n\n\n\n<p class=\"wp-block-paragraph\">22:30 hs<\/p>\n\n\n\n<p class=\"wp-block-paragraph\">Hoy<\/p>\n\n\n\n<p class=\"wp-block-paragraph\">En medio de gritos de \u201c\u00a1S\u00ed se pudo!\u201d y \u201c\u00a1Presidente!\u201d, Andr\u00e9s Manuel L\u00f3pez Obrador finaliz\u00f3 su \u00faltimo Grito de Independencia.<\/p>\n\n\n\n<p class=\"wp-block-paragraph\">22:09 hs<\/p>\n\n\n\n<p class=\"wp-block-paragraph\">Hoy<\/p>\n\n\n\n<p class=\"wp-block-paragraph\">Inicia el show de fuegos artificiales y m\u00fasica mexicana ante un Z\u00f3calo lleno.<\/p>\n\n\n\n<p class=\"wp-block-paragraph\">21:58 hs<\/p>\n\n\n\n<p class=\"wp-block-paragraph\">Hoy<\/p>\n\n\n\n<p class=\"wp-block-paragraph\">AMLO incluye en su arenga a la Cuarta Transformaci\u00f3n<\/p>\n\n\n\n<p class=\"wp-block-paragraph\">Luego de la entrega de bandera, AMLO hizo su arenga:<\/p>\n\n\n\n<p class=\"wp-block-paragraph\">\u201cMexicanas y mexicanos:<\/p>\n\n\n\n<p class=\"wp-block-paragraph\">\u00a1Viva la Independencia!<\/p>\n\n\n\n<p class=\"wp-block-paragraph\">\u00a1Viva Miguel Hidalgo y Costilla!<\/p>\n\n\n\n<p class=\"wp-block-paragraph\">\u00a1Viva Josefa Ortiz de Dom\u00ednguez!<\/p>\n\n\n\n<p class=\"wp-block-paragraph\">\u00a1Viva Ignacio Allende!<\/p>\n\n\n\n<p class=\"wp-block-paragraph\">\u00a1Viva Leona Vicario!<\/p>\n\n\n\n<p class=\"wp-block-paragraph\">\u00a1Viva Jos\u00e9 Mar\u00eda Morelos y Pav\u00f3n!<\/p>\n\n\n\n<p class=\"wp-block-paragraph\">\u00a1Viva Vicente Guerrero!<\/p>\n\n\n\n<p class=\"wp-block-paragraph\">\u00a1Vivan las hero\u00ednas y los h\u00e9roes an\u00f3nimos!<\/p>\n\n\n\n<p class=\"wp-block-paragraph\">\u00a1Viva la libertad!<\/p>\n\n\n\n<p class=\"wp-block-paragraph\">\u00a1Viva la igualdad!<\/p>\n\n\n\n<p class=\"wp-block-paragraph\">\u00a1Viva la justicia!<\/p>\n\n\n\n<p class=\"wp-block-paragraph\">\u00a1Viva la democracia!<\/p>\n\n\n\n<p class=\"wp-block-paragraph\">\u00a1Vivan nuestra soberan\u00eda!<\/p>\n\n\n\n<p class=\"wp-block-paragraph\">\u00a1Viva la fraternidad universal!<\/p>\n\n\n\n<p class=\"wp-block-paragraph\">Mexicanas, mexicanos, \u00a1que muera la corrupci\u00f3n!<\/p>\n\n\n\n<p class=\"wp-block-paragraph\">\u00a1Muera la avaricia!<\/p>\n\n\n\n<p class=\"wp-block-paragraph\">\u00a1Muera el racismo!<\/p>\n\n\n\n<p class=\"wp-block-paragraph\">\u00a1Muera la discriminaci\u00f3n!<\/p>\n\n\n\n<p class=\"wp-block-paragraph\">\u00a1Que viva el amor!<\/p>\n\n\n\n<p class=\"wp-block-paragraph\">\u00a1Vivan los trabajadores mexicanos que son de los mejores del mundo!<\/p>\n\n\n\n<p class=\"wp-block-paragraph\">\u00a1Vivan nuestros hermanos migrantes!<\/p>\n\n\n\n<p class=\"wp-block-paragraph\">\u00a1Vivan los pueblos ind\u00edgenas!<\/p>\n\n\n\n<p class=\"wp-block-paragraph\">\u00a1Viva la grandeza cultural de M\u00e9xico!<\/p>\n\n\n\n<p class=\"wp-block-paragraph\">\u00a1Vivan todas y todos los mexicanos!<\/p>\n\n\n\n<p class=\"wp-block-paragraph\">\u00a1Viva la Cuarta Transformaci\u00f3n!<\/p>\n\n\n\n<p class=\"wp-block-paragraph\">\u00a1Viva M\u00e9xico!<\/p>\n\n\n\n<p class=\"wp-block-paragraph\">\u00a1Viva M\u00e9xico!<\/p>\n\n\n\n<p class=\"wp-block-paragraph\">\u00a1Viva M\u00e9xico!\u201d.<\/p>\n\n\n\n<p class=\"wp-block-paragraph\">Luego hizo sonar la campana, onde\u00f3 la bandera y se enton\u00f3 el Himno Nacional.<\/p>\n\n\n\n<p class=\"wp-block-paragraph\">21:58 hs<\/p>\n\n\n\n<p class=\"wp-block-paragraph\">Hoy<\/p>\n\n\n\n<p class=\"wp-block-paragraph\">El presidente Andr\u00e9s Manuel L\u00f3pez Obrador aparece en el balc\u00f3n de Palacio Nacional acompa\u00f1ado de su esposa, como en a\u00f1os anteriores.<\/p>\n\n\n\n<p class=\"wp-block-paragraph\">21:56 hs<\/p>\n\n\n\n<p class=\"wp-block-paragraph\">Hoy<\/p>\n\n\n\n<p class=\"wp-block-paragraph\">Comienza la ceremonia protocolaria del Aniversario 214 del Grito de Independencia, el \u00faltimo que encabezar\u00e1 el presidente Andr\u00e9s Manuel L\u00f3pez Obrador.<\/p>\n\n\n\n<p class=\"wp-block-paragraph\">21:50 hs<\/p>\n\n\n\n<p class=\"wp-block-paragraph\">Hoy<\/p>\n\n\n\n<p class=\"wp-block-paragraph\">Banda MS termina su presentaci\u00f3n<\/p>\n\n\n\n<p class=\"wp-block-paragraph\">Luego de interpretar varios \u00e9xitos, la Banda MS termin\u00f3 su participaci\u00f3n en el Grito de Independencia y dan paso a la preparaci\u00f3n del Grito de Independencia, el \u00faltimo del presidente Andr\u00e9s Manuel L\u00f3pez Obrador.<\/p>\n\n\n\n<p class=\"wp-block-paragraph\">21:03 hs<\/p>\n\n\n\n<p class=\"wp-block-paragraph\">Hoy<\/p>\n\n\n\n<p class=\"wp-block-paragraph\">Banda MS inicia con su presentaci\u00f3n<\/p>\n\n\n\n<p class=\"wp-block-paragraph\">Los miles de espectadores que se dieron cita en el Z\u00f3calo de la CDMX para ver el Grito de Independencia ya est\u00e1n disfrutando del show de la Banda MS, el espect\u00e1culo empez\u00f3 con el tema \u201cEl Sinaloense\u201d<\/p>\n\n\n\n<figure class=\"wp-block-embed is-type-video is-provider-youtube wp-block-embed-youtube wp-embed-aspect-16-9 wp-has-aspect-ratio\"><div class=\"wp-block-embed__wrapper\">\n<iframe loading=\"lazy\" title=\"214 A\u00f1os del Grito de Independencia en el Z\u00f3calo de la Ciudad de M\u00e9xico\" width=\"640\" height=\"360\" src=\"https:\/\/www.youtube.com\/embed\/otUuZdUlwyo?feature=oembed\" frameborder=\"0\" allow=\"accelerometer; autoplay; clipboard-write; encrypted-media; gyroscope; picture-in-picture; web-share\" referrerpolicy=\"strict-origin-when-cross-origin\" allowfullscreen><\/iframe>\n<\/div><\/figure>\n","protected":false},"excerpt":{"rendered":"<p>Pese a la lluvia que ya cae en el Z\u00f3calo de la CDMX, miles de personas siguen llegando a la plancha del Z\u00f3calo para el evento 22:30 hs Hoy En medio de gritos de \u201c\u00a1S\u00ed se pudo!\u201d y \u201c\u00a1Presidente!\u201d, Andr\u00e9s Manuel L\u00f3pez Obrador finaliz\u00f3 su \u00faltimo Grito de Independencia. 22:09 hs Hoy Inicia el show&#8230;<\/p>\n","protected":false},"author":2,"featured_media":61921,"comment_status":"closed","ping_status":"closed","sticky":false,"template":"","format":"standard","meta":{"_crdt_document":"","_exactmetrics_skip_tracking":false,"_exactmetrics_sitenote_active":false,"_exactmetrics_sitenote_note":"","_exactmetrics_sitenote_category":0,"footnotes":""},"categories":[22,23,24,27,69],"tags":[71,79,72,73],"class_list":["post-61920","post","type-post","status-publish","format-standard","has-post-thumbnail","hentry","category-escena","category-mexico","category-mundo","category-sonora","category-ultimas-noticias","tag-alfonso-durazo","tag-andres-manuel-lopez-obrador","tag-claudia-sheinbaum","tag-congreso-del-estado-de-sonora"],"_links":{"self":[{"href":"https:\/\/elpajaritonews.com\/index.php?rest_route=\/wp\/v2\/posts\/61920","targetHints":{"allow":["GET"]}}],"collection":[{"href":"https:\/\/elpajaritonews.com\/index.php?rest_route=\/wp\/v2\/posts"}],"about":[{"href":"https:\/\/elpajaritonews.com\/index.php?rest_route=\/wp\/v2\/types\/post"}],"author":[{"embeddable":true,"href":"https:\/\/elpajaritonews.com\/index.php?rest_route=\/wp\/v2\/users\/2"}],"replies":[{"embeddable":true,"href":"https:\/\/elpajaritonews.com\/index.php?rest_route=%2Fwp%2Fv2%2Fcomments&post=61920"}],"version-history":[{"count":1,"href":"https:\/\/elpajaritonews.com\/index.php?rest_route=\/wp\/v2\/posts\/61920\/revisions"}],"predecessor-version":[{"id":61922,"href":"https:\/\/elpajaritonews.com\/index.php?rest_route=\/wp\/v2\/posts\/61920\/revisions\/61922"}],"wp:featuredmedia":[{"embeddable":true,"href":"https:\/\/elpajaritonews.com\/index.php?rest_route=\/wp\/v2\/media\/61921"}],"wp:attachment":[{"href":"https:\/\/elpajaritonews.com\/index.php?rest_route=%2Fwp%2Fv2%2Fmedia&parent=61920"}],"wp:term":[{"taxonomy":"category","embeddable":true,"href":"https:\/\/elpajaritonews.com\/index.php?rest_route=%2Fwp%2Fv2%2Fcategories&post=61920"},{"taxonomy":"post_tag","embeddable":true,"href":"https:\/\/elpajaritonews.com\/index.php?rest_route=%2Fwp%2Fv2%2Ftags&post=61920"}],"curies":[{"name":"wp","href":"https:\/\/api.w.org\/{rel}","templated":true}]}}