{"id":62000,"date":"2024-09-20T13:37:38","date_gmt":"2024-09-20T20:37:38","guid":{"rendered":"https:\/\/elpajaritonews.com\/?p=62000"},"modified":"2024-09-20T13:37:40","modified_gmt":"2024-09-20T20:37:40","slug":"realizara-ism-segunda-edicion-de-emprendamos-juntas","status":"publish","type":"post","link":"https:\/\/elpajaritonews.com\/?p=62000","title":{"rendered":"REALIZAR\u00c1 ISM SEGUNDA EDICI\u00d3N DE \u201cEMPRENDAMOS JUNTAS\u201d"},"content":{"rendered":"\n<p class=\"wp-block-paragraph\">El Gobierno de Sonora, a trav\u00e9s del Instituto Sonorense de las Mujeres (ISM), llevar\u00e1 a cabo la segunda feria \u201cEmprendamos Juntas\u201d para mujeres de Guaymas y Empalme, con el objetivo de brindar un espacio para el empoderamiento econ\u00f3mico y llevar servicios municipales y estatales.&nbsp;<\/p>\n\n\n\n<p class=\"wp-block-paragraph\">El registro ya inici\u00f3 y a la fecha se han inscrito m\u00e1s de 70 emprendedoras que buscan ofrecer sus productos y servicios en el Malec\u00f3n Tur\u00edstico del puerto, este pr\u00f3ximo 5 de octubre.<\/p>\n\n\n\n<p class=\"wp-block-paragraph\">Este programa es impulsado y operado por ISM, adem\u00e1s responde al resolutivo de la Declaratoria de Alerta de Violencia de G\u00e9nero que establece generar una estrategia con enfoque de g\u00e9nero y derechos humanos que contribuya al resarcimiento del tejido social.<\/p>\n\n\n\n<figure class=\"wp-block-image size-large\"><img loading=\"lazy\" decoding=\"async\" width=\"682\" height=\"1024\" src=\"https:\/\/elpajaritonews.com\/wp-content\/uploads\/2024\/09\/beb58df5-6f23-4edf-a8bc-7fd2b81aaf6d-682x1024.jpg\" alt=\"\" class=\"wp-image-62002\" srcset=\"https:\/\/elpajaritonews.com\/wp-content\/uploads\/2024\/09\/beb58df5-6f23-4edf-a8bc-7fd2b81aaf6d-682x1024.jpg 682w, https:\/\/elpajaritonews.com\/wp-content\/uploads\/2024\/09\/beb58df5-6f23-4edf-a8bc-7fd2b81aaf6d-200x300.jpg 200w, https:\/\/elpajaritonews.com\/wp-content\/uploads\/2024\/09\/beb58df5-6f23-4edf-a8bc-7fd2b81aaf6d-768x1153.jpg 768w, https:\/\/elpajaritonews.com\/wp-content\/uploads\/2024\/09\/beb58df5-6f23-4edf-a8bc-7fd2b81aaf6d-1023x1536.jpg 1023w, https:\/\/elpajaritonews.com\/wp-content\/uploads\/2024\/09\/beb58df5-6f23-4edf-a8bc-7fd2b81aaf6d.jpg 1066w\" sizes=\"auto, (max-width: 682px) 100vw, 682px\" \/><\/figure>\n\n\n\n<p class=\"wp-block-paragraph\">\u201cCon esta estrategia buscamos impulsar a las mujeres de esas comunidades y que no participan en el mercado de trabajo, a generar su propio empleo, a partir de la utilizaci\u00f3n productiva de sus talentos, habilidades y conocimientos, a fin de alcanzar la autonom\u00eda econ\u00f3mica que es fundamental para romper los ciclos de violencia\u201d, inform\u00f3 la coordinadora ejecutiva del Instituto Sonorense de las Mujeres, Sheila Hern\u00e1ndez Alcaraz.<\/p>\n\n\n\n<p class=\"wp-block-paragraph\">Adem\u00e1s, se dar\u00e1 seguimiento a las mujeres participantes que as\u00ed lo deseen, para brindar herramientas de impulso a sus emprendimientos a trav\u00e9s de la coordinaci\u00f3n con dependencias y organizaciones especializadas en el tema; as\u00ed tambi\u00e9n se acercar\u00e1n tr\u00e1mites y servicios que ofrece el Gobierno de Sonora y el Ayuntamiento de Guaymas de manera gratuita, en apoyo a mujeres y ni\u00f1as.&nbsp;<\/p>\n\n\n\n<p class=\"wp-block-paragraph\">En esta edici\u00f3n se contar\u00e1 con la participaci\u00f3n y apoyo de la Escuela de Bellas Artes y del Conservatorio de M\u00fasica Fray Ivo Tonek, Fundaci\u00f3n Cultural Infantil y Juvenil, por lo que tambi\u00e9n habr\u00e1 un espacio cultural, a trav\u00e9s diversas expresiones art\u00edsticas.<\/p>\n","protected":false},"excerpt":{"rendered":"<p>El Gobierno de Sonora, a trav\u00e9s del Instituto Sonorense de las Mujeres (ISM), llevar\u00e1 a cabo la segunda feria \u201cEmprendamos Juntas\u201d para mujeres de Guaymas y Empalme, con el objetivo de brindar un espacio para el empoderamiento econ\u00f3mico y llevar servicios municipales y estatales.&nbsp; El registro ya inici\u00f3 y a la fecha se han inscrito&#8230;<\/p>\n","protected":false},"author":2,"featured_media":62001,"comment_status":"closed","ping_status":"closed","sticky":false,"template":"","format":"standard","meta":{"_crdt_document":"","_exactmetrics_skip_tracking":false,"_exactmetrics_sitenote_active":false,"_exactmetrics_sitenote_note":"","_exactmetrics_sitenote_category":0,"footnotes":""},"categories":[36,88,31,27,69],"tags":[71,79,72,74],"class_list":["post-62000","post","type-post","status-publish","format-standard","has-post-thumbnail","hentry","category-economia","category-justicia","category-politica","category-sonora","category-ultimas-noticias","tag-alfonso-durazo","tag-andres-manuel-lopez-obrador","tag-claudia-sheinbaum","tag-hermosillo"],"_links":{"self":[{"href":"https:\/\/elpajaritonews.com\/index.php?rest_route=\/wp\/v2\/posts\/62000","targetHints":{"allow":["GET"]}}],"collection":[{"href":"https:\/\/elpajaritonews.com\/index.php?rest_route=\/wp\/v2\/posts"}],"about":[{"href":"https:\/\/elpajaritonews.com\/index.php?rest_route=\/wp\/v2\/types\/post"}],"author":[{"embeddable":true,"href":"https:\/\/elpajaritonews.com\/index.php?rest_route=\/wp\/v2\/users\/2"}],"replies":[{"embeddable":true,"href":"https:\/\/elpajaritonews.com\/index.php?rest_route=%2Fwp%2Fv2%2Fcomments&post=62000"}],"version-history":[{"count":1,"href":"https:\/\/elpajaritonews.com\/index.php?rest_route=\/wp\/v2\/posts\/62000\/revisions"}],"predecessor-version":[{"id":62003,"href":"https:\/\/elpajaritonews.com\/index.php?rest_route=\/wp\/v2\/posts\/62000\/revisions\/62003"}],"wp:featuredmedia":[{"embeddable":true,"href":"https:\/\/elpajaritonews.com\/index.php?rest_route=\/wp\/v2\/media\/62001"}],"wp:attachment":[{"href":"https:\/\/elpajaritonews.com\/index.php?rest_route=%2Fwp%2Fv2%2Fmedia&parent=62000"}],"wp:term":[{"taxonomy":"category","embeddable":true,"href":"https:\/\/elpajaritonews.com\/index.php?rest_route=%2Fwp%2Fv2%2Fcategories&post=62000"},{"taxonomy":"post_tag","embeddable":true,"href":"https:\/\/elpajaritonews.com\/index.php?rest_route=%2Fwp%2Fv2%2Ftags&post=62000"}],"curies":[{"name":"wp","href":"https:\/\/api.w.org\/{rel}","templated":true}]}}