{"id":62004,"date":"2024-09-20T19:26:07","date_gmt":"2024-09-21T02:26:07","guid":{"rendered":"https:\/\/elpajaritonews.com\/?p=62004"},"modified":"2024-09-20T19:26:08","modified_gmt":"2024-09-21T02:26:08","slug":"se-reune-alfonso-durazo-con-amlo-y-claudia-sheinbaum-en-viaje-en-el-tren-maya","status":"publish","type":"post","link":"https:\/\/elpajaritonews.com\/?p=62004","title":{"rendered":"SE RE\u00daNE ALFONSO DURAZO CON AMLO Y CLAUDIA SHEINBAUM EN VIAJE EN EL TREN MAYA"},"content":{"rendered":"\n<p class=\"wp-block-paragraph\">El gobernador de Sonora, Alfonso Durazo, se reuni\u00f3 recientemente con el presidente Andr\u00e9s Manuel L\u00f3pez Obrador y la virtual presidenta electa, Claudia Sheinbaum, durante un viaje en el Tren Maya.<\/p>\n\n\n\n<figure class=\"wp-block-image size-full is-resized\"><img loading=\"lazy\" decoding=\"async\" width=\"360\" height=\"240\" src=\"https:\/\/elpajaritonews.com\/wp-content\/uploads\/2024\/09\/GX9BQINaIAAMz6r.jpg\" alt=\"\" class=\"wp-image-62006\" style=\"width:681px;height:auto\" srcset=\"https:\/\/elpajaritonews.com\/wp-content\/uploads\/2024\/09\/GX9BQINaIAAMz6r.jpg 360w, https:\/\/elpajaritonews.com\/wp-content\/uploads\/2024\/09\/GX9BQINaIAAMz6r-300x200.jpg 300w\" sizes=\"auto, (max-width: 360px) 100vw, 360px\" \/><\/figure>\n\n\n\n<p class=\"wp-block-paragraph\">Este encuentro fue parte de una reuni\u00f3n privada entre AMLO, Sheinbaum y el gobernador de Morena para discutir temas relacionados con el desarrollo del pa\u00eds.<\/p>\n\n\n\n<figure class=\"wp-block-image size-full is-resized\"><img loading=\"lazy\" decoding=\"async\" width=\"360\" height=\"233\" src=\"https:\/\/elpajaritonews.com\/wp-content\/uploads\/2024\/09\/GX9BQILaUAQLawT.jpg\" alt=\"\" class=\"wp-image-62007\" style=\"width:681px;height:auto\" srcset=\"https:\/\/elpajaritonews.com\/wp-content\/uploads\/2024\/09\/GX9BQILaUAQLawT.jpg 360w, https:\/\/elpajaritonews.com\/wp-content\/uploads\/2024\/09\/GX9BQILaUAQLawT-300x194.jpg 300w\" sizes=\"auto, (max-width: 360px) 100vw, 360px\" \/><\/figure>\n\n\n\n<p class=\"wp-block-paragraph\">El Tren Maya, uno de los proyectos del gobierno de L\u00f3pez Obrador, tiene como objetivo impulsar el desarrollo econ\u00f3mico y tur\u00edstico en el sureste de M\u00e9xico.<\/p>\n\n\n\n<figure class=\"wp-block-image size-full is-resized\"><img loading=\"lazy\" decoding=\"async\" width=\"360\" height=\"240\" src=\"https:\/\/elpajaritonews.com\/wp-content\/uploads\/2024\/09\/GX9BQIUaUAUQgPY.jpg\" alt=\"\" class=\"wp-image-62008\" style=\"width:681px;height:auto\" srcset=\"https:\/\/elpajaritonews.com\/wp-content\/uploads\/2024\/09\/GX9BQIUaUAUQgPY.jpg 360w, https:\/\/elpajaritonews.com\/wp-content\/uploads\/2024\/09\/GX9BQIUaUAUQgPY-300x200.jpg 300w\" sizes=\"auto, (max-width: 360px) 100vw, 360px\" \/><\/figure>\n\n\n\n<p class=\"wp-block-paragraph\">Durante el recorrido, los l\u00edderes discutieron diversas iniciativas y estrategias para maximizar los beneficios del Tren Maya, no solo para la regi\u00f3n sureste, sino para todo el pa\u00eds.<\/p>\n","protected":false},"excerpt":{"rendered":"<p>El gobernador de Sonora, Alfonso Durazo, se reuni\u00f3 recientemente con el presidente Andr\u00e9s Manuel L\u00f3pez Obrador y la virtual presidenta electa, Claudia Sheinbaum, durante un viaje en el Tren Maya. Este encuentro fue parte de una reuni\u00f3n privada entre AMLO, Sheinbaum y el gobernador de Morena para discutir temas relacionados con el desarrollo del pa\u00eds&#8230;.<\/p>\n","protected":false},"author":2,"featured_media":62005,"comment_status":"closed","ping_status":"closed","sticky":false,"template":"","format":"standard","meta":{"_crdt_document":"","_exactmetrics_skip_tracking":false,"_exactmetrics_sitenote_active":false,"_exactmetrics_sitenote_note":"","_exactmetrics_sitenote_category":0,"footnotes":""},"categories":[23,31,27,84,69],"tags":[71,79,72],"class_list":["post-62004","post","type-post","status-publish","format-standard","has-post-thumbnail","hentry","category-mexico","category-politica","category-sonora","category-turismo","category-ultimas-noticias","tag-alfonso-durazo","tag-andres-manuel-lopez-obrador","tag-claudia-sheinbaum"],"_links":{"self":[{"href":"https:\/\/elpajaritonews.com\/index.php?rest_route=\/wp\/v2\/posts\/62004","targetHints":{"allow":["GET"]}}],"collection":[{"href":"https:\/\/elpajaritonews.com\/index.php?rest_route=\/wp\/v2\/posts"}],"about":[{"href":"https:\/\/elpajaritonews.com\/index.php?rest_route=\/wp\/v2\/types\/post"}],"author":[{"embeddable":true,"href":"https:\/\/elpajaritonews.com\/index.php?rest_route=\/wp\/v2\/users\/2"}],"replies":[{"embeddable":true,"href":"https:\/\/elpajaritonews.com\/index.php?rest_route=%2Fwp%2Fv2%2Fcomments&post=62004"}],"version-history":[{"count":1,"href":"https:\/\/elpajaritonews.com\/index.php?rest_route=\/wp\/v2\/posts\/62004\/revisions"}],"predecessor-version":[{"id":62009,"href":"https:\/\/elpajaritonews.com\/index.php?rest_route=\/wp\/v2\/posts\/62004\/revisions\/62009"}],"wp:featuredmedia":[{"embeddable":true,"href":"https:\/\/elpajaritonews.com\/index.php?rest_route=\/wp\/v2\/media\/62005"}],"wp:attachment":[{"href":"https:\/\/elpajaritonews.com\/index.php?rest_route=%2Fwp%2Fv2%2Fmedia&parent=62004"}],"wp:term":[{"taxonomy":"category","embeddable":true,"href":"https:\/\/elpajaritonews.com\/index.php?rest_route=%2Fwp%2Fv2%2Fcategories&post=62004"},{"taxonomy":"post_tag","embeddable":true,"href":"https:\/\/elpajaritonews.com\/index.php?rest_route=%2Fwp%2Fv2%2Ftags&post=62004"}],"curies":[{"name":"wp","href":"https:\/\/api.w.org\/{rel}","templated":true}]}}