{"id":62010,"date":"2024-09-20T20:53:13","date_gmt":"2024-09-21T03:53:13","guid":{"rendered":"https:\/\/elpajaritonews.com\/?p=62010"},"modified":"2024-09-20T20:53:14","modified_gmt":"2024-09-21T03:53:14","slug":"participan-legisladores-sonorenses-en-la-conferencia-legislativa-fronteriza","status":"publish","type":"post","link":"https:\/\/elpajaritonews.com\/?p=62010","title":{"rendered":"PARTICIPAN LEGISLADORES SONORENSES EN LA CONFERENCIA LEGISLATIVA FRONTERIZA"},"content":{"rendered":"\n<p class=\"wp-block-paragraph\">Integrantes de la 64 Legislatura del Congreso de Sonora participan en la edici\u00f3n 35 de la Conferencia Legislativa Fronteriza (CLF) que se desarrolla en esta ciudad, con el fin de conocer los diversos programas que se llevan a cabo en beneficio de las entidades fronterizas de M\u00e9xico y de Estados Unidos.<\/p>\n\n\n\n<p class=\"wp-block-paragraph\">Encabezados por la diputada Ernestina Castro Valenzuela (Morena), vicepresidenta de la CLF, la comitiva de legisladores locales sonorenses conoci\u00f3 el reporte del grupo de trabajo fronterizo-regi\u00f3n Paso del Norte, a cargo de Lucinda Vargas, directora asociada del Centro para el Desarrollo Econ\u00f3mico Fronterizo de la Universidad Estatal de Nuevo M\u00e9xico.<\/p>\n\n\n\n<p class=\"wp-block-paragraph\">La regi\u00f3n binacional compuesta por El Paso, Texas; Ciudad Ju\u00e1rez, Chihuahua; y el Condado de Do\u00f1a Ana, en el sur de Nuevo M\u00e9xico ya es competitiva, expuso, pero para alcanzar su potencial, dos gobernadoras y una congresista federal formaron el grupo de trabajo sobre infraestructura binacional. El informe de trabajo es resultado del compromiso con la ciudadan\u00eda en cada regi\u00f3n para crear una visi\u00f3n conjunta y recomendaciones para identificar pr\u00f3ximos pasos.<\/p>\n\n\n\n<p class=\"wp-block-paragraph\">Tambi\u00e9n se present\u00f3 el panorama sobre obst\u00e1culos en la cadena de suministros y soluciones actuales y futuras, en el que el expositor, David Harlow, director ejecutivo de Diligencia Internacional (ITC), identific\u00f3 problemas crecientes, como tarifas y mayores regulaciones en comercio internacional.<\/p>\n\n\n\n<p class=\"wp-block-paragraph\">Otros temas fueron: Liderando competitividad de Am\u00e9rica del Norte; Banco Verde para la frontera M\u00e9xico-E.U.A.; Energ\u00eda en la regi\u00f3n fronteriza y manejo de la sequ\u00eda, con la participaci\u00f3n de Jeff Morris, director ejecutivo de relaciones gubernamentales estatales de Schneider Electric; Irma Flores, gerente de relaciones de comunicaciones y comunidad del Banco de Am\u00e9rica del Norte (NADBank); Esmeralda Viramontes, directora de Soluciones de Energ\u00eda Internacional El Paso Electric; David W. Dubois y Sam Fernald, de la Universidad Estatal de Nuevo M\u00e9xico, respectivamente.<\/p>\n\n\n\n<p class=\"wp-block-paragraph\">La presentaci\u00f3n de los expositores estuvo a cargo del presidente de la Conferencia Legislativa Fronteriza, Bill Soules, senador estatal de Nuevo M\u00e9xico.<\/p>\n\n\n\n<p class=\"wp-block-paragraph\">Por la ma\u00f1ana, las y los legisladores visitaron el Museo del Aire de \u00c1guilas de Guerra (War Eagles Air Museum), donde se present\u00f3 la Asociaci\u00f3n Industrial Fronteriza (BIA por sus siglas en ingl\u00e9s), que es la organizaci\u00f3n principal de apoyo en Nuevo M\u00e9xico que se enfoca en mejorar el ambiente de negocios para sus miembros y la regi\u00f3n. La frontera es la base industrial y de exportaci\u00f3n m\u00e1s grande de Nuevo M\u00e9xico y representa el futuro de este estado, inform\u00f3 Jerry Pacheco, director ejecutivo de la BIA.<\/p>\n\n\n\n<p class=\"wp-block-paragraph\">Las actividades de la CLF continuar\u00e1n este s\u00e1bado 21 de septiembre.<\/p>\n\n\n\n<p class=\"wp-block-paragraph\">Participan las diputadas Ernestina Castro Valenzuela, Elia Sahara Sallard Hern\u00e1ndez, Alicia Gayt\u00e1n S\u00e1nchez, Eduwiges Espinoza Tapia, Deni Gast\u00e9lum Barreras, todas del grupo parlamentario de Morena; Iris Fernanda S\u00e1nchez Chiu (PRI) y Claudia Bours Corral (PVEM); as\u00ed como los diputados Pr\u00f3spero Valenzuela M\u00fa\u00f1er (Morena) y Tadeo Mend\u00edvil Valenzuela (Morena).<\/p>\n","protected":false},"excerpt":{"rendered":"<p>Integrantes de la 64 Legislatura del Congreso de Sonora participan en la edici\u00f3n 35 de la Conferencia Legislativa Fronteriza (CLF) que se desarrolla en esta ciudad, con el fin de conocer los diversos programas que se llevan a cabo en beneficio de las entidades fronterizas de M\u00e9xico y de Estados Unidos. Encabezados por la diputada&#8230;<\/p>\n","protected":false},"author":2,"featured_media":62011,"comment_status":"closed","ping_status":"closed","sticky":false,"template":"","format":"standard","meta":{"_crdt_document":"","_exactmetrics_skip_tracking":false,"_exactmetrics_sitenote_active":false,"_exactmetrics_sitenote_note":"","_exactmetrics_sitenote_category":0,"footnotes":""},"categories":[20,89,26,27],"tags":[71,73],"class_list":["post-62010","post","type-post","status-publish","format-standard","has-post-thumbnail","hentry","category-congreso","category-estados-unidos","category-local","category-sonora","tag-alfonso-durazo","tag-congreso-del-estado-de-sonora"],"_links":{"self":[{"href":"https:\/\/elpajaritonews.com\/index.php?rest_route=\/wp\/v2\/posts\/62010","targetHints":{"allow":["GET"]}}],"collection":[{"href":"https:\/\/elpajaritonews.com\/index.php?rest_route=\/wp\/v2\/posts"}],"about":[{"href":"https:\/\/elpajaritonews.com\/index.php?rest_route=\/wp\/v2\/types\/post"}],"author":[{"embeddable":true,"href":"https:\/\/elpajaritonews.com\/index.php?rest_route=\/wp\/v2\/users\/2"}],"replies":[{"embeddable":true,"href":"https:\/\/elpajaritonews.com\/index.php?rest_route=%2Fwp%2Fv2%2Fcomments&post=62010"}],"version-history":[{"count":1,"href":"https:\/\/elpajaritonews.com\/index.php?rest_route=\/wp\/v2\/posts\/62010\/revisions"}],"predecessor-version":[{"id":62012,"href":"https:\/\/elpajaritonews.com\/index.php?rest_route=\/wp\/v2\/posts\/62010\/revisions\/62012"}],"wp:featuredmedia":[{"embeddable":true,"href":"https:\/\/elpajaritonews.com\/index.php?rest_route=\/wp\/v2\/media\/62011"}],"wp:attachment":[{"href":"https:\/\/elpajaritonews.com\/index.php?rest_route=%2Fwp%2Fv2%2Fmedia&parent=62010"}],"wp:term":[{"taxonomy":"category","embeddable":true,"href":"https:\/\/elpajaritonews.com\/index.php?rest_route=%2Fwp%2Fv2%2Fcategories&post=62010"},{"taxonomy":"post_tag","embeddable":true,"href":"https:\/\/elpajaritonews.com\/index.php?rest_route=%2Fwp%2Fv2%2Ftags&post=62010"}],"curies":[{"name":"wp","href":"https:\/\/api.w.org\/{rel}","templated":true}]}}