{"id":62060,"date":"2024-09-23T10:43:08","date_gmt":"2024-09-23T17:43:08","guid":{"rendered":"https:\/\/elpajaritonews.com\/?p=62060"},"modified":"2024-09-23T10:43:09","modified_gmt":"2024-09-23T17:43:09","slug":"comienza-ine-el-proceso-electoral-extraordinario-de-jueces","status":"publish","type":"post","link":"https:\/\/elpajaritonews.com\/?p=62060","title":{"rendered":"COMIENZA INE EL PROCESO ELECTORAL EXTRAORDINARIO DE JUECES"},"content":{"rendered":"\n<p class=\"wp-block-paragraph\">La Jornada<\/p>\n\n\n\n<p class=\"wp-block-paragraph\">El Instituto Nacional Electoral (INE) di\u00f3 inicio al proceso electoral extraordinario de jueces con una ceremonia c\u00edvica, en la que no se convoc\u00f3 a los magistrados del Tribunal Electoral del Poder Judicial de la Federaci\u00f3n (TEPJF) ni a invitados especiales, y menos a representantes de partidos pol\u00edticos.<\/p>\n\n\n\n<p class=\"wp-block-paragraph\">As\u00ed lo estableci\u00f3 la reforma judicial, por lo que solo estuvieron presentes personal del \u00f3rgano electoral, as\u00ed como integrantes de los organismos p\u00fablicos electorales locales.<\/p>\n\n\n\n<p class=\"wp-block-paragraph\">En medio de la entonaci\u00f3n del Himno Nacional y de los honores a la bandera por parte de los funcionarios electorales, afuera de la sede nacional del INE, cerca de 400 trabajadores del Poder Judicial se manifestaron contra este proceso.<\/p>\n\n\n\n<p class=\"wp-block-paragraph\">Luego del izamiento de la bandera, la consejera presidenta del INE, Guadalupe Taddei Zavala, se\u00f1al\u00f3 que est\u00e1n listos para la organizaci\u00f3n de este proceso extraordinario y se comprometi\u00f3 a trabajar con el mismo profesionalismo que les ha dado la confianza de todos los mexicanos.<\/p>\n\n\n\n<p class=\"wp-block-paragraph\">A nombre de los 11 consejeros electorales, celebr\u00f3 la oportunidad de fortalecer el Estado de Derecho a trav\u00e9s de un proceso electoral \u00abtransparente y leg\u00edtimo\u00bb.<\/p>\n\n\n\n<p class=\"wp-block-paragraph\">\u00abLes aseguro que las reglas ser\u00e1n claras y equitativas para todos los participantes\u00bb, afirm\u00f3.<\/p>\n\n\n\n<p class=\"wp-block-paragraph\">Adem\u00e1s, dijo, tendr\u00e1n mecanismos de vigilancia y control que asegurar\u00e1n la integridad del proceso electoral extraordinario.<\/p>\n\n\n\n<p class=\"wp-block-paragraph\">\u00abUna vez m\u00e1s, el Sistema Nacional de Elecciones, har\u00e1 notar su potencial para maximizar el ejercicio de derechos pol\u00edticos de la ciudadan\u00eda; esto ser\u00e1 as\u00ed, porque durante los \u00faltimos 10 a\u00f1os, el INE y los Organismos P\u00fablicos Locales Electorales, hemos perfeccionado nuestros instrumentos de coordinaci\u00f3n, por lo que cumpliremos con \u00e9xito nuestra nueva encomienda constitucional\u00bb.<\/p>\n\n\n\n<p class=\"wp-block-paragraph\">En un breve mensaje Taddei Zavala concluy\u00f3 se\u00f1alando que organizar\u00e1n este proceso \u00abde forma certera e imparcial\u00bb.<\/p>\n\n\n\n<p class=\"wp-block-paragraph\">A lo lejos, en medio de su discurso se alcanzaban a escuchar los tambores y trompetas de los trabajadores de juzgados y tribunales que durante toda la ceremonia c\u00edvica no cesaron de manifestar su repudio al arranque de este proceso.<\/p>\n\n\n\n<p class=\"wp-block-paragraph\">Con las consigna \u00abJuez votado, corrupto asegurado\u00bb, \u00abEl juez por elecci\u00f3n s\u00f3lo da\u00f1a la naci\u00f3n\u00bb y \u00abProceso electoral, retroceso nacional\u00bb mostraron su oposici\u00f3n a estos primeros comicios que se deber\u00e1n llevar a cabo el primero de junio de 2025.<\/p>\n","protected":false},"excerpt":{"rendered":"<p>La Jornada El Instituto Nacional Electoral (INE) di\u00f3 inicio al proceso electoral extraordinario de jueces con una ceremonia c\u00edvica, en la que no se convoc\u00f3 a los magistrados del Tribunal Electoral del Poder Judicial de la Federaci\u00f3n (TEPJF) ni a invitados especiales, y menos a representantes de partidos pol\u00edticos. As\u00ed lo estableci\u00f3 la reforma judicial,&#8230;<\/p>\n","protected":false},"author":2,"featured_media":62061,"comment_status":"closed","ping_status":"closed","sticky":false,"template":"","format":"standard","meta":{"_crdt_document":"","_exactmetrics_skip_tracking":false,"_exactmetrics_sitenote_active":false,"_exactmetrics_sitenote_note":"","_exactmetrics_sitenote_category":0,"footnotes":""},"categories":[35,88,23,82,31,69],"tags":[79,72,75],"class_list":["post-62060","post","type-post","status-publish","format-standard","has-post-thumbnail","hentry","category-elecciones-2024","category-justicia","category-mexico","category-poder-judicial","category-politica","category-ultimas-noticias","tag-andres-manuel-lopez-obrador","tag-claudia-sheinbaum","tag-seguridad-publica"],"_links":{"self":[{"href":"https:\/\/elpajaritonews.com\/index.php?rest_route=\/wp\/v2\/posts\/62060","targetHints":{"allow":["GET"]}}],"collection":[{"href":"https:\/\/elpajaritonews.com\/index.php?rest_route=\/wp\/v2\/posts"}],"about":[{"href":"https:\/\/elpajaritonews.com\/index.php?rest_route=\/wp\/v2\/types\/post"}],"author":[{"embeddable":true,"href":"https:\/\/elpajaritonews.com\/index.php?rest_route=\/wp\/v2\/users\/2"}],"replies":[{"embeddable":true,"href":"https:\/\/elpajaritonews.com\/index.php?rest_route=%2Fwp%2Fv2%2Fcomments&post=62060"}],"version-history":[{"count":1,"href":"https:\/\/elpajaritonews.com\/index.php?rest_route=\/wp\/v2\/posts\/62060\/revisions"}],"predecessor-version":[{"id":62062,"href":"https:\/\/elpajaritonews.com\/index.php?rest_route=\/wp\/v2\/posts\/62060\/revisions\/62062"}],"wp:featuredmedia":[{"embeddable":true,"href":"https:\/\/elpajaritonews.com\/index.php?rest_route=\/wp\/v2\/media\/62061"}],"wp:attachment":[{"href":"https:\/\/elpajaritonews.com\/index.php?rest_route=%2Fwp%2Fv2%2Fmedia&parent=62060"}],"wp:term":[{"taxonomy":"category","embeddable":true,"href":"https:\/\/elpajaritonews.com\/index.php?rest_route=%2Fwp%2Fv2%2Fcategories&post=62060"},{"taxonomy":"post_tag","embeddable":true,"href":"https:\/\/elpajaritonews.com\/index.php?rest_route=%2Fwp%2Fv2%2Ftags&post=62060"}],"curies":[{"name":"wp","href":"https:\/\/api.w.org\/{rel}","templated":true}]}}