{"id":62124,"date":"2024-09-30T16:41:43","date_gmt":"2024-09-30T23:41:43","guid":{"rendered":"https:\/\/elpajaritonews.com\/?p=62124"},"modified":"2024-09-30T16:41:45","modified_gmt":"2024-09-30T23:41:45","slug":"mision-cumplida-lopez-obrador-al-pueblo","status":"publish","type":"post","link":"https:\/\/elpajaritonews.com\/?p=62124","title":{"rendered":"\u00ab\u00a1MISI\u00d3N CUMPLIDA!\u00bb: L\u00d3PEZ OBRADOR AL PUEBLO"},"content":{"rendered":"\n<p class=\"wp-block-paragraph\">\u201c\u00a1Misi\u00f3n cumplida!\u201d, sintetiz\u00f3 el presidente Andr\u00e9s Manuel L\u00f3pez Obrador al cierre de su mandato lo hecho a lo largo de su sexenio.<\/p>\n\n\n\n<figure class=\"wp-block-image size-large\"><img loading=\"lazy\" decoding=\"async\" width=\"1024\" height=\"594\" src=\"https:\/\/elpajaritonews.com\/wp-content\/uploads\/2024\/09\/fddfd-1024x594.jpg\" alt=\"\" class=\"wp-image-62126\" srcset=\"https:\/\/elpajaritonews.com\/wp-content\/uploads\/2024\/09\/fddfd-1024x594.jpg 1024w, https:\/\/elpajaritonews.com\/wp-content\/uploads\/2024\/09\/fddfd-300x174.jpg 300w, https:\/\/elpajaritonews.com\/wp-content\/uploads\/2024\/09\/fddfd-768x445.jpg 768w, https:\/\/elpajaritonews.com\/wp-content\/uploads\/2024\/09\/fddfd-1536x890.jpg 1536w, https:\/\/elpajaritonews.com\/wp-content\/uploads\/2024\/09\/fddfd.jpg 1796w\" sizes=\"auto, (max-width: 1024px) 100vw, 1024px\" \/><\/figure>\n\n\n\n<p class=\"wp-block-paragraph\">Tras develar su retrato que quedar\u00e1 en la Galer\u00eda de los Presidentes de Palacio Nacional, junto a la del \u201clicenciado Pe\u00f1a \u2014como siempre se refiri\u00f3 a su antecesor\u2014, el mandatario se dio un tiempo para contestar las preguntas de los reporteros.<\/p>\n\n\n\n<figure class=\"wp-block-embed is-type-rich is-provider-twitter wp-block-embed-twitter\"><div class=\"wp-block-embed__wrapper\">\n<blockquote class=\"twitter-tweet\" data-width=\"550\" data-dnt=\"true\"><p lang=\"es\" dir=\"ltr\">Con un convivi\u00f3 se despide el presidente <a href=\"https:\/\/twitter.com\/lopezobrador_?ref_src=twsrc%5Etfw\">@lopezobrador_<\/a>  y el<br>Equipo de <a href=\"https:\/\/twitter.com\/JesusRCuevas?ref_src=twsrc%5Etfw\">@JesusRCuevas<\/a> excelentes personas junto con todas las y los colegas de la ma\u00f1anera, un sexenios si censura gracias presidente y gracias chicos <a href=\"https:\/\/t.co\/RTnr5A5znp\">pic.twitter.com\/RTnr5A5znp<\/a><\/p>&mdash; Vinicio Sanchez (@viniciosanchez) <a href=\"https:\/\/twitter.com\/viniciosanchez\/status\/1840793185720709246?ref_src=twsrc%5Etfw\">September 30, 2024<\/a><\/blockquote><script async src=\"https:\/\/platform.twitter.com\/widgets.js\" charset=\"utf-8\"><\/script>\n<\/div><\/figure>\n\n\n\n<p class=\"wp-block-paragraph\">Insisti\u00f3 en que en tiempos de transformaci\u00f3n lo m\u00e1s importante es la acci\u00f3n, por lo que dedic\u00f3 16 horas a trabajar diariamente y ocho para descansar.<\/p>\n\n\n\n<figure class=\"wp-block-embed is-type-rich is-provider-twitter wp-block-embed-twitter\"><div class=\"wp-block-embed__wrapper\">\n<blockquote class=\"twitter-tweet\" data-width=\"550\" data-dnt=\"true\"><p lang=\"es\" dir=\"ltr\">Amor con Amor se paga \u00faltima foro de la ma\u00f1anera del presidente <a href=\"https:\/\/twitter.com\/lopezobrador_?ref_src=twsrc%5Etfw\">@lopezobrador_<\/a> <a href=\"https:\/\/t.co\/bDkFpeGyGb\">pic.twitter.com\/bDkFpeGyGb<\/a><\/p>&mdash; Vinicio Sanchez (@viniciosanchez) <a href=\"https:\/\/twitter.com\/viniciosanchez\/status\/1840802089985065269?ref_src=twsrc%5Etfw\">September 30, 2024<\/a><\/blockquote><script async src=\"https:\/\/platform.twitter.com\/widgets.js\" charset=\"utf-8\"><\/script>\n<\/div><\/figure>\n\n\n\n<p class=\"wp-block-paragraph\">\u2014\u00bfUna despedida para sus seguidores? \u2014se le pregunt\u00f3.<\/p>\n\n\n\n<p class=\"wp-block-paragraph\">\u2014Pues que los quiero mucho, mucho, mucho, mucho. Lo m\u00e1s importante es el amor al pueblo \u2014revir\u00f3.<\/p>\n\n\n\n<p class=\"wp-block-paragraph\">\u2014\u00bfMisi\u00f3n cumplida? \u2014se le insisti\u00f3.<\/p>\n\n\n\n<p class=\"wp-block-paragraph\">\u2014S\u00ed, en lo p\u00fablico s\u00ed, ahora s\u00ed que misi\u00f3n cumplida.<\/p>\n\n\n\n<figure class=\"wp-block-embed is-type-video is-provider-youtube wp-block-embed-youtube wp-embed-aspect-16-9 wp-has-aspect-ratio\"><div class=\"wp-block-embed__wrapper\">\n<iframe loading=\"lazy\" title=\"\u00daltima conferencia matutina del presidente Andr\u00e9s Manuel L\u00f3pez Obrador\" width=\"640\" height=\"360\" src=\"https:\/\/www.youtube.com\/embed\/Q5Z01pPwoEM?start=2&#038;feature=oembed\" frameborder=\"0\" allow=\"accelerometer; autoplay; clipboard-write; encrypted-media; gyroscope; picture-in-picture; web-share\" referrerpolicy=\"strict-origin-when-cross-origin\" allowfullscreen><\/iframe>\n<\/div><\/figure>\n\n\n\n<p class=\"wp-block-paragraph\">Ante la interrogante si se va nost\u00e1lgico o triste, el jefe del Ejecutivo sostuvo que no, aun cuando en su semblante se irradiaba cierto aire de pesadumbre por llegar al final de su gesti\u00f3n.<\/p>\n\n\n\n<figure class=\"wp-block-embed is-type-video is-provider-youtube wp-block-embed-youtube wp-embed-aspect-16-9 wp-has-aspect-ratio\"><div class=\"wp-block-embed__wrapper\">\n<iframe loading=\"lazy\" title=\"Concluye gobierno del presidente AMLO con hist\u00f3rica reducci\u00f3n de la pobreza y peso fuerte\" width=\"640\" height=\"360\" src=\"https:\/\/www.youtube.com\/embed\/E4C8G_a1Txc?feature=oembed\" frameborder=\"0\" allow=\"accelerometer; autoplay; clipboard-write; encrypted-media; gyroscope; picture-in-picture; web-share\" referrerpolicy=\"strict-origin-when-cross-origin\" allowfullscreen><\/iframe>\n<\/div><\/figure>\n\n\n\n<figure class=\"wp-block-embed is-type-rich is-provider-twitter wp-block-embed-twitter\"><div class=\"wp-block-embed__wrapper\">\n<blockquote class=\"twitter-tweet\" data-width=\"550\" data-dnt=\"true\"><p lang=\"es\" dir=\"ltr\">As\u00ed luce el cuadro de nuestro presidente <a href=\"https:\/\/twitter.com\/lopezobrador_?ref_src=twsrc%5Etfw\">@lopezobrador_<\/a> en palacio nacional hasta pronto presidente <a href=\"https:\/\/t.co\/xufnKGn3lV\">pic.twitter.com\/xufnKGn3lV<\/a><\/p>&mdash; Vinicio Sanchez (@viniciosanchez) <a href=\"https:\/\/twitter.com\/viniciosanchez\/status\/1840794828562473092?ref_src=twsrc%5Etfw\">September 30, 2024<\/a><\/blockquote><script async src=\"https:\/\/platform.twitter.com\/widgets.js\" charset=\"utf-8\"><\/script>\n<\/div><\/figure>\n","protected":false},"excerpt":{"rendered":"<p>\u201c\u00a1Misi\u00f3n cumplida!\u201d, sintetiz\u00f3 el presidente Andr\u00e9s Manuel L\u00f3pez Obrador al cierre de su mandato lo hecho a lo largo de su sexenio. Tras develar su retrato que quedar\u00e1 en la Galer\u00eda de los Presidentes de Palacio Nacional, junto a la del \u201clicenciado Pe\u00f1a \u2014como siempre se refiri\u00f3 a su antecesor\u2014, el mandatario se dio un&#8230;<\/p>\n","protected":false},"author":2,"featured_media":62125,"comment_status":"closed","ping_status":"closed","sticky":false,"template":"","format":"standard","meta":{"_crdt_document":"","_exactmetrics_skip_tracking":false,"_exactmetrics_sitenote_active":false,"_exactmetrics_sitenote_note":"","_exactmetrics_sitenote_category":0,"footnotes":""},"categories":[22,88,23,24,31,69,65],"tags":[],"class_list":["post-62124","post","type-post","status-publish","format-standard","has-post-thumbnail","hentry","category-escena","category-justicia","category-mexico","category-mundo","category-politica","category-ultimas-noticias","category-videos"],"_links":{"self":[{"href":"https:\/\/elpajaritonews.com\/index.php?rest_route=\/wp\/v2\/posts\/62124","targetHints":{"allow":["GET"]}}],"collection":[{"href":"https:\/\/elpajaritonews.com\/index.php?rest_route=\/wp\/v2\/posts"}],"about":[{"href":"https:\/\/elpajaritonews.com\/index.php?rest_route=\/wp\/v2\/types\/post"}],"author":[{"embeddable":true,"href":"https:\/\/elpajaritonews.com\/index.php?rest_route=\/wp\/v2\/users\/2"}],"replies":[{"embeddable":true,"href":"https:\/\/elpajaritonews.com\/index.php?rest_route=%2Fwp%2Fv2%2Fcomments&post=62124"}],"version-history":[{"count":1,"href":"https:\/\/elpajaritonews.com\/index.php?rest_route=\/wp\/v2\/posts\/62124\/revisions"}],"predecessor-version":[{"id":62127,"href":"https:\/\/elpajaritonews.com\/index.php?rest_route=\/wp\/v2\/posts\/62124\/revisions\/62127"}],"wp:featuredmedia":[{"embeddable":true,"href":"https:\/\/elpajaritonews.com\/index.php?rest_route=\/wp\/v2\/media\/62125"}],"wp:attachment":[{"href":"https:\/\/elpajaritonews.com\/index.php?rest_route=%2Fwp%2Fv2%2Fmedia&parent=62124"}],"wp:term":[{"taxonomy":"category","embeddable":true,"href":"https:\/\/elpajaritonews.com\/index.php?rest_route=%2Fwp%2Fv2%2Fcategories&post=62124"},{"taxonomy":"post_tag","embeddable":true,"href":"https:\/\/elpajaritonews.com\/index.php?rest_route=%2Fwp%2Fv2%2Ftags&post=62124"}],"curies":[{"name":"wp","href":"https:\/\/api.w.org\/{rel}","templated":true}]}}