{"id":62128,"date":"2024-09-30T17:45:53","date_gmt":"2024-10-01T00:45:53","guid":{"rendered":"https:\/\/elpajaritonews.com\/?p=62128"},"modified":"2024-09-30T17:48:11","modified_gmt":"2024-10-01T00:48:11","slug":"me-dedique-a-servir-al-pueblo-presidente-andres-manuel-lopez-obrador","status":"publish","type":"post","link":"https:\/\/elpajaritonews.com\/?p=62128","title":{"rendered":"ME DEDIQU\u00c9 A SERVIR AL PUEBLO: PRESIDENTE ANDR\u00c9S MANUEL L\u00d3PEZ OBRADOR"},"content":{"rendered":"\n<p class=\"wp-block-paragraph\">Vinicio S\u00e1nchez<\/p>\n\n\n\n<p class=\"wp-block-paragraph\">\u00abPor el bien de todos, primeros los pobres\u00bb no fue s\u00f3lo un lema; logramos reducir la pobreza y la desigualdad en el pa\u00eds; mejoraron las condiciones de vida y de trabajo de la mayor\u00eda<\/p>\n\n\n\n<p class=\"wp-block-paragraph\">Primer mandatario firma publicaci\u00f3n de reformas constitucionales en materia de derechos ind\u00edgenas y Guardia Nacional; presenta resultados socioecon\u00f3micos del sexenio<\/p>\n\n\n\n<p class=\"wp-block-paragraph\">Resalta trato, respetuoso hasta el final, que recibi\u00f3 de la pr\u00f3xima presidenta, Claudia Sheinbaum Pardo<\/p>\n\n\n\n<figure class=\"wp-block-image size-large\"><img loading=\"lazy\" decoding=\"async\" width=\"1024\" height=\"573\" src=\"https:\/\/elpajaritonews.com\/wp-content\/uploads\/2024\/09\/3d5cd11d-902b-42e2-a7e7-abf0d62214d7-1024x573.jpg\" alt=\"\" class=\"wp-image-62130\" srcset=\"https:\/\/elpajaritonews.com\/wp-content\/uploads\/2024\/09\/3d5cd11d-902b-42e2-a7e7-abf0d62214d7-1024x573.jpg 1024w, https:\/\/elpajaritonews.com\/wp-content\/uploads\/2024\/09\/3d5cd11d-902b-42e2-a7e7-abf0d62214d7-300x168.jpg 300w, https:\/\/elpajaritonews.com\/wp-content\/uploads\/2024\/09\/3d5cd11d-902b-42e2-a7e7-abf0d62214d7-768x430.jpg 768w, https:\/\/elpajaritonews.com\/wp-content\/uploads\/2024\/09\/3d5cd11d-902b-42e2-a7e7-abf0d62214d7.jpg 1280w\" sizes=\"auto, (max-width: 1024px) 100vw, 1024px\" \/><\/figure>\n\n\n\n<p class=\"wp-block-paragraph\">\u201cMe voy muy satisfecho por el cari\u00f1o de muchos mexicanos, mujeres, hombres, cosa que agradezco de todo coraz\u00f3n. Me dediqu\u00e9 a servir al pueblo\u201d.<\/p>\n\n\n\n<p class=\"wp-block-paragraph\">As\u00ed lo dijo el presidente Andr\u00e9s Manuel L\u00f3pez Obrador al encabezar la \u00faltima conferencia de prensa matutina de su mandato, donde reafirm\u00f3 el orgullo de haber atendido y respetado a todos, con preferencia a los m\u00e1s necesitados, a partir de la m\u00e1xima de que, por el bien de todos, primero los pobres.<\/p>\n\n\n\n<p class=\"wp-block-paragraph\">\u201cNo s\u00f3lo fue un lema; se convirti\u00f3 en una realidad porque logramos \u2014y ese es otro timbre de orgullo\u2014 reducir la pobreza y la desigualad en nuestro pa\u00eds.\u201d<\/p>\n\n\n\n<p class=\"wp-block-paragraph\">Puntualiz\u00f3 que, aun a pesar de la pandemia, la naci\u00f3n se levant\u00f3 y recuper\u00f3 el crecimiento econ\u00f3mico. Mejoraron las condiciones de vida y de trabajo de la mayor\u00eda de los mexicanos, ya que la riqueza se distribuy\u00f3 a todos con justicia, aument\u00f3 el salario como no suced\u00eda en d\u00e9cadas, no se permiti\u00f3 la corrupci\u00f3n y no hubo lujos en el gobierno.<\/p>\n\n\n\n<figure class=\"wp-block-image size-large\"><img loading=\"lazy\" decoding=\"async\" width=\"1024\" height=\"682\" src=\"https:\/\/elpajaritonews.com\/wp-content\/uploads\/2024\/09\/970a146f-1f63-4b59-a5c1-2372075bf263-1024x682.jpg\" alt=\"\" class=\"wp-image-62131\" srcset=\"https:\/\/elpajaritonews.com\/wp-content\/uploads\/2024\/09\/970a146f-1f63-4b59-a5c1-2372075bf263-1024x682.jpg 1024w, https:\/\/elpajaritonews.com\/wp-content\/uploads\/2024\/09\/970a146f-1f63-4b59-a5c1-2372075bf263-300x200.jpg 300w, https:\/\/elpajaritonews.com\/wp-content\/uploads\/2024\/09\/970a146f-1f63-4b59-a5c1-2372075bf263-768x512.jpg 768w, https:\/\/elpajaritonews.com\/wp-content\/uploads\/2024\/09\/970a146f-1f63-4b59-a5c1-2372075bf263-600x400.jpg 600w, https:\/\/elpajaritonews.com\/wp-content\/uploads\/2024\/09\/970a146f-1f63-4b59-a5c1-2372075bf263.jpg 1280w\" sizes=\"auto, (max-width: 1024px) 100vw, 1024px\" \/><\/figure>\n\n\n\n<p class=\"wp-block-paragraph\">Tras ratificar que se retira contento porque ma\u00f1ana entrega la banda presidencial a Claudia Sheinbaum Pardo, una mujer humanista, excepcional, llena de amor, humildad y buenos sentimientos, agreg\u00f3:<\/p>\n\n\n\n<p class=\"wp-block-paragraph\">\u201cMe siento muy satisfecho por el trato de la presidenta hacia m\u00ed: respetuoso hasta el final, lo que demuestra su gran condici\u00f3n humana. Cualquier otro acomplejado, hombre o mujer, lo primero que hubiese hecho es negarme o empezar con indirectas, cuestionar lo que hemos conseguido entre todos para diferenciarse, pintar su raya, o con golpes espectaculares \u2014s\u00ed se acuerdan, \u00bfno?, en la historia de las sucesiones\u2014 para que la gente diga: Ahora s\u00ed viene el cambio.\u201d<\/p>\n\n\n\n<p class=\"wp-block-paragraph\">El primer mandatario firm\u00f3 la publicaci\u00f3n de dos reformas constitucionales aprobadas por la C\u00e1mara de Diputados y la C\u00e1mara de Senadores, que forman parte del paquete de 20 iniciativas que envi\u00f3 el pasado 5 de febrero.<\/p>\n\n\n\n<figure class=\"wp-block-image size-large\"><img loading=\"lazy\" decoding=\"async\" width=\"1024\" height=\"681\" src=\"https:\/\/elpajaritonews.com\/wp-content\/uploads\/2024\/09\/f06b4b66-6865-441c-93d2-4a9523e7206e-1024x681.jpg\" alt=\"\" class=\"wp-image-62132\" srcset=\"https:\/\/elpajaritonews.com\/wp-content\/uploads\/2024\/09\/f06b4b66-6865-441c-93d2-4a9523e7206e-1024x681.jpg 1024w, https:\/\/elpajaritonews.com\/wp-content\/uploads\/2024\/09\/f06b4b66-6865-441c-93d2-4a9523e7206e-300x200.jpg 300w, https:\/\/elpajaritonews.com\/wp-content\/uploads\/2024\/09\/f06b4b66-6865-441c-93d2-4a9523e7206e-768x511.jpg 768w, https:\/\/elpajaritonews.com\/wp-content\/uploads\/2024\/09\/f06b4b66-6865-441c-93d2-4a9523e7206e-600x400.jpg 600w, https:\/\/elpajaritonews.com\/wp-content\/uploads\/2024\/09\/f06b4b66-6865-441c-93d2-4a9523e7206e.jpg 1280w\" sizes=\"auto, (max-width: 1024px) 100vw, 1024px\" \/><\/figure>\n\n\n\n<p class=\"wp-block-paragraph\">Sobre la publicaci\u00f3n de la reforma que establece la adscripci\u00f3n de la Guardia Nacional a la Secretar\u00eda de la Defensa Nacional (Sedena), record\u00f3 que ya son 130 mil guardias nacionales desplegados en 500 instalaciones nuevas, por lo que se trata de una instituci\u00f3n acreditada para proteger a la poblaci\u00f3n.<\/p>\n\n\n\n<p class=\"wp-block-paragraph\">Agreg\u00f3 que, al pasar a formar parte de Sedena, la Guardia Nacional contar\u00e1 con solidez, permanencia, disciplina y manejo honesto; destac\u00f3 que este cambio permite que la instituci\u00f3n no est\u00e9 vinculada con la delincuencia organizada ni la de cuello blanco.<\/p>\n\n\n\n<p class=\"wp-block-paragraph\">Respecto a la publicaci\u00f3n de la reforma ind\u00edgena, que cuenta tambi\u00e9n con la aprobaci\u00f3n de 26 legislaturas locales, expuso que se garantizan los derechos de todas las comunidades y pueblos originarios, que constituyen el M\u00e9xico profundo y la verdad m\u00e1s \u00edntima del pa\u00eds.<\/p>\n\n\n\n<figure class=\"wp-block-image size-large\"><img loading=\"lazy\" decoding=\"async\" width=\"1024\" height=\"489\" src=\"https:\/\/elpajaritonews.com\/wp-content\/uploads\/2024\/09\/htttt-1024x489.jpg\" alt=\"\" class=\"wp-image-62133\" srcset=\"https:\/\/elpajaritonews.com\/wp-content\/uploads\/2024\/09\/htttt-1024x489.jpg 1024w, https:\/\/elpajaritonews.com\/wp-content\/uploads\/2024\/09\/htttt-300x143.jpg 300w, https:\/\/elpajaritonews.com\/wp-content\/uploads\/2024\/09\/htttt-768x367.jpg 768w, https:\/\/elpajaritonews.com\/wp-content\/uploads\/2024\/09\/htttt-1536x734.jpg 1536w, https:\/\/elpajaritonews.com\/wp-content\/uploads\/2024\/09\/htttt.jpg 1858w\" sizes=\"auto, (max-width: 1024px) 100vw, 1024px\" \/><\/figure>\n\n\n\n<p class=\"wp-block-paragraph\">Asimismo, present\u00f3 resultados socioecon\u00f3micos con el cambio de la pol\u00edtica econ\u00f3mica que impuls\u00f3 este gobierno.<\/p>\n\n\n\n<p class=\"wp-block-paragraph\">\u201cEs lo que se logr\u00f3 entre todos y desde abajo con un modelo econ\u00f3mico distinto completamente.\u201d<\/p>\n\n\n\n<p class=\"wp-block-paragraph\">\u2022 R\u00e9cord hist\u00f3rico en empleos formales: al 27 de septiembre se registran 22.49 millones de puestos de trabajo, es decir, 2.4 millones m\u00e1s que en 2018.<\/p>\n\n\n\n<p class=\"wp-block-paragraph\">\u2022 R\u00e9cord hist\u00f3rico en salario promedio de trabajadores inscritos ante el Instituto Mexicano del Seguro Social (IMSS): 17 mil 691 pesos mensuales.<\/p>\n\n\n\n<p class=\"wp-block-paragraph\">\u2022 Tasa mensual de desempleo: 2.71 por ciento; con este indicador, M\u00e9xico supera pa\u00edses como Estados Unidos, B\u00e9lgica, Alemania, Canad\u00e1, Francia o Espa\u00f1a.<\/p>\n\n\n\n<p class=\"wp-block-paragraph\">\u2022 Informalidad laboral: -2.25 por ciento con respecto a 2018<\/p>\n\n\n\n<p class=\"wp-block-paragraph\">\u2022 Variaci\u00f3n en el tipo de cambio del peso mexicano respecto al d\u00f3lar estadounidense: 19.69; nuestra moneda se ubica en tercer lugar mundial despu\u00e9s del franco suizo y la libra esterlina.<\/p>\n\n\n\n<p class=\"wp-block-paragraph\">\u2022 En el \u00faltimo d\u00eda del presidente, el peso mexicano alcanza r\u00e9cord hist\u00f3rico de +3.3 por ciento en la variaci\u00f3n del tipo de cambio con respecto al d\u00f3lar estadounidense; en contraste, las cifras de anteriores presidentes son negativas: Luis Echeverr\u00eda, -80 por ciento; Jos\u00e9 L\u00f3pez Portillo, -127.3 por ciento; Miguel de la Madrid, -4,462 por ciento; Carlos Salinas, -50.7 por ciento; Ernesto Zedillo, -172.6 por ciento; Vicente Fox, -17 por ciento; Felipe Calder\u00f3n, -17.9 por ciento; y Enrique Pe\u00f1a, -56.1 por ciento.<\/p>\n\n\n\n<figure class=\"wp-block-image size-large\"><img loading=\"lazy\" decoding=\"async\" width=\"1024\" height=\"681\" src=\"https:\/\/elpajaritonews.com\/wp-content\/uploads\/2024\/09\/3da65b03-93e3-4f3d-b285-1f896d3d45fe-1024x681.jpg\" alt=\"\" class=\"wp-image-62134\" srcset=\"https:\/\/elpajaritonews.com\/wp-content\/uploads\/2024\/09\/3da65b03-93e3-4f3d-b285-1f896d3d45fe-1024x681.jpg 1024w, https:\/\/elpajaritonews.com\/wp-content\/uploads\/2024\/09\/3da65b03-93e3-4f3d-b285-1f896d3d45fe-300x200.jpg 300w, https:\/\/elpajaritonews.com\/wp-content\/uploads\/2024\/09\/3da65b03-93e3-4f3d-b285-1f896d3d45fe-768x511.jpg 768w, https:\/\/elpajaritonews.com\/wp-content\/uploads\/2024\/09\/3da65b03-93e3-4f3d-b285-1f896d3d45fe-600x400.jpg 600w, https:\/\/elpajaritonews.com\/wp-content\/uploads\/2024\/09\/3da65b03-93e3-4f3d-b285-1f896d3d45fe.jpg 1280w\" sizes=\"auto, (max-width: 1024px) 100vw, 1024px\" \/><\/figure>\n\n\n\n<p class=\"wp-block-paragraph\">\u2022 Hasta agosto de este a\u00f1o, el env\u00edo de remesas registra 43 mil millones de d\u00f3lares, lo que significa cuatro por ciento de aumento respecto al mismo periodo del a\u00f1o pasado.<\/p>\n\n\n\n<p class=\"wp-block-paragraph\">\u2022 R\u00e9cord hist\u00f3rico: +5.1 por ciento de aumento en ingresos tributarios de enero a septiembre de 2024 respecto al mismo periodo del a\u00f1o pasado.<\/p>\n\n\n\n<p class=\"wp-block-paragraph\">\u2022 Este gobierno condon\u00f3 a deudores cero pesos por concepto de impuestos. En cambio, durante los tres sexenios anteriores se condonaron 530 mil 653 millones de pesos.<\/p>\n\n\n\n<p class=\"wp-block-paragraph\">\u2022 R\u00e9cord hist\u00f3rico en inversi\u00f3n extranjera directa (IED): 31 mil 096 millones de d\u00f3lares en 2024 (cifras preliminares).<\/p>\n\n\n\n<p class=\"wp-block-paragraph\">\u2022 En 2023, M\u00e9xico fue el sexto pa\u00eds m\u00e1s visitado del mundo: recibe 41.95 millones de turistas internacionales cada a\u00f1o, lo que se traduce en 30 mil 700 millones de d\u00f3lares.<\/p>\n\n\n\n<p class=\"wp-block-paragraph\">\u2022 Crecimiento del producto interno bruto (PIB): +4.5 por ciento, variaci\u00f3n real respecto al cuarto trimestre de 2018.<\/p>\n\n\n\n<p class=\"wp-block-paragraph\">\u2022 M\u00e9xico subi\u00f3 dos lugares y se ubica en el sitio 12 de las mejores econom\u00edas del mundo.<\/p>\n\n\n\n<p class=\"wp-block-paragraph\">\u2022 R\u00e9cord hist\u00f3rico en aumento del salario m\u00ednimo: +110 por ciento de aumento en el poder adquisitivo respecto a 2018.<\/p>\n\n\n\n<p class=\"wp-block-paragraph\">\u2022 En noviembre de 2018 el salario m\u00ednimo alcanzaba para 3.1 kg de frijol, 3.2 kg de huevo y 6.5 kg de tortilla; hoy alcanza para 4.7 kg de frijol, cinco kg de huevo y 11.8 de tortilla.<\/p>\n\n\n\n<p class=\"wp-block-paragraph\">\u2022 R\u00e9cord hist\u00f3rico en inversi\u00f3n anual de Programas de Bienestar: 2.73 billones (acumulado 2019-2024)<\/p>\n\n\n\n<p class=\"wp-block-paragraph\">\u2022 R\u00e9cord hist\u00f3rico en inversi\u00f3n federal para j\u00f3venes: 135 mil 899 millones de pesos de 2019 a 2024; significa 20 veces m\u00e1s que los cinco sexenios anteriores.<\/p>\n\n\n\n<p class=\"wp-block-paragraph\">\u2022 En el ciclo escolar 2017-2018, la tasa de deserci\u00f3n escolar en preparatoria fue de 14.5 por ciento y en educaci\u00f3n superior, 8.4 por ciento; para el ciclo 2023-2024, la cifra pas\u00f3 a 8.3 por ciento y 5.3 por ciento, respectivamente.<\/p>\n\n\n\n<p class=\"wp-block-paragraph\">\u2022 Las utilidades en la Bolsa Mexicana de Valores (BMV) crecieron en 26.47 por ciento durante el sexenio que termina.<\/p>\n\n\n\n<p class=\"wp-block-paragraph\">\u2022 R\u00e9cord hist\u00f3rico en utilidades para la banca comercial en 2023: 272 mil 690 millones de pesos.<\/p>\n\n\n\n<p class=\"wp-block-paragraph\">\u2022 Las reservas internacionales del Banco de M\u00e9xico alcanzaron 30.3 por ciento m\u00e1s en septiembre pasado: 226 mil 465 millones de d\u00f3lares.<\/p>\n\n\n\n<p class=\"wp-block-paragraph\">\u2022 La evoluci\u00f3n del precio real de la gasolina magna en este gobierno alcanz\u00f3 -5.1 por ciento, mientras que en el sexenio de Pe\u00f1a Nieto fue de +42.8 por ciento, y en el de Felipe Calder\u00f3n, +22.9 por ciento.<\/p>\n\n\n\n<p class=\"wp-block-paragraph\">\u2022 El precio real del gas LP baj\u00f3 -21 por ciento, mientras que en el sexenio de Enrique Pe\u00f1a subi\u00f3 28.9 por ciento.<\/p>\n\n\n\n<p class=\"wp-block-paragraph\">\u2022 La tarifa dom\u00e9stica por consumo de electricidad vari\u00f3 -1.1 por ciento en comparaci\u00f3n contra noviembre de 2018.<\/p>\n\n\n\n<p class=\"wp-block-paragraph\">\u2022 Este gobierno alcanz\u00f3 r\u00e9cord hist\u00f3rico de 125 mil 618 hect\u00e1reas para riego, mientras que, en conjunto, los gobiernos anteriores registran \u00fanicamente 22 mil 066<\/p>\n\n\n\n<p class=\"wp-block-paragraph\">\u2022 En el ranking mundial de felicidad, M\u00e9xico subi\u00f3 11 lugares en comparaci\u00f3n con 2018; ocupamos el lugar 25 del orbe y segundo de Am\u00e9rica Latina.<\/p>\n\n\n\n<p class=\"wp-block-paragraph\">\u2022 La confianza de la ciudadan\u00eda en la Presidencia de la Rep\u00fablica subi\u00f3 de 25.5 por ciento a 59.1 por ciento de 2017 a 2023; las Fuerzas Armadas y la Guardia Nacional superan 77 por ciento en este indicador.<\/p>\n\n\n\n<p class=\"wp-block-paragraph\">Resultados en seguridad p\u00fablica<\/p>\n\n\n\n<p class=\"wp-block-paragraph\">\u2022 La percepci\u00f3n de inseguridad que tiene la poblaci\u00f3n mayor de 18 a\u00f1os pas\u00f3 de 79.39 en 2018 a 73.62 en 2024<\/p>\n\n\n\n<p class=\"wp-block-paragraph\">\u2022 Homicidios: -19 por ciento<\/p>\n\n\n\n<p class=\"wp-block-paragraph\">\u2022 Delitos del fuero federal: -29.4 por ciento<\/p>\n\n\n\n<p class=\"wp-block-paragraph\">\u2022 Robo general: -30.2 por ciento<\/p>\n\n\n\n<p class=\"wp-block-paragraph\">\u2022 Robo de veh\u00edculo: -48.7 por ciento<\/p>\n\n\n\n<p class=\"wp-block-paragraph\">\u2022 Feminicidio: -41.6 por ciento<\/p>\n\n\n\n<p class=\"wp-block-paragraph\">\u2022 Secuestro: -74.1 por ciento<\/p>\n\n\n\n<p class=\"wp-block-paragraph\">\u2022 Robo de hidrocarburos o huachicol: -94.2 por ciento; equivale a 342 mil 932 millones de pesos ahorrados al 31 de julio de 2024<\/p>\n\n\n\n<figure class=\"wp-block-embed is-type-video is-provider-youtube wp-block-embed-youtube wp-embed-aspect-16-9 wp-has-aspect-ratio\"><div class=\"wp-block-embed__wrapper\">\n<iframe loading=\"lazy\" title=\"\u00daltima conferencia matutina del presidente Andr\u00e9s Manuel L\u00f3pez Obrador\" width=\"640\" height=\"360\" src=\"https:\/\/www.youtube.com\/embed\/Q5Z01pPwoEM?start=2&#038;feature=oembed\" frameborder=\"0\" allow=\"accelerometer; autoplay; clipboard-write; encrypted-media; gyroscope; picture-in-picture; web-share\" referrerpolicy=\"strict-origin-when-cross-origin\" allowfullscreen><\/iframe>\n<\/div><\/figure>\n","protected":false},"excerpt":{"rendered":"<p>Vinicio S\u00e1nchez \u00abPor el bien de todos, primeros los pobres\u00bb no fue s\u00f3lo un lema; logramos reducir la pobreza y la desigualdad en el pa\u00eds; mejoraron las condiciones de vida y de trabajo de la mayor\u00eda Primer mandatario firma publicaci\u00f3n de reformas constitucionales en materia de derechos ind\u00edgenas y Guardia Nacional; presenta resultados socioecon\u00f3micos del&#8230;<\/p>\n","protected":false},"author":2,"featured_media":62129,"comment_status":"closed","ping_status":"closed","sticky":false,"template":"","format":"standard","meta":{"_crdt_document":"","_exactmetrics_skip_tracking":false,"_exactmetrics_sitenote_active":false,"_exactmetrics_sitenote_note":"","_exactmetrics_sitenote_category":0,"footnotes":""},"categories":[22,23,31,27,69,65],"tags":[71,79,72],"class_list":["post-62128","post","type-post","status-publish","format-standard","has-post-thumbnail","hentry","category-escena","category-mexico","category-politica","category-sonora","category-ultimas-noticias","category-videos","tag-alfonso-durazo","tag-andres-manuel-lopez-obrador","tag-claudia-sheinbaum"],"_links":{"self":[{"href":"https:\/\/elpajaritonews.com\/index.php?rest_route=\/wp\/v2\/posts\/62128","targetHints":{"allow":["GET"]}}],"collection":[{"href":"https:\/\/elpajaritonews.com\/index.php?rest_route=\/wp\/v2\/posts"}],"about":[{"href":"https:\/\/elpajaritonews.com\/index.php?rest_route=\/wp\/v2\/types\/post"}],"author":[{"embeddable":true,"href":"https:\/\/elpajaritonews.com\/index.php?rest_route=\/wp\/v2\/users\/2"}],"replies":[{"embeddable":true,"href":"https:\/\/elpajaritonews.com\/index.php?rest_route=%2Fwp%2Fv2%2Fcomments&post=62128"}],"version-history":[{"count":2,"href":"https:\/\/elpajaritonews.com\/index.php?rest_route=\/wp\/v2\/posts\/62128\/revisions"}],"predecessor-version":[{"id":62136,"href":"https:\/\/elpajaritonews.com\/index.php?rest_route=\/wp\/v2\/posts\/62128\/revisions\/62136"}],"wp:featuredmedia":[{"embeddable":true,"href":"https:\/\/elpajaritonews.com\/index.php?rest_route=\/wp\/v2\/media\/62129"}],"wp:attachment":[{"href":"https:\/\/elpajaritonews.com\/index.php?rest_route=%2Fwp%2Fv2%2Fmedia&parent=62128"}],"wp:term":[{"taxonomy":"category","embeddable":true,"href":"https:\/\/elpajaritonews.com\/index.php?rest_route=%2Fwp%2Fv2%2Fcategories&post=62128"},{"taxonomy":"post_tag","embeddable":true,"href":"https:\/\/elpajaritonews.com\/index.php?rest_route=%2Fwp%2Fv2%2Ftags&post=62128"}],"curies":[{"name":"wp","href":"https:\/\/api.w.org\/{rel}","templated":true}]}}