{"id":62189,"date":"2024-10-02T18:49:02","date_gmt":"2024-10-03T01:49:02","guid":{"rendered":"https:\/\/elpajaritonews.com\/?p=62189"},"modified":"2024-10-02T18:49:04","modified_gmt":"2024-10-03T01:49:04","slug":"ratifica-congreso-de-sonora-reformas-constitucionales-en-materia-de-guardia-nacional-y-pueblos-originarios","status":"publish","type":"post","link":"https:\/\/elpajaritonews.com\/?p=62189","title":{"rendered":"RATIFICA CONGRESO DE SONORA REFORMAS CONSTITUCIONALES EN MATERIA DE GUARDIA NACIONAL Y PUEBLOS ORIGINARIOS"},"content":{"rendered":"\n<p class=\"wp-block-paragraph\">El Congreso de Sonora ratific\u00f3 las reformas constitucionales en materia de Guardia Nacional, as\u00ed como de pueblos y comunidades ind\u00edgenas y afromexicanas, ambas aprobadas por el Congreso de la Uni\u00f3n.<\/p>\n\n\n\n<p class=\"wp-block-paragraph\">El primer dictamen fue aprobado por mayor\u00eda calificada con el voto de 24 diputados a favor y 5 en contra; el segundo fue aprobado por unanimidad.<\/p>\n\n\n\n<p class=\"wp-block-paragraph\">La reforma sobre la Guardia Nacional, enviada por la Comisi\u00f3n de Gobernaci\u00f3n y Puntos Constitucionales, la define como una instituci\u00f3n de seguridad p\u00fablica profesional, integrada por personal militar con formaci\u00f3n policial, dependiente de la Secretar\u00eda de la Defensa Nacional (Sedena).<\/p>\n\n\n\n<p class=\"wp-block-paragraph\">Adicionalmente, le otorga la funci\u00f3n de auxiliar del Ministerio P\u00fablico en la investigaci\u00f3n de delitos; reconoce a sus miembros derechos, prestaciones y seguridad social iguales a los de las fuerzas armadas, y los sujeta, para fines disciplinarios, al fuero militar.<\/p>\n\n\n\n<p class=\"wp-block-paragraph\">Por otra parte, la reforma al art\u00edculo segundo constitucional en materia de pueblos y comunidades ind\u00edgenas y afromexicanas, remitida por la Comisi\u00f3n de Gobernaci\u00f3n y Puntos Constitucionales, tiene el objetivo de saldar la deuda hist\u00f3rica con los pueblos originarios al ser considerados sujetos de derecho p\u00fablico, con personalidad jur\u00eddica y patrimonio propios.<\/p>\n\n\n\n<p class=\"wp-block-paragraph\">Asimismo, garantiza a pueblos y comunidades ind\u00edgenas y afromexicanas el pleno goce de sus derechos, con una perspectiva integral e intercultural, mediante el reconocimiento de sus sistemas normativos. Tambi\u00e9n permite que ejerzan de forma efectiva el derecho a ser consultadas cuando alguna medida legislativa o administrativa les afecte.<\/p>\n\n\n\n<p class=\"wp-block-paragraph\">A nombre de la Comisi\u00f3n de R\u00e9gimen Interno y Concertaci\u00f3n Pol\u00edtica, el diputado Ferm\u00edn Trujillo Fuentes (Nueva Alianza Sonora) present\u00f3 un acuerdo en el que el Congreso de Sonora autoriz\u00f3 la renuncia de la titular del \u00d3rgano Interno de Control de la Fiscal\u00eda General de Justicia del Estado, Nora Valenzuela Quijada (FGJE), y design\u00f3 al ciudadano Luis Carlos Ponce de Le\u00f3n Kirk como encargado de despacho.<\/p>\n\n\n\n<p class=\"wp-block-paragraph\">A nombre del grupo parlamentario del Partido Verde Ecologista de M\u00e9xico (PVEM), el diputado Omar Francisco Del Valle Colosio present\u00f3 un posicionamiento con motivo del D\u00eda de la Conciencia Ambiental, que se celebra cada 27 de septiembre en M\u00e9xico y en otros pa\u00edses.<\/p>\n\n\n\n<p class=\"wp-block-paragraph\">El pleno del Congreso de Sonora sesionar\u00e1 este jueves 3 de octubre a las 10:00 horas.<\/p>\n","protected":false},"excerpt":{"rendered":"<p>El Congreso de Sonora ratific\u00f3 las reformas constitucionales en materia de Guardia Nacional, as\u00ed como de pueblos y comunidades ind\u00edgenas y afromexicanas, ambas aprobadas por el Congreso de la Uni\u00f3n. El primer dictamen fue aprobado por mayor\u00eda calificada con el voto de 24 diputados a favor y 5 en contra; el segundo fue aprobado por&#8230;<\/p>\n","protected":false},"author":2,"featured_media":62190,"comment_status":"closed","ping_status":"closed","sticky":false,"template":"","format":"standard","meta":{"_crdt_document":"","_exactmetrics_skip_tracking":false,"_exactmetrics_sitenote_active":false,"_exactmetrics_sitenote_note":"","_exactmetrics_sitenote_category":0,"footnotes":""},"categories":[20,26,31,69],"tags":[71,73,30],"class_list":["post-62189","post","type-post","status-publish","format-standard","has-post-thumbnail","hentry","category-congreso","category-local","category-politica","category-ultimas-noticias","tag-alfonso-durazo","tag-congreso-del-estado-de-sonora","tag-sonora-tierra-de-oportunidades"],"_links":{"self":[{"href":"https:\/\/elpajaritonews.com\/index.php?rest_route=\/wp\/v2\/posts\/62189","targetHints":{"allow":["GET"]}}],"collection":[{"href":"https:\/\/elpajaritonews.com\/index.php?rest_route=\/wp\/v2\/posts"}],"about":[{"href":"https:\/\/elpajaritonews.com\/index.php?rest_route=\/wp\/v2\/types\/post"}],"author":[{"embeddable":true,"href":"https:\/\/elpajaritonews.com\/index.php?rest_route=\/wp\/v2\/users\/2"}],"replies":[{"embeddable":true,"href":"https:\/\/elpajaritonews.com\/index.php?rest_route=%2Fwp%2Fv2%2Fcomments&post=62189"}],"version-history":[{"count":1,"href":"https:\/\/elpajaritonews.com\/index.php?rest_route=\/wp\/v2\/posts\/62189\/revisions"}],"predecessor-version":[{"id":62191,"href":"https:\/\/elpajaritonews.com\/index.php?rest_route=\/wp\/v2\/posts\/62189\/revisions\/62191"}],"wp:featuredmedia":[{"embeddable":true,"href":"https:\/\/elpajaritonews.com\/index.php?rest_route=\/wp\/v2\/media\/62190"}],"wp:attachment":[{"href":"https:\/\/elpajaritonews.com\/index.php?rest_route=%2Fwp%2Fv2%2Fmedia&parent=62189"}],"wp:term":[{"taxonomy":"category","embeddable":true,"href":"https:\/\/elpajaritonews.com\/index.php?rest_route=%2Fwp%2Fv2%2Fcategories&post=62189"},{"taxonomy":"post_tag","embeddable":true,"href":"https:\/\/elpajaritonews.com\/index.php?rest_route=%2Fwp%2Fv2%2Ftags&post=62189"}],"curies":[{"name":"wp","href":"https:\/\/api.w.org\/{rel}","templated":true}]}}