{"id":62192,"date":"2024-10-02T19:15:58","date_gmt":"2024-10-03T02:15:58","guid":{"rendered":"https:\/\/elpajaritonews.com\/?p=62192"},"modified":"2024-10-02T19:15:59","modified_gmt":"2024-10-03T02:15:59","slug":"ofrece-gobierno-de-sheinbaum-disculpa-publica-por-crimen-del-2-de-octubre","status":"publish","type":"post","link":"https:\/\/elpajaritonews.com\/?p=62192","title":{"rendered":"OFRECE GOBIERNO DE SHEINBAUM DISCULPA P\u00daBLICA POR CRIMEN DEL 2 DE OCTUBRE"},"content":{"rendered":"\n<p class=\"wp-block-paragraph\">Reconoce Comit\u00e9 68 disculpa p\u00fablica ofrecida por Sheinbaum<\/p>\n\n\n\n<p class=\"wp-block-paragraph\">La Jornada<\/p>\n\n\n\n<p class=\"wp-block-paragraph\">Integrantes del Comit\u00e9 68 Pro Libertades Democr\u00e1ticas, conformado por sobrevivientes y familiares de v\u00edctimas de la masacre de Tlatelolco, en 1968, reconocieron la disculpa p\u00fablica y el decreto mediante el cual la presidenta Claudia Sheinbaum admite pol\u00edticamente que los actos de violencia perpetrados hace 56 a\u00f1os \u201cfueron constitutivos de un crimen de lesa humanidad\u201d, pero pidieron que ello se traduzca en acciones concretas contra los responsables.<\/p>\n\n\n\n<p class=\"wp-block-paragraph\">F\u00e9lix Hern\u00e1ndez Gamundi, uno de los l\u00edderes hist\u00f3ricos del movimiento estudiantil del 68, dijo que es bienvenida la disculpa \u201cy en lo personal lo asumo como una expresi\u00f3n de voluntad por avanzar en la justicia\u201d.<\/p>\n\n\n\n<p class=\"wp-block-paragraph\">En el mitin central, frente a Palacio Nacional, manifest\u00f3 que esta conmemoraci\u00f3n es \u201cespecial\u201d por el pronunciamiento de la presidenta Sheinbaum y la disculpa p\u00fablica \u201cque tenemos que interpretar para todo el pueblo de M\u00e9xico y para todos los movimientos organizados que han sufrido represi\u00f3n y persecuci\u00f3n en diferentes momentos. Para todos ellos debe ser esa disculpa\u201d.<\/p>\n\n\n\n<p class=\"wp-block-paragraph\">Refiri\u00f3 que si bien no es el primer reconocimiento, pues hay un letrero en los muros de honor de la mayor parte de los congresos estatales y en la C\u00e1mara de Diputados y en el Senado, es \u201cbienvenido\u201d.<\/p>\n\n\n\n<p class=\"wp-block-paragraph\">Frente a estudiantes de diversas universidades del pa\u00eds, as\u00ed como normalistas rurales y organizaciones ind\u00edgenas, sindicalistas y populares, Gamundi destac\u00f3 que en el decreto publicado esta tarde en el Diario Oficial de la Federaci\u00f3n se establezca que el Estado se compromete a la no repetici\u00f3n y que se tiene que abrir el espacio \u201cy los caminos para la acci\u00f3n de la justicia. Es lo que venimos demandando desde hace m\u00e1s de 50 a\u00f1os\u201d.<\/p>\n\n\n\n<p class=\"wp-block-paragraph\">Tras el pronunciamiento central, los manifestantes guardaron un minuto de silencio por los ex l\u00edderes que han fallecido a lo largo de est\u00e1s m\u00e1s de cinco d\u00e9cadas como Roberta Avenda\u00f1o, La Tita; Ra\u00fal \u00c1lvarez Gar\u00edn y Mario \u00c1lvarez Cartagena.<\/p>\n\n\n\n<p class=\"wp-block-paragraph\">Mientras se realizaba el mitin, un grupo de encapuchados hicieron destrozos en el edificio del Gobierno de la Ciudad de M\u00e9xico, a cuyas puertas les prendieron fuego. En tanto que los organizadores de la marcha llamaron a no caer en provocaciones.<\/p>\n\n\n\n<p class=\"wp-block-paragraph\">En ese inmueble, que tambi\u00e9n tuvo da\u00f1os en los cristales de sus puertas, y en el Antiguo Palacio del Ayuntamiento fueron desplegados docenas de granaderos para resguardar las instalaciones, al tiempo que los integrantes del bloque negro lanzaban piedras, palos y bombas molotov.<\/p>\n\n\n\n<p class=\"wp-block-paragraph\">Los elementos de seguridad formaron barreras de contenci\u00f3n con sus escudos y por momentos activaban extintores para generar nubes de humo y dispersar a los manifestantes.<\/p>\n\n\n\n<figure class=\"wp-block-image size-full\"><img loading=\"lazy\" decoding=\"async\" width=\"1024\" height=\"682\" src=\"https:\/\/elpajaritonews.com\/wp-content\/uploads\/2024\/10\/reconoce-comite-68-disculpa-publica-ofrecida-por-sheinbaum-6413html-comite68jpeg-129html-2770724e-a8e1-4fcb-801c-066def13c15a.webp\" alt=\"\" class=\"wp-image-62195\" srcset=\"https:\/\/elpajaritonews.com\/wp-content\/uploads\/2024\/10\/reconoce-comite-68-disculpa-publica-ofrecida-por-sheinbaum-6413html-comite68jpeg-129html-2770724e-a8e1-4fcb-801c-066def13c15a.webp 1024w, https:\/\/elpajaritonews.com\/wp-content\/uploads\/2024\/10\/reconoce-comite-68-disculpa-publica-ofrecida-por-sheinbaum-6413html-comite68jpeg-129html-2770724e-a8e1-4fcb-801c-066def13c15a-300x200.webp 300w, https:\/\/elpajaritonews.com\/wp-content\/uploads\/2024\/10\/reconoce-comite-68-disculpa-publica-ofrecida-por-sheinbaum-6413html-comite68jpeg-129html-2770724e-a8e1-4fcb-801c-066def13c15a-768x512.webp 768w, https:\/\/elpajaritonews.com\/wp-content\/uploads\/2024\/10\/reconoce-comite-68-disculpa-publica-ofrecida-por-sheinbaum-6413html-comite68jpeg-129html-2770724e-a8e1-4fcb-801c-066def13c15a-600x400.webp 600w\" sizes=\"auto, (max-width: 1024px) 100vw, 1024px\" \/><\/figure>\n\n\n\n<p class=\"wp-block-paragraph\">Fueron distintos momentos en que las personas encapuchadas se enfrentaron con los polic\u00edas de la Ciudad de M\u00e9xico; el conato dur\u00f3 alrededor de 25 minutos.<\/p>\n\n\n\n<p class=\"wp-block-paragraph\">OFRECE GOBIERNO DE SHEINBAUM DISCULPA P\u00daBLICA POR CRIMEN DEL 2 DE OCTUBRE<\/p>\n\n\n\n<p class=\"wp-block-paragraph\">Derivado del primer decreto de la presidenta Claudia Sheinbaum, la secretaria de Gobernaci\u00f3n, Rosa Icela Rodr\u00edguez present\u00f3 en Palacio Nacional una disculpa p\u00fablica a los familiares de las v\u00edctimas del movimiento de 1968. \u00abComo Gobierno de la transformaci\u00f3n reprobamos la violaci\u00f3n de derechos y los cr\u00edmenes perpetrados hace 56 a\u00f1os, y por ese motivo se ofrece una sentida disculpa p\u00fablica a todas las personas que perdieron a un ser querido o fueron v\u00edctimas del crimen de lesa humanidad cometido la noche del 2 de octubre. Estos no pueden volver a repetirse\u00bb.<\/p>\n\n\n\n<p class=\"wp-block-paragraph\">En la primera conferencia de Sheinbaum, la funcionaria se\u00f1al\u00f3 que hechos como \u00e9ste no pueden volver a repetirse: esta acci\u00f3n es muy importante porque se realiza desde Gobernaci\u00f3n donde se instrument\u00f3 la represi\u00f3n al pueblo y ahora tenemos el compromiso y responsabilidad de impulsar derechos.<\/p>\n\n\n\n<p class=\"wp-block-paragraph\">\u201cEste crimen de lesa humanidad fue ideado, ejecutado y encubierto desde la m\u00e1s alta autoridad del poder p\u00fablico y su responsabilidad principal recay\u00f3 en Gustavo D\u00edaz Ordaz. Se trata de un reprobable acto de represi\u00f3n estudiantil y social que tuvo como consecuencia decenas de muertos, heridos, detenidos, ejecuciones y torturados\u00bb.<\/p>\n\n\n\n<p class=\"wp-block-paragraph\">En el decreto de la Presidenta, seg\u00fan lo ley\u00f3 Godoy, se se\u00f1ala que \u201cen nombre y representaci\u00f3n del Estado mexicano reconoce pol\u00edticamente que los actos de violencia perpetrados el 2 de octubre de 1968 en contra de los integrantes del heroico movimiento estudiantil fue constitutivo de un crimen de lesa humanidad como fue reconocido por el entonces presidente Gustavo D\u00edaz Ordaz en su quinto informe de gobierno.<\/p>\n\n\n\n<p class=\"wp-block-paragraph\">\u201cSe instruye a la Secretar\u00eda de Gobrnaci\u00f3n para que, en nombre del estado mexicano y el Ejecutivo federal a mi cargo, se compromete a la no repetici\u00f3n de atrocidades como las que se refiere (este acuerdo) , actos de privaci\u00f3n ilegal de la libertad, uso de las fuerzas armadas contra la poblaci\u00f3n, c\u00e1rceles clandestinas, tortura y tratos crueles, la anuencia del Estado para destruir o exterminar a un grupo de la poblaci\u00f3n mexicana\u00bb.<\/p>\n\n\n\n<p class=\"wp-block-paragraph\">El decreto de Sheinbaum destaca que quedan a salvo los derechos de los familiares de las v\u00edctimas y ex integrantes del movimiento para promover acciones de justicia, de memoria hist\u00f3rica y de no repetici\u00f3n.<\/p>\n\n\n\n<p class=\"wp-block-paragraph\">\u201cEn mi calidad de comandanta suprema asumo compromiso solemne y girar\u00e9 a correspondientes \u00f3rdenes formales sus estructuras y elementos sean utilizados para atacar o reprimir al pueblo de M\u00e9xico se fortalezca la formaci\u00f3n en materia de derechos humanos. Se asuma el reconocimiento de hechos hist\u00f3ricos y se garantice su no repetici\u00f3n.<\/p>\n\n\n\n<p class=\"wp-block-paragraph\">Como parte de la conferencia, particip\u00f3 Pablo G\u00f3mez quien particip\u00f3 en el movimiento de 1968 y fue preso pol\u00edtico. Asever\u00f3 que \u201cfue un movimiento por libertades democr\u00e1ticas, por tanto, en contra del r\u00e9gimen de represi\u00f3n pol\u00edtica que exist\u00eda en los a\u00f1os anteriores: movimientos como el ferrocarrilero, del magisterio, telefonistas, telegrafistas. Muchos otros movimientos fueron reprimidos violentamente por la fuerza p\u00fablica y sus principales dirigentes fueron encarcelados, acusados del delito de disoluci\u00f3n social que no se sab\u00eda qu\u00e9 cosa era pero lo aplicaban para reprimir a luchadores sociales\u201d.<\/p>\n\n\n\n<p class=\"wp-block-paragraph\">Para G\u00f3mez, la vigencia del movimiento estudiantil de 1968 se recoge en el movimiento de transformaci\u00f3n. Muchos recogieron el mensaje y el objetivo del movimiento estudiantil. Las libertades democr\u00e1ticas, parte de quienes recogieron y han venido recogiendo el mensaje, esa pr\u00e1ctica, esa rebeld\u00eda esa lucha es la 4T es la fuerza pol\u00edtica mayoritaria del pa\u00eds, porque la 4T proviene en gran medida del mensaje acci\u00f3n, pr\u00e1ctica y continuidad del movimiento de 1968 que estar\u00e1 no s\u00f3lo como parte de la historia formal sino continuar en la memoria de mexicanos.<\/p>\n","protected":false},"excerpt":{"rendered":"<p>Reconoce Comit\u00e9 68 disculpa p\u00fablica ofrecida por Sheinbaum La Jornada Integrantes del Comit\u00e9 68 Pro Libertades Democr\u00e1ticas, conformado por sobrevivientes y familiares de v\u00edctimas de la masacre de Tlatelolco, en 1968, reconocieron la disculpa p\u00fablica y el decreto mediante el cual la presidenta Claudia Sheinbaum admite pol\u00edticamente que los actos de violencia perpetrados hace 56&#8230;<\/p>\n","protected":false},"author":2,"featured_media":62193,"comment_status":"closed","ping_status":"closed","sticky":false,"template":"","format":"standard","meta":{"_crdt_document":"","_exactmetrics_skip_tracking":false,"_exactmetrics_sitenote_active":false,"_exactmetrics_sitenote_note":"","_exactmetrics_sitenote_category":0,"footnotes":""},"categories":[88,23,31,1,69],"tags":[72],"class_list":["post-62192","post","type-post","status-publish","format-standard","has-post-thumbnail","hentry","category-justicia","category-mexico","category-politica","category-seguridad","category-ultimas-noticias","tag-claudia-sheinbaum"],"_links":{"self":[{"href":"https:\/\/elpajaritonews.com\/index.php?rest_route=\/wp\/v2\/posts\/62192","targetHints":{"allow":["GET"]}}],"collection":[{"href":"https:\/\/elpajaritonews.com\/index.php?rest_route=\/wp\/v2\/posts"}],"about":[{"href":"https:\/\/elpajaritonews.com\/index.php?rest_route=\/wp\/v2\/types\/post"}],"author":[{"embeddable":true,"href":"https:\/\/elpajaritonews.com\/index.php?rest_route=\/wp\/v2\/users\/2"}],"replies":[{"embeddable":true,"href":"https:\/\/elpajaritonews.com\/index.php?rest_route=%2Fwp%2Fv2%2Fcomments&post=62192"}],"version-history":[{"count":1,"href":"https:\/\/elpajaritonews.com\/index.php?rest_route=\/wp\/v2\/posts\/62192\/revisions"}],"predecessor-version":[{"id":62196,"href":"https:\/\/elpajaritonews.com\/index.php?rest_route=\/wp\/v2\/posts\/62192\/revisions\/62196"}],"wp:featuredmedia":[{"embeddable":true,"href":"https:\/\/elpajaritonews.com\/index.php?rest_route=\/wp\/v2\/media\/62193"}],"wp:attachment":[{"href":"https:\/\/elpajaritonews.com\/index.php?rest_route=%2Fwp%2Fv2%2Fmedia&parent=62192"}],"wp:term":[{"taxonomy":"category","embeddable":true,"href":"https:\/\/elpajaritonews.com\/index.php?rest_route=%2Fwp%2Fv2%2Fcategories&post=62192"},{"taxonomy":"post_tag","embeddable":true,"href":"https:\/\/elpajaritonews.com\/index.php?rest_route=%2Fwp%2Fv2%2Ftags&post=62192"}],"curies":[{"name":"wp","href":"https:\/\/api.w.org\/{rel}","templated":true}]}}