{"id":62203,"date":"2024-10-03T15:22:00","date_gmt":"2024-10-03T22:22:00","guid":{"rendered":"https:\/\/elpajaritonews.com\/?p=62203"},"modified":"2024-10-03T15:22:03","modified_gmt":"2024-10-03T22:22:03","slug":"octavio-almada-palafox-es-nombrado-por-claudia-sheinbaum-como-delegado-del-bienestar-en-sonora","status":"publish","type":"post","link":"https:\/\/elpajaritonews.com\/?p=62203","title":{"rendered":"OCTAVIO ALMADA PALAFOX ES NOMBRADO POR CLAUDIA SHEINBAUM COMO DELEGADO DEL BIENESTAR EN SONORA"},"content":{"rendered":"\n<p class=\"wp-block-paragraph\">En la foto la delegaci\u00f3n que conformar\u00e1 Bienestar en Sonora, integrada por: B\u00e1rbara Pesqueira Grijalva (Caborca), Iram Leobardo Sol\u00eds Garc\u00eda (Cajeme), \u00d3scar Fernando Ramos Montiel (Guaymas), Diana Leticia Mungu\u00eda Carrasco (Hermosillo), D\u00e9bora Mart\u00ednez del Castillo (Moctezuma), Raquel Almada Corral (Navojoa), Mar\u00eda de la Luz Le\u00f3n Olvera (Nogales), Juan Luis Silva Morales (San Luis R\u00edo Colorado) y Rafael Ram\u00edrez Morales (Ures).<\/p>\n","protected":false},"excerpt":{"rendered":"<p>En la foto la delegaci\u00f3n que conformar\u00e1 Bienestar en Sonora, integrada por: B\u00e1rbara Pesqueira Grijalva (Caborca), Iram Leobardo Sol\u00eds Garc\u00eda (Cajeme), \u00d3scar Fernando Ramos Montiel (Guaymas), Diana Leticia Mungu\u00eda Carrasco (Hermosillo), D\u00e9bora Mart\u00ednez del Castillo (Moctezuma), Raquel Almada Corral (Navojoa), Mar\u00eda de la Luz Le\u00f3n Olvera (Nogales), Juan Luis Silva Morales (San Luis R\u00edo Colorado)&#8230;<\/p>\n","protected":false},"author":2,"featured_media":62204,"comment_status":"closed","ping_status":"closed","sticky":false,"template":"","format":"standard","meta":{"_crdt_document":"","_exactmetrics_skip_tracking":false,"_exactmetrics_sitenote_active":false,"_exactmetrics_sitenote_note":"","_exactmetrics_sitenote_category":0,"footnotes":""},"categories":[23,31,32,27],"tags":[71,72,28,30],"class_list":["post-62203","post","type-post","status-publish","format-standard","has-post-thumbnail","hentry","category-mexico","category-politica","category-salud","category-sonora","tag-alfonso-durazo","tag-claudia-sheinbaum","tag-nogales","tag-sonora-tierra-de-oportunidades"],"_links":{"self":[{"href":"https:\/\/elpajaritonews.com\/index.php?rest_route=\/wp\/v2\/posts\/62203","targetHints":{"allow":["GET"]}}],"collection":[{"href":"https:\/\/elpajaritonews.com\/index.php?rest_route=\/wp\/v2\/posts"}],"about":[{"href":"https:\/\/elpajaritonews.com\/index.php?rest_route=\/wp\/v2\/types\/post"}],"author":[{"embeddable":true,"href":"https:\/\/elpajaritonews.com\/index.php?rest_route=\/wp\/v2\/users\/2"}],"replies":[{"embeddable":true,"href":"https:\/\/elpajaritonews.com\/index.php?rest_route=%2Fwp%2Fv2%2Fcomments&post=62203"}],"version-history":[{"count":1,"href":"https:\/\/elpajaritonews.com\/index.php?rest_route=\/wp\/v2\/posts\/62203\/revisions"}],"predecessor-version":[{"id":62205,"href":"https:\/\/elpajaritonews.com\/index.php?rest_route=\/wp\/v2\/posts\/62203\/revisions\/62205"}],"wp:featuredmedia":[{"embeddable":true,"href":"https:\/\/elpajaritonews.com\/index.php?rest_route=\/wp\/v2\/media\/62204"}],"wp:attachment":[{"href":"https:\/\/elpajaritonews.com\/index.php?rest_route=%2Fwp%2Fv2%2Fmedia&parent=62203"}],"wp:term":[{"taxonomy":"category","embeddable":true,"href":"https:\/\/elpajaritonews.com\/index.php?rest_route=%2Fwp%2Fv2%2Fcategories&post=62203"},{"taxonomy":"post_tag","embeddable":true,"href":"https:\/\/elpajaritonews.com\/index.php?rest_route=%2Fwp%2Fv2%2Ftags&post=62203"}],"curies":[{"name":"wp","href":"https:\/\/api.w.org\/{rel}","templated":true}]}}