{"id":62206,"date":"2024-10-03T15:57:25","date_gmt":"2024-10-03T22:57:25","guid":{"rendered":"https:\/\/elpajaritonews.com\/?p=62206"},"modified":"2024-10-03T15:57:28","modified_gmt":"2024-10-03T22:57:28","slug":"propone-congreso-de-sonora-fortalecer-sistema-de-albergues-centros-de-asistencia-y-refugios","status":"publish","type":"post","link":"https:\/\/elpajaritonews.com\/?p=62206","title":{"rendered":"PROPONE CONGRESO DE SONORA FORTALECER SISTEMA DE ALBERGUES, CENTROS DE ASISTENCIA Y REFUGIOS"},"content":{"rendered":"\n<p class=\"wp-block-paragraph\">Iniciativas para regular el funcionamiento, vigilancia y supervisi\u00f3n de albergues, as\u00ed como una reforma a la Constituci\u00f3n local en materia de designaci\u00f3n de personas encargadas de despacho en \u00d3rganos Internos de Control, fueron turnadas a comisi\u00f3n en la sesi\u00f3n ordinaria de hoy.<\/p>\n\n\n\n<p class=\"wp-block-paragraph\">Ante el pleno, la diputada Alejandra L\u00f3pez Noriega present\u00f3 una iniciativa de Ley para el Funcionamiento y Operaci\u00f3n de Albergues, Centros Asistenciales y Similares del Estado de Sonora, en la cual se establece la obligaci\u00f3n de que estas instituciones se inscriban en un registro estatal, cuenten con un padr\u00f3n actualizado de personas beneficiadas con sus servicios, capaciten a su personal en aspectos te\u00f3rico-pr\u00e1cticos y respeten los derechos humanos de sus usuarios.<\/p>\n\n\n\n<p class=\"wp-block-paragraph\">A nombre del grupo parlamentario del Partido Revolucionario Institucional (PRI), el diputado Emeterio Ochoa Baz\u00faa present\u00f3 una iniciativa de reforma a la Constituci\u00f3n Pol\u00edtica de Sonora, con el fin de establecer la obligaci\u00f3n del Congreso de Sonora de designar personas encargadas de despacho temporales ante renuncias, solicitudes de licencia y remociones de personas titulares de los \u00d3rganos Internos de Control (OIC) en organismos aut\u00f3nomos.<\/p>\n\n\n\n<p class=\"wp-block-paragraph\">Las iniciativas fueron turnadas para su an\u00e1lisis a la Comisi\u00f3n de Gobernaci\u00f3n y Puntos Constitucionales, y de Justicia y Derechos Humanos.<\/p>\n\n\n\n<p class=\"wp-block-paragraph\">Enseguida, la diputada Mar\u00eda Eduwiges Espinoza Tapia (Morena) present\u00f3 un posicionamiento con motivo de la conclusi\u00f3n del gobierno de Andr\u00e9s Manuel L\u00f3pez Obrador, expresidente del pa\u00eds.<\/p>\n\n\n\n<p class=\"wp-block-paragraph\">Por su parte, el diputado Pr\u00f3spero Valenzuela Mu\u00f1er se pronunci\u00f3, a nombre del grupo parlamentario de Morena, sobre la reci\u00e9n aprobada reforma constitucional en materia de pueblos y comunidades ind\u00edgenas y afromexicanas.<\/p>\n\n\n\n<figure class=\"wp-block-image size-large\"><img loading=\"lazy\" decoding=\"async\" width=\"1024\" height=\"683\" src=\"https:\/\/elpajaritonews.com\/wp-content\/uploads\/2024\/10\/08dd9fa3-5426-4fc1-bc43-d6f537153dad-1024x683.jpg\" alt=\"\" class=\"wp-image-62208\" srcset=\"https:\/\/elpajaritonews.com\/wp-content\/uploads\/2024\/10\/08dd9fa3-5426-4fc1-bc43-d6f537153dad-1024x683.jpg 1024w, https:\/\/elpajaritonews.com\/wp-content\/uploads\/2024\/10\/08dd9fa3-5426-4fc1-bc43-d6f537153dad-300x200.jpg 300w, https:\/\/elpajaritonews.com\/wp-content\/uploads\/2024\/10\/08dd9fa3-5426-4fc1-bc43-d6f537153dad-768x512.jpg 768w, https:\/\/elpajaritonews.com\/wp-content\/uploads\/2024\/10\/08dd9fa3-5426-4fc1-bc43-d6f537153dad-1536x1024.jpg 1536w, https:\/\/elpajaritonews.com\/wp-content\/uploads\/2024\/10\/08dd9fa3-5426-4fc1-bc43-d6f537153dad-600x400.jpg 600w, https:\/\/elpajaritonews.com\/wp-content\/uploads\/2024\/10\/08dd9fa3-5426-4fc1-bc43-d6f537153dad.jpg 1600w\" sizes=\"auto, (max-width: 1024px) 100vw, 1024px\" \/><\/figure>\n\n\n\n<p class=\"wp-block-paragraph\">El diputado Ren\u00e9 Garc\u00eda Rojo (PT) dio a conocer un posicionamiento en solidaridad con las personas afectadas por el reciente paso del fen\u00f3meno natural denominado \u201cJohn\u201d.<\/p>\n\n\n\n<p class=\"wp-block-paragraph\">En tanto, la diputada Iris S\u00e1nchez Chiu, a nombre del grupo parlamentario del PRI, present\u00f3 un posicionamiento respecto a la conmemoraci\u00f3n del segundo aniversario de la implementaci\u00f3n del Nuevo Sistema de Justicia Laboral.<\/p>\n\n\n\n<p class=\"wp-block-paragraph\">Finalmente, la diputada Ana Gabriela Tapia Fonllem (PRD) expuso su postura respecto a la conmemoraci\u00f3n del 56 aniversario de la masacre del 2 de octubre de 1968 en la Plaza de las Tres Culturas de Tlatelolco.<\/p>\n\n\n\n<p class=\"wp-block-paragraph\">El pleno del Congreso de Sonora sesionar\u00e1 el martes 8 de octubre a las 11:00 horas.<\/p>\n","protected":false},"excerpt":{"rendered":"<p>Iniciativas para regular el funcionamiento, vigilancia y supervisi\u00f3n de albergues, as\u00ed como una reforma a la Constituci\u00f3n local en materia de designaci\u00f3n de personas encargadas de despacho en \u00d3rganos Internos de Control, fueron turnadas a comisi\u00f3n en la sesi\u00f3n ordinaria de hoy. Ante el pleno, la diputada Alejandra L\u00f3pez Noriega present\u00f3 una iniciativa de Ley&#8230;<\/p>\n","protected":false},"author":2,"featured_media":62207,"comment_status":"closed","ping_status":"closed","sticky":false,"template":"","format":"standard","meta":{"_crdt_document":"","_exactmetrics_skip_tracking":false,"_exactmetrics_sitenote_active":false,"_exactmetrics_sitenote_note":"","_exactmetrics_sitenote_category":0,"footnotes":""},"categories":[20,26,31,27,69],"tags":[71,73,30],"class_list":["post-62206","post","type-post","status-publish","format-standard","has-post-thumbnail","hentry","category-congreso","category-local","category-politica","category-sonora","category-ultimas-noticias","tag-alfonso-durazo","tag-congreso-del-estado-de-sonora","tag-sonora-tierra-de-oportunidades"],"_links":{"self":[{"href":"https:\/\/elpajaritonews.com\/index.php?rest_route=\/wp\/v2\/posts\/62206","targetHints":{"allow":["GET"]}}],"collection":[{"href":"https:\/\/elpajaritonews.com\/index.php?rest_route=\/wp\/v2\/posts"}],"about":[{"href":"https:\/\/elpajaritonews.com\/index.php?rest_route=\/wp\/v2\/types\/post"}],"author":[{"embeddable":true,"href":"https:\/\/elpajaritonews.com\/index.php?rest_route=\/wp\/v2\/users\/2"}],"replies":[{"embeddable":true,"href":"https:\/\/elpajaritonews.com\/index.php?rest_route=%2Fwp%2Fv2%2Fcomments&post=62206"}],"version-history":[{"count":1,"href":"https:\/\/elpajaritonews.com\/index.php?rest_route=\/wp\/v2\/posts\/62206\/revisions"}],"predecessor-version":[{"id":62209,"href":"https:\/\/elpajaritonews.com\/index.php?rest_route=\/wp\/v2\/posts\/62206\/revisions\/62209"}],"wp:featuredmedia":[{"embeddable":true,"href":"https:\/\/elpajaritonews.com\/index.php?rest_route=\/wp\/v2\/media\/62207"}],"wp:attachment":[{"href":"https:\/\/elpajaritonews.com\/index.php?rest_route=%2Fwp%2Fv2%2Fmedia&parent=62206"}],"wp:term":[{"taxonomy":"category","embeddable":true,"href":"https:\/\/elpajaritonews.com\/index.php?rest_route=%2Fwp%2Fv2%2Fcategories&post=62206"},{"taxonomy":"post_tag","embeddable":true,"href":"https:\/\/elpajaritonews.com\/index.php?rest_route=%2Fwp%2Fv2%2Ftags&post=62206"}],"curies":[{"name":"wp","href":"https:\/\/api.w.org\/{rel}","templated":true}]}}