{"id":62229,"date":"2024-10-03T19:16:15","date_gmt":"2024-10-04T02:16:15","guid":{"rendered":"https:\/\/elpajaritonews.com\/?p=62229"},"modified":"2024-10-03T19:16:17","modified_gmt":"2024-10-04T02:16:17","slug":"fija-postura-la-ministra-presidenta-norma-pina","status":"publish","type":"post","link":"https:\/\/elpajaritonews.com\/?p=62229","title":{"rendered":"FIJA POSTURA LA MINISTRA PRESIDENTA NORMA PI\u00d1A"},"content":{"rendered":"\n<p class=\"wp-block-paragraph\">El Pleno de la Suprema Corte de Justicia de la Naci\u00f3n (La Corte) llev\u00f3 a cabo el an\u00e1lisis de una consulta a tr\u00e1mite, a fin de determinar el procedimiento a seguir para atender una solicitud presentada por diversas personas juzgadoras integrantes del Poder Judicial de la Federaci\u00f3n, en el sentido de que, a trav\u00e9s de la controversia prevista en el art\u00edculo 11, fracci\u00f3n XXII, de la Ley Org\u00e1nica del Poder Judicial de la Federaci\u00f3n, La Corte realice un control constitucional relacionado con la reforma en materia judicial a la Constituci\u00f3n Federal, publicada el 15 de septiembre de este a\u00f1o.<\/p>\n\n\n\n<p class=\"wp-block-paragraph\">Al respecto, por votaci\u00f3n mayoritaria de ocho ministras y ministros, el Pleno resolvi\u00f3 que procede admitir y realizar el turno habitual de la solicitud, con fundamento en la fracci\u00f3n XVII del art\u00edculo 11 de la Ley Org\u00e1nica del Poder Judicial de la Federaci\u00f3n. Lo anterior porque, en dicho precepto, se dispone con amplitud el mandato para el Pleno de La Corte, en el sentido de velar por la autonom\u00eda e independencia de los \u00f3rganos e integrantes de la judicatura federal y, bajo esa luz, conocer y dirimir cualquier controversia suscitada en el Poder Judicial de la Federaci\u00f3n con motivo de la interpretaci\u00f3n y aplicaci\u00f3n de los art\u00edculos 94, 97, 100 y 101 de la Constituci\u00f3n Federal.<\/p>\n\n\n\n<p class=\"wp-block-paragraph\">As\u00ed, en observancia de su obligaci\u00f3n de velar por la autonom\u00eda e independencia del Poder Judicial de la Federaci\u00f3n y de sus integrantes, el Pleno de La Corte determin\u00f3 que procede que la Ministra Presidenta admita la solicitud, con fundamento en la mencionada fracci\u00f3n, y que sea turnada al ministro o ministra correspondiente, a efecto de que se elabore el proyecto en el cual se examine, de fondo, la solicitud formulada por los promoventes y se d\u00e9 cuenta con \u00e9ste ante el Tribunal Pleno.<\/p>\n\n\n\n<p class=\"wp-block-paragraph\">La consulta a tr\u00e1mite resuelta en ning\u00fan modo prejuzga sobre la procedencia definitiva ni sobre el alcance que pueda llegar a tener la resoluci\u00f3n que se dicte en el expediente principal de la controversia, es decir, sobre lo fundado o no de los argumentos y reclamos expuestos por los promoventes de la solicitud original. Tampoco se prejuzga sobre el alcance de las atribuciones que La Corte pueda llegar a tener al momento de someter a control constitucional la reforma aludida, en aspectos tales como la revisi\u00f3n de vicios estrictamente formales e incluso materiales.<\/p>\n\n\n\n<p class=\"wp-block-paragraph\">El an\u00e1lisis del resto de las consultas a tr\u00e1mite continuar\u00e1 en pr\u00f3xima sesi\u00f3n del Tribunal Pleno de La Corte.<\/p>\n\n\n\n<figure class=\"wp-block-embed is-type-rich is-provider-twitter wp-block-embed-twitter\"><div class=\"wp-block-embed__wrapper\">\n<blockquote class=\"twitter-tweet\" data-width=\"550\" data-dnt=\"true\"><p lang=\"es\" dir=\"ltr\">El Pleno de la Suprema Corte de Justicia de la Naci\u00f3n (La Corte) llev\u00f3 a cabo el an\u00e1lisis de una consulta a tr\u00e1mite, a fin de determinar el procedimiento a seguir para atender una solicitud presentada por diversas personas juzgadoras integrantes del Poder Judicial de la\u2026<\/p>&mdash; Norma PH (@NormaPinaH) <a href=\"https:\/\/twitter.com\/NormaPinaH\/status\/1842002662218465603?ref_src=twsrc%5Etfw\">October 4, 2024<\/a><\/blockquote><script async src=\"https:\/\/platform.twitter.com\/widgets.js\" charset=\"utf-8\"><\/script>\n<\/div><\/figure>\n","protected":false},"excerpt":{"rendered":"<p>El Pleno de la Suprema Corte de Justicia de la Naci\u00f3n (La Corte) llev\u00f3 a cabo el an\u00e1lisis de una consulta a tr\u00e1mite, a fin de determinar el procedimiento a seguir para atender una solicitud presentada por diversas personas juzgadoras integrantes del Poder Judicial de la Federaci\u00f3n, en el sentido de que, a trav\u00e9s de&#8230;<\/p>\n","protected":false},"author":2,"featured_media":62230,"comment_status":"closed","ping_status":"closed","sticky":false,"template":"","format":"standard","meta":{"_crdt_document":"","_exactmetrics_skip_tracking":false,"_exactmetrics_sitenote_active":false,"_exactmetrics_sitenote_note":"","_exactmetrics_sitenote_category":0,"footnotes":""},"categories":[82,31,1,69],"tags":[72,99,75],"class_list":["post-62229","post","type-post","status-publish","format-standard","has-post-thumbnail","hentry","category-poder-judicial","category-politica","category-seguridad","category-ultimas-noticias","tag-claudia-sheinbaum","tag-norma-pina","tag-seguridad-publica"],"_links":{"self":[{"href":"https:\/\/elpajaritonews.com\/index.php?rest_route=\/wp\/v2\/posts\/62229","targetHints":{"allow":["GET"]}}],"collection":[{"href":"https:\/\/elpajaritonews.com\/index.php?rest_route=\/wp\/v2\/posts"}],"about":[{"href":"https:\/\/elpajaritonews.com\/index.php?rest_route=\/wp\/v2\/types\/post"}],"author":[{"embeddable":true,"href":"https:\/\/elpajaritonews.com\/index.php?rest_route=\/wp\/v2\/users\/2"}],"replies":[{"embeddable":true,"href":"https:\/\/elpajaritonews.com\/index.php?rest_route=%2Fwp%2Fv2%2Fcomments&post=62229"}],"version-history":[{"count":1,"href":"https:\/\/elpajaritonews.com\/index.php?rest_route=\/wp\/v2\/posts\/62229\/revisions"}],"predecessor-version":[{"id":62231,"href":"https:\/\/elpajaritonews.com\/index.php?rest_route=\/wp\/v2\/posts\/62229\/revisions\/62231"}],"wp:featuredmedia":[{"embeddable":true,"href":"https:\/\/elpajaritonews.com\/index.php?rest_route=\/wp\/v2\/media\/62230"}],"wp:attachment":[{"href":"https:\/\/elpajaritonews.com\/index.php?rest_route=%2Fwp%2Fv2%2Fmedia&parent=62229"}],"wp:term":[{"taxonomy":"category","embeddable":true,"href":"https:\/\/elpajaritonews.com\/index.php?rest_route=%2Fwp%2Fv2%2Fcategories&post=62229"},{"taxonomy":"post_tag","embeddable":true,"href":"https:\/\/elpajaritonews.com\/index.php?rest_route=%2Fwp%2Fv2%2Ftags&post=62229"}],"curies":[{"name":"wp","href":"https:\/\/api.w.org\/{rel}","templated":true}]}}