{"id":62232,"date":"2024-10-03T19:41:18","date_gmt":"2024-10-04T02:41:18","guid":{"rendered":"https:\/\/elpajaritonews.com\/?p=62232"},"modified":"2024-10-03T19:41:21","modified_gmt":"2024-10-04T02:41:21","slug":"norona-acusa-a-la-corte-de-actitud-facciosa-por-abrir-la-puerta-a-revision-de-quejas-por-reforma-judicial","status":"publish","type":"post","link":"https:\/\/elpajaritonews.com\/?p=62232","title":{"rendered":"NORO\u00d1A ACUSA A LA CORTE DE \u2018ACTITUD FACCIOSA\u2019 POR \u2018ABRIR LA PUERTA\u2019 A REVISI\u00d3N DE QUEJAS POR REFORMA JUDICIAL"},"content":{"rendered":"\n<p class=\"wp-block-paragraph\">La Suprema Corte aprob\u00f3 que el Alto Tribunal pueda revisar una controversia sobre la reforma al Poder Judicial; Noro\u00f1a considera que ello es \u201cuna conducta irresponsable\u201d.<\/p>\n\n\n\n<p class=\"wp-block-paragraph\">Gerardo Fern\u00e1ndez Noro\u00f1a, presidente de la mesa directiva del Senado, apunt\u00f3 que la decisi\u00f3n de la Suprema Corte de Justicia de la Naci\u00f3n (SCJN) de abrir la puerta a la revisi\u00f3n de si tiene facultades para revisar controversias sobre la reforma al Poder Judicial es una \u201cactitud facciosa\u201d.<\/p>\n\n\n\n<p class=\"wp-block-paragraph\">\u201cHago un llamado a los integrantes de la Suprema Corte de Justicia de la Naci\u00f3n, y particularmente a la ministra Norma Pi\u00f1a a detener su conducta facciosa. A no dar un paso m\u00e1s en la conducta irresponsable que han tenido en este momento\u201d, apunt\u00f3 Noro\u00f1a en conferencia de prensa este jueves.<\/p>\n\n\n\n<p class=\"wp-block-paragraph\">Noro\u00f1a consider\u00f3 que si la Suprema Corte revisa controversias sobre la reforma judicial estar\u00eda pasando por encima del Poder Ejecutivo, el Legislativo y \u201cel soberano, que es el pueblo\u201d, adem\u00e1s de que ello detendr\u00eda el proceso electoral que ya inici\u00f3 en el Instituto Nacional Electoral (INE).<\/p>\n\n\n\n<p class=\"wp-block-paragraph\">\u201cEs una provocaci\u00f3n may\u00fascula, y los pone a ellos fuera de la ley, y fuerza a tomar decisiones sobre las implicaciones legales de su comportamiento. \u00bfQui\u00e9n se creen, qu\u00e9 les pasa, quieren llevar a la Rep\u00fablica a una crisis\u201d, cuestion\u00f3.<\/p>\n\n\n\n<p class=\"wp-block-paragraph\">Aunque destac\u00f3 que Sergio Guti\u00e9rrez Luna, presidente de la mesa directiva en la C\u00e1mara de Diputados, ha expresado que debe haber juicio pol\u00edtico contra los ministros y ministras, el senador del PT se pronunci\u00f3 por apostar por la serenidad.<\/p>\n\n\n\n<p class=\"wp-block-paragraph\">\u201cCreo que es el momento para volver al 1 de octubre, a la serenidad, a la actitud republicana, al respeto entre poderes\u2026No los vamos a destituir\u201d.<\/p>\n\n\n\n<p class=\"wp-block-paragraph\">Afirm\u00f3 que el Senado seguir\u00e1 con la emisi\u00f3n de la convocatoria para la elecci\u00f3n de jueces, ministros y magistrados, y \u201cdiga lo que siga la Corte nosotros vamos a hacer la elecci\u00f3n\u201d.<\/p>\n\n\n\n<p class=\"wp-block-paragraph\">Apenas el mi\u00e9rcoles, Fern\u00e1ndez Noro\u00f1a inform\u00f3 que usar\u00eda el tel\u00e9fono rojo para pedirle a la ministra Pi\u00f1a que ya entreguen la informaci\u00f3n de todos los juzgadores que integran el Poder Judicial, para poder emitir la convocatoria de cargos a elegir.<\/p>\n\n\n\n<p class=\"wp-block-paragraph\">En contraste, el panista Ricardo Anaya celebr\u00f3 que la Corte vaya a iniciar este an\u00e1lisis.<\/p>\n\n\n\n<p class=\"wp-block-paragraph\">\u201cNosotros celebramos que la Corte haya tomado la decisi\u00f3n de entrar al estudio, y lo que nos parece profundamente preocupante son las expresiones de los integrantes justamente del oficialismo, que, de antemano, ya est\u00e1n descalificando cualquier resoluci\u00f3n que emita la Suprema Corte de Justicia de la Naci\u00f3n\u201d.<\/p>\n\n\n\n<p class=\"wp-block-paragraph\">Lo anterior en referencia a las palabras de la ministra Lenia Batres, que us\u00f3 el concepto de \u201cgolpe de Estado\u201d para describir lo que considera que ocurrir\u00eda si la Suprema Corte revisa controversias sobre la reforma judicial.<\/p>\n\n\n\n<p class=\"wp-block-paragraph\">Un golpe de Estado es definido como una actuaci\u00f3n violenta, ya sea por parte de fuerzas militares o grupos rebeldes, que toman el gobierno de un Estado naci\u00f3n, sacando a las personas gobernantes. Es una toma ilegal del Poder de un pa\u00eds.<\/p>\n\n\n\n<p class=\"wp-block-paragraph\">Al existir tambi\u00e9n dos suspensiones contra la reforma, que ordenan al INE no organizar la elecci\u00f3n y al Senado no emitir la convocatoria,&nbsp; expres\u00f3 coincidencia en que podr\u00eda llevar a una crisis de constitucionalidad.<\/p>\n\n\n\n<p class=\"wp-block-paragraph\">\u201cBueno, esto lo que puede provocar es una crisis de constitucionalidad porque hay quienes est\u00e1n dispuestos, por la v\u00eda de los hechos, a no respetar las resoluciones de otros \u00f3rganos del Estado. Yo espero que no lleguemos al extremo de una crisis constitucional\u201d.<\/p>\n\n\n\n<figure class=\"wp-block-embed is-type-video is-provider-youtube wp-block-embed-youtube wp-embed-aspect-16-9 wp-has-aspect-ratio\"><div class=\"wp-block-embed__wrapper\">\n<iframe loading=\"lazy\" title=\"Llamado a la prudencia al Poder Judicial. 3 de octubre del 2024 - Noro\u00f1a\" width=\"640\" height=\"360\" src=\"https:\/\/www.youtube.com\/embed\/jqbXFTaWx44?feature=oembed\" frameborder=\"0\" allow=\"accelerometer; autoplay; clipboard-write; encrypted-media; gyroscope; picture-in-picture; web-share\" referrerpolicy=\"strict-origin-when-cross-origin\" allowfullscreen><\/iframe>\n<\/div><\/figure>\n","protected":false},"excerpt":{"rendered":"<p>La Suprema Corte aprob\u00f3 que el Alto Tribunal pueda revisar una controversia sobre la reforma al Poder Judicial; Noro\u00f1a considera que ello es \u201cuna conducta irresponsable\u201d. Gerardo Fern\u00e1ndez Noro\u00f1a, presidente de la mesa directiva del Senado, apunt\u00f3 que la decisi\u00f3n de la Suprema Corte de Justicia de la Naci\u00f3n (SCJN) de abrir la puerta a&#8230;<\/p>\n","protected":false},"author":2,"featured_media":62233,"comment_status":"closed","ping_status":"closed","sticky":false,"template":"","format":"standard","meta":{"_crdt_document":"","_exactmetrics_skip_tracking":false,"_exactmetrics_sitenote_active":false,"_exactmetrics_sitenote_note":"","_exactmetrics_sitenote_category":0,"footnotes":""},"categories":[82,31,1,69],"tags":[72,73,75],"class_list":["post-62232","post","type-post","status-publish","format-standard","has-post-thumbnail","hentry","category-poder-judicial","category-politica","category-seguridad","category-ultimas-noticias","tag-claudia-sheinbaum","tag-congreso-del-estado-de-sonora","tag-seguridad-publica"],"_links":{"self":[{"href":"https:\/\/elpajaritonews.com\/index.php?rest_route=\/wp\/v2\/posts\/62232","targetHints":{"allow":["GET"]}}],"collection":[{"href":"https:\/\/elpajaritonews.com\/index.php?rest_route=\/wp\/v2\/posts"}],"about":[{"href":"https:\/\/elpajaritonews.com\/index.php?rest_route=\/wp\/v2\/types\/post"}],"author":[{"embeddable":true,"href":"https:\/\/elpajaritonews.com\/index.php?rest_route=\/wp\/v2\/users\/2"}],"replies":[{"embeddable":true,"href":"https:\/\/elpajaritonews.com\/index.php?rest_route=%2Fwp%2Fv2%2Fcomments&post=62232"}],"version-history":[{"count":1,"href":"https:\/\/elpajaritonews.com\/index.php?rest_route=\/wp\/v2\/posts\/62232\/revisions"}],"predecessor-version":[{"id":62234,"href":"https:\/\/elpajaritonews.com\/index.php?rest_route=\/wp\/v2\/posts\/62232\/revisions\/62234"}],"wp:featuredmedia":[{"embeddable":true,"href":"https:\/\/elpajaritonews.com\/index.php?rest_route=\/wp\/v2\/media\/62233"}],"wp:attachment":[{"href":"https:\/\/elpajaritonews.com\/index.php?rest_route=%2Fwp%2Fv2%2Fmedia&parent=62232"}],"wp:term":[{"taxonomy":"category","embeddable":true,"href":"https:\/\/elpajaritonews.com\/index.php?rest_route=%2Fwp%2Fv2%2Fcategories&post=62232"},{"taxonomy":"post_tag","embeddable":true,"href":"https:\/\/elpajaritonews.com\/index.php?rest_route=%2Fwp%2Fv2%2Ftags&post=62232"}],"curies":[{"name":"wp","href":"https:\/\/api.w.org\/{rel}","templated":true}]}}