{"id":62278,"date":"2024-10-08T10:15:42","date_gmt":"2024-10-08T17:15:42","guid":{"rendered":"https:\/\/elpajaritonews.com\/?p=62278"},"modified":"2024-10-08T10:15:46","modified_gmt":"2024-10-08T17:15:46","slug":"fortalecer-la-inteligencia-e-investigacion-la-estrategia-en-seguridad-sheinbaum","status":"publish","type":"post","link":"https:\/\/elpajaritonews.com\/?p=62278","title":{"rendered":"FORTALECER LA INTELIGENCIA E INVESTIGACI\u00d3N, LA ESTRATEGIA EN SEGURIDAD: SHEINBAUM"},"content":{"rendered":"\n<p class=\"wp-block-paragraph\">Al presentar la nueva estrategia de seguridad, la presidenta Claudia Sheinbaum afirm\u00f3 que no va a regresar la guerra contra el narcotr\u00e1fico del gobierno de Calder\u00f3n sino que se privilegiar\u00e1 el fortalecimiento de la inteligencia e investigaci\u00f3n; consolidando la Guardia Nacional y atenci\u00f3n a las causas focalizando en zonas de alta incidencia delictiva, como en el caso de Guanajuato.<\/p>\n\n\n\n<p class=\"wp-block-paragraph\">Durante la conferencia, destac\u00f3 que en este caso, el secretario de Seguridad y Protecci\u00f3n Ciudadana, Omar Garc\u00eda Harfuch se reunir\u00e1 con la gobernadora Libia Garc\u00eda para definir algunos aspectos de coordinaci\u00f3n y respaldo. Record\u00f3 que esta entidad es donde se registra el mayor \u00edndice de homicidios en el pa\u00eds y tambi\u00e9n una alta incidencia de consumo de drogas entre los j\u00f3venes que se debe atender con pol\u00edticas sociales.<\/p>\n\n\n\n<p class=\"wp-block-paragraph\">Sobre el caso Sinaloa, Sheinbaum destac\u00f3 que hoy viajar\u00e1n a la entidad&nbsp;&nbsp; los secretarios de Seguridad y Protecci\u00f3n Ciudadana y de la Defensa Nacional para acordar acciones conjuntas en torno al recrudecimiento de la violencia en esa entidad.<\/p>\n\n\n\n<p class=\"wp-block-paragraph\">Sin embargo destac\u00f3 que el origen de esta violencia involucr\u00e1 acciones del gobierno de Estados Unidos, una actividad sobre la cual, no han entregado toda la informaci\u00f3n correspondiente, por lo que&nbsp; el secretario de Relaciones Exteriores, Juan Ram\u00f3n de la Fuente se reunir\u00e1 con el embajador estadounidense, Ken Salazar,donde uno de los temas principales es que entreguen mayor informaci\u00f3n respecto a la captura y traslado de narcotraficantes a Estados Unidos.<\/p>\n\n\n\n<p class=\"wp-block-paragraph\">Sheinbaum subray\u00f3 la importancia que tendr\u00e1 la consolidaci\u00f3n de la Guardia Nacional como una corporaci\u00f3n al interior de la Secretar\u00eda de la Defensa Nacional.<\/p>\n\n\n\n<p class=\"wp-block-paragraph\">\u201cLa Guardia Nacional ya es parte de la Sedena y el general tiene un programa claro de consolidaci\u00f3n y fortalecimiento de la Guardia Nacional fortalecer capacidades con su comandancia. Es una virtud\u201d.<\/p>\n\n\n\n<p class=\"wp-block-paragraph\">Destac\u00f3 que con esta adscripci\u00f3n sus elementos tienen acceso servicios de seguridad social del Ej\u00e9rcito; capacitaci\u00f3n, su propia carrera, sus mandos son oficiales que est\u00e1n capacitados para ello. Se est\u00e1 consolidando una instituci\u00f3n. Si no hubiera quedado en Sedena sino de los que decidiera el siguiente presidente, como fue la Polic\u00eda Federal.<\/p>\n\n\n\n<p class=\"wp-block-paragraph\">Garc\u00eda Harfuch detall\u00f3 algunos aspectos de la estrategia entre los cuales destac\u00f3 la creaci\u00f3n de una subsecretar\u00eda de Investigaci\u00f3n e Inteligencia en la SSPC para fortalecer las capacidades en este rubro y establecer una mayor coordinaci\u00f3n con la inteligencia militar y la inteligencia naval que permita apuntalar su uso en el combate a la delincuencia organizada.<\/p>\n\n\n\n<p class=\"wp-block-paragraph\">Destac\u00f3 que se buscar\u00e1 fortalecer la coordinaci\u00f3n porque las tareas de seguridad es una responsabilidad compartida por lo que no solamente se incrementar\u00e1 la coordinaci\u00f3n entre las corporaciones federales, sino tambi\u00e9n con las instancias estatales y municipales.<\/p>\n\n\n\n<p class=\"wp-block-paragraph\">Adem\u00e1s de deber\u00e1n fortalecer las capacidades de prevenci\u00f3n delictiva con las polic\u00edas locales. Se busca cumplir objetivos en diversas l\u00edneas de acci\u00f3n, consolidar el sistema nacional de inteligencia .<\/p>\n\n\n\n<figure class=\"wp-block-embed is-type-video is-provider-youtube wp-block-embed-youtube wp-embed-aspect-16-9 wp-has-aspect-ratio\"><div class=\"wp-block-embed__wrapper\">\n<iframe loading=\"lazy\" title=\"Presentaci\u00f3n de la Estrategia Nacional de Seguridad. Conferencia presidenta Sheinbaum\" width=\"640\" height=\"360\" src=\"https:\/\/www.youtube.com\/embed\/Svd7eBJ9EyI?feature=oembed\" frameborder=\"0\" allow=\"accelerometer; autoplay; clipboard-write; encrypted-media; gyroscope; picture-in-picture; web-share\" referrerpolicy=\"strict-origin-when-cross-origin\" allowfullscreen><\/iframe>\n<\/div><\/figure>\n","protected":false},"excerpt":{"rendered":"<p>Al presentar la nueva estrategia de seguridad, la presidenta Claudia Sheinbaum afirm\u00f3 que no va a regresar la guerra contra el narcotr\u00e1fico del gobierno de Calder\u00f3n sino que se privilegiar\u00e1 el fortalecimiento de la inteligencia e investigaci\u00f3n; consolidando la Guardia Nacional y atenci\u00f3n a las causas focalizando en zonas de alta incidencia delictiva, como en&#8230;<\/p>\n","protected":false},"author":2,"featured_media":62279,"comment_status":"closed","ping_status":"closed","sticky":false,"template":"","format":"standard","meta":{"_crdt_document":"","_exactmetrics_skip_tracking":false,"_exactmetrics_sitenote_active":false,"_exactmetrics_sitenote_note":"","_exactmetrics_sitenote_category":0,"footnotes":""},"categories":[31,1,27,69],"tags":[71,72,75],"class_list":["post-62278","post","type-post","status-publish","format-standard","has-post-thumbnail","hentry","category-politica","category-seguridad","category-sonora","category-ultimas-noticias","tag-alfonso-durazo","tag-claudia-sheinbaum","tag-seguridad-publica"],"_links":{"self":[{"href":"https:\/\/elpajaritonews.com\/index.php?rest_route=\/wp\/v2\/posts\/62278","targetHints":{"allow":["GET"]}}],"collection":[{"href":"https:\/\/elpajaritonews.com\/index.php?rest_route=\/wp\/v2\/posts"}],"about":[{"href":"https:\/\/elpajaritonews.com\/index.php?rest_route=\/wp\/v2\/types\/post"}],"author":[{"embeddable":true,"href":"https:\/\/elpajaritonews.com\/index.php?rest_route=\/wp\/v2\/users\/2"}],"replies":[{"embeddable":true,"href":"https:\/\/elpajaritonews.com\/index.php?rest_route=%2Fwp%2Fv2%2Fcomments&post=62278"}],"version-history":[{"count":1,"href":"https:\/\/elpajaritonews.com\/index.php?rest_route=\/wp\/v2\/posts\/62278\/revisions"}],"predecessor-version":[{"id":62280,"href":"https:\/\/elpajaritonews.com\/index.php?rest_route=\/wp\/v2\/posts\/62278\/revisions\/62280"}],"wp:featuredmedia":[{"embeddable":true,"href":"https:\/\/elpajaritonews.com\/index.php?rest_route=\/wp\/v2\/media\/62279"}],"wp:attachment":[{"href":"https:\/\/elpajaritonews.com\/index.php?rest_route=%2Fwp%2Fv2%2Fmedia&parent=62278"}],"wp:term":[{"taxonomy":"category","embeddable":true,"href":"https:\/\/elpajaritonews.com\/index.php?rest_route=%2Fwp%2Fv2%2Fcategories&post=62278"},{"taxonomy":"post_tag","embeddable":true,"href":"https:\/\/elpajaritonews.com\/index.php?rest_route=%2Fwp%2Fv2%2Ftags&post=62278"}],"curies":[{"name":"wp","href":"https:\/\/api.w.org\/{rel}","templated":true}]}}