{"id":62281,"date":"2024-10-08T13:00:21","date_gmt":"2024-10-08T20:00:21","guid":{"rendered":"https:\/\/elpajaritonews.com\/?p=62281"},"modified":"2024-10-08T13:00:23","modified_gmt":"2024-10-08T20:00:23","slug":"presenta-norberto-barraza-iniciativa-para-crear-la-figura-del-gerente-de-ciudad","status":"publish","type":"post","link":"https:\/\/elpajaritonews.com\/?p=62281","title":{"rendered":"PRESENTA NORBERTO BARRAZA INICIATIVA PARA CREAR LA FIGURA DEL GERENTE DE CIUDAD"},"content":{"rendered":"\n<p class=\"wp-block-paragraph\">Norberto Barraza Almaz\u00e1n, diputado del distrito X local por el Partido Encuentro Solidario y coordinador de bancada del mismo, present\u00f3 este martes 08 de octubre ante el pleno del Congreso del Estado una iniciativa con proyecto de decreto, que reforma diferentes disposiciones de la Ley de Gobierno y Administraci\u00f3n Municipal, para crear la figura del \u201cGerente de Ciudad\u201d, misma que se turn\u00f3 a la Comisi\u00f3n de Presupuestos y Asuntos Municipales.<\/p>\n\n\n\n<p class=\"wp-block-paragraph\">Esta propuesta se enfoca espec\u00edficamente a adicionar un art\u00edculo 78 ter al Cap\u00edtulo VII de las comisiones del ayuntamiento, se\u00f1alando que la Comisi\u00f3n de desarrollo urbano, obras y servicios p\u00fablicos en conjunto con el Consejo Municipal de Ordenamiento Territorial y Desarrollo Urbano, deber\u00e1 realizar una convocatoria abierta al inicio de la administraci\u00f3n municipal para ocupar el cargo de Gerente de Ciudad.<\/p>\n\n\n\n<p class=\"wp-block-paragraph\">\u201cPor experiencia propia, s\u00e9 que la curva de aprendizaje es muy costosa para los ayuntamientos, cuando en las \u00e1reas que requieren conocimientos muy espec\u00edficos y t\u00e9cnicos, entran a dirigir perfiles sin preparaci\u00f3n ni experiencia previa\u201d, expres\u00f3 Barraza Almaz\u00e1n.<\/p>\n\n\n\n<figure class=\"wp-block-image size-large\"><img loading=\"lazy\" decoding=\"async\" width=\"1024\" height=\"682\" src=\"https:\/\/elpajaritonews.com\/wp-content\/uploads\/2024\/10\/1f6ffb9a-9980-42e1-ab9a-85e2ba513e7c-1024x682.jpg\" alt=\"\" class=\"wp-image-62283\" srcset=\"https:\/\/elpajaritonews.com\/wp-content\/uploads\/2024\/10\/1f6ffb9a-9980-42e1-ab9a-85e2ba513e7c-1024x682.jpg 1024w, https:\/\/elpajaritonews.com\/wp-content\/uploads\/2024\/10\/1f6ffb9a-9980-42e1-ab9a-85e2ba513e7c-300x200.jpg 300w, https:\/\/elpajaritonews.com\/wp-content\/uploads\/2024\/10\/1f6ffb9a-9980-42e1-ab9a-85e2ba513e7c-768x512.jpg 768w, https:\/\/elpajaritonews.com\/wp-content\/uploads\/2024\/10\/1f6ffb9a-9980-42e1-ab9a-85e2ba513e7c-1536x1023.jpg 1536w, https:\/\/elpajaritonews.com\/wp-content\/uploads\/2024\/10\/1f6ffb9a-9980-42e1-ab9a-85e2ba513e7c-600x400.jpg 600w, https:\/\/elpajaritonews.com\/wp-content\/uploads\/2024\/10\/1f6ffb9a-9980-42e1-ab9a-85e2ba513e7c.jpg 1600w\" sizes=\"auto, (max-width: 1024px) 100vw, 1024px\" \/><\/figure>\n\n\n\n<p class=\"wp-block-paragraph\">Especific\u00f3 que el Gerente de Ciudad tendr\u00e1 facultades de consulta y ejecuci\u00f3n espec\u00edficas de aprobaci\u00f3n en las actividades que tengan que ver con la planeaci\u00f3n municipal, obras p\u00fablicas, hidr\u00e1ulicas, conservaci\u00f3n de recursos naturales, desarrollo urbano y mantenimiento de calles y caminos, as\u00ed como de los puestos que manejen recursos para el desarrollo y planeaci\u00f3n de obra municipal.<\/p>\n\n\n\n<p class=\"wp-block-paragraph\">\u201cCon la figura que proponemos de Gerente de Ciudad, queremos despolitizar el nombramiento de un especialista que ser\u00e1 el encargado de planificar, revisar las obras y los servicios p\u00fablicos que la ciudadan\u00eda requiere, quien adem\u00e1s tendr\u00e1 una gesti\u00f3n de seis a\u00f1os, lo cual le permitir\u00e1 darle continuidad a los proyectos aunque los gobiernos y partidos cambien, todo esto sin representar un gasto extra y sobre todo respetando la autonom\u00eda de los municipios\u201d, coment\u00f3 el diputado.<\/p>\n\n\n\n<p class=\"wp-block-paragraph\">Barraza Almaz\u00e1n destac\u00f3 que se realizar\u00e1 un riguroso proceso de selecci\u00f3n, en el cual los candidatos deber\u00e1n contar con un t\u00edtulo profesional relacionado con el desarrollo municipal y acreditar al menos tres a\u00f1os de experiencia en el \u00e1mbito, adem\u00e1s que la selecci\u00f3n estar\u00e1 a cargo de la Comisi\u00f3n de desarrollo urbano, obras y servicios p\u00fablicos, en conjunto con el Consejo Municipal de Ordenamiento Territorial y Desarrollo Urbano, garantizando as\u00ed un proceso transparente y basado en m\u00e9ritos.<\/p>\n\n\n\n<p class=\"wp-block-paragraph\">\u201cEstamos seguros de que esta figura vendr\u00e1 a mejorar la planeaci\u00f3n y seguimiento de obras y servicios en los 72 municipios de nuestro estado, con resultados que aumenten la plusval\u00eda y calidad de vida de la gente\u201d, puntualiz\u00f3.<\/p>\n","protected":false},"excerpt":{"rendered":"<p>Norberto Barraza Almaz\u00e1n, diputado del distrito X local por el Partido Encuentro Solidario y coordinador de bancada del mismo, present\u00f3 este martes 08 de octubre ante el pleno del Congreso del Estado una iniciativa con proyecto de decreto, que reforma diferentes disposiciones de la Ley de Gobierno y Administraci\u00f3n Municipal, para crear la figura del&#8230;<\/p>\n","protected":false},"author":2,"featured_media":62282,"comment_status":"closed","ping_status":"closed","sticky":false,"template":"","format":"standard","meta":{"_crdt_document":"","_exactmetrics_skip_tracking":false,"_exactmetrics_sitenote_active":false,"_exactmetrics_sitenote_note":"","_exactmetrics_sitenote_category":0,"footnotes":""},"categories":[20,26,31,27,69],"tags":[71,73,30],"class_list":["post-62281","post","type-post","status-publish","format-standard","has-post-thumbnail","hentry","category-congreso","category-local","category-politica","category-sonora","category-ultimas-noticias","tag-alfonso-durazo","tag-congreso-del-estado-de-sonora","tag-sonora-tierra-de-oportunidades"],"_links":{"self":[{"href":"https:\/\/elpajaritonews.com\/index.php?rest_route=\/wp\/v2\/posts\/62281","targetHints":{"allow":["GET"]}}],"collection":[{"href":"https:\/\/elpajaritonews.com\/index.php?rest_route=\/wp\/v2\/posts"}],"about":[{"href":"https:\/\/elpajaritonews.com\/index.php?rest_route=\/wp\/v2\/types\/post"}],"author":[{"embeddable":true,"href":"https:\/\/elpajaritonews.com\/index.php?rest_route=\/wp\/v2\/users\/2"}],"replies":[{"embeddable":true,"href":"https:\/\/elpajaritonews.com\/index.php?rest_route=%2Fwp%2Fv2%2Fcomments&post=62281"}],"version-history":[{"count":1,"href":"https:\/\/elpajaritonews.com\/index.php?rest_route=\/wp\/v2\/posts\/62281\/revisions"}],"predecessor-version":[{"id":62284,"href":"https:\/\/elpajaritonews.com\/index.php?rest_route=\/wp\/v2\/posts\/62281\/revisions\/62284"}],"wp:featuredmedia":[{"embeddable":true,"href":"https:\/\/elpajaritonews.com\/index.php?rest_route=\/wp\/v2\/media\/62282"}],"wp:attachment":[{"href":"https:\/\/elpajaritonews.com\/index.php?rest_route=%2Fwp%2Fv2%2Fmedia&parent=62281"}],"wp:term":[{"taxonomy":"category","embeddable":true,"href":"https:\/\/elpajaritonews.com\/index.php?rest_route=%2Fwp%2Fv2%2Fcategories&post=62281"},{"taxonomy":"post_tag","embeddable":true,"href":"https:\/\/elpajaritonews.com\/index.php?rest_route=%2Fwp%2Fv2%2Ftags&post=62281"}],"curies":[{"name":"wp","href":"https:\/\/api.w.org\/{rel}","templated":true}]}}