{"id":62292,"date":"2024-10-09T10:28:44","date_gmt":"2024-10-09T17:28:44","guid":{"rendered":"https:\/\/elpajaritonews.com\/?p=62292"},"modified":"2024-10-09T10:28:46","modified_gmt":"2024-10-09T17:28:46","slug":"encabeza-david-figueroa-instalacion-de-la-comision-de-transparencia","status":"publish","type":"post","link":"https:\/\/elpajaritonews.com\/?p=62292","title":{"rendered":"ENCABEZA DAVID FIGUEROA INSTALACI\u00d3N DE LA COMISI\u00d3N DE TRANSPARENCIA"},"content":{"rendered":"\n<p class=\"wp-block-paragraph\">El diputado y coordinador de la bancada del Partido Verde Ecologista de M\u00e9xico (PVEM), David Figueroa Ortega, encabez\u00f3 la instalaci\u00f3n de la Comisi\u00f3n de Transparencia en el Congreso del Estado de Sonora.<\/p>\n\n\n\n<p class=\"wp-block-paragraph\">En la primera sesi\u00f3n, Figueroa Ortega asumi\u00f3 la responsabilidad legislativa de presidir esta comisi\u00f3n que tiene la tarea de promover la apertura de la informaci\u00f3n p\u00fablica y fortalecer los mecanismos que garanticen el acceso de la ciudadan\u00eda a datos sobre el uso de recursos p\u00fablicos.<\/p>\n\n\n\n<figure class=\"wp-block-image size-full\"><img loading=\"lazy\" decoding=\"async\" width=\"799\" height=\"533\" src=\"https:\/\/elpajaritonews.com\/wp-content\/uploads\/2024\/10\/290ce7c1-6f3e-4687-a870-47ed2d0d2894.jpg\" alt=\"\" class=\"wp-image-62294\" srcset=\"https:\/\/elpajaritonews.com\/wp-content\/uploads\/2024\/10\/290ce7c1-6f3e-4687-a870-47ed2d0d2894.jpg 799w, https:\/\/elpajaritonews.com\/wp-content\/uploads\/2024\/10\/290ce7c1-6f3e-4687-a870-47ed2d0d2894-300x200.jpg 300w, https:\/\/elpajaritonews.com\/wp-content\/uploads\/2024\/10\/290ce7c1-6f3e-4687-a870-47ed2d0d2894-768x512.jpg 768w, https:\/\/elpajaritonews.com\/wp-content\/uploads\/2024\/10\/290ce7c1-6f3e-4687-a870-47ed2d0d2894-600x400.jpg 600w\" sizes=\"auto, (max-width: 799px) 100vw, 799px\" \/><\/figure>\n\n\n\n<p class=\"wp-block-paragraph\">En su mensaje, el coordinador de la bancada ecologista destac\u00f3 el compromiso en los temas de transparencia y fiscalizaci\u00f3n por parte de Mar\u00eda Dolores del R\u00edo S\u00e1nchez, titular de la Contralor\u00eda General del Estado; Ana Patricia Brise\u00f1o Torres, comisionada presidenta y Karem Valles Sampedro, comisionada del Instituto Sonorense de Transparencia, Acceso a la Informaci\u00f3n P\u00fablica y Protecci\u00f3n de Datos Personales (ISTAI).<\/p>\n\n\n\n<p class=\"wp-block-paragraph\">El diputado por el sexto distrito local consider\u00f3 que la transparencia es la base de la confianza ciudadana en el buen gobierno y la rendici\u00f3n de cuentas.<\/p>\n\n\n\n<figure class=\"wp-block-image size-full\"><img loading=\"lazy\" decoding=\"async\" width=\"799\" height=\"533\" src=\"https:\/\/elpajaritonews.com\/wp-content\/uploads\/2024\/10\/9235f2d0-3d76-472a-a80d-6549143a33fe.jpg\" alt=\"\" class=\"wp-image-62295\" srcset=\"https:\/\/elpajaritonews.com\/wp-content\/uploads\/2024\/10\/9235f2d0-3d76-472a-a80d-6549143a33fe.jpg 799w, https:\/\/elpajaritonews.com\/wp-content\/uploads\/2024\/10\/9235f2d0-3d76-472a-a80d-6549143a33fe-300x200.jpg 300w, https:\/\/elpajaritonews.com\/wp-content\/uploads\/2024\/10\/9235f2d0-3d76-472a-a80d-6549143a33fe-768x512.jpg 768w, https:\/\/elpajaritonews.com\/wp-content\/uploads\/2024\/10\/9235f2d0-3d76-472a-a80d-6549143a33fe-600x400.jpg 600w\" sizes=\"auto, (max-width: 799px) 100vw, 799px\" \/><\/figure>\n\n\n\n<p class=\"wp-block-paragraph\">Las y los diputados integrantes de la comisi\u00f3n coincidieron en que la transparencia es un clamor de la sociedad y desde hoy debe ser un valor de las personas servidoras p\u00fablicas y de toda la ciudadan\u00eda.&nbsp;<\/p>\n\n\n\n<p class=\"wp-block-paragraph\">Integran la Comisi\u00f3n de Transparencia del Congreso del Estado de Sonora: Ra\u00fal Gonz\u00e1lez de la Vega, secretario (PS); diputada Mar\u00eda Eduwiges Espinoza Tapia, secretaria (Morena); diputada Jazm\u00edn Guadalupe G\u00f3mez Liz\u00e1rraga, secretaria (PT); diputado C\u00e9sar Adalberto Salazar L\u00f3pez, secretario (NAS); diputada Ana Gabriela Tapia Fonllem, secretaria (PRD) y diputada Deni Gast\u00e9lum Barreras, secretaria (Morena).<\/p>\n","protected":false},"excerpt":{"rendered":"<p>El diputado y coordinador de la bancada del Partido Verde Ecologista de M\u00e9xico (PVEM), David Figueroa Ortega, encabez\u00f3 la instalaci\u00f3n de la Comisi\u00f3n de Transparencia en el Congreso del Estado de Sonora. En la primera sesi\u00f3n, Figueroa Ortega asumi\u00f3 la responsabilidad legislativa de presidir esta comisi\u00f3n que tiene la tarea de promover la apertura de&#8230;<\/p>\n","protected":false},"author":2,"featured_media":62293,"comment_status":"closed","ping_status":"closed","sticky":false,"template":"","format":"standard","meta":{"_crdt_document":"","_exactmetrics_skip_tracking":false,"_exactmetrics_sitenote_active":false,"_exactmetrics_sitenote_note":"","_exactmetrics_sitenote_category":0,"footnotes":""},"categories":[20,26,31,27],"tags":[73,29,30],"class_list":["post-62292","post","type-post","status-publish","format-standard","has-post-thumbnail","hentry","category-congreso","category-local","category-politica","category-sonora","tag-congreso-del-estado-de-sonora","tag-nogales-la-gran-frontera","tag-sonora-tierra-de-oportunidades"],"_links":{"self":[{"href":"https:\/\/elpajaritonews.com\/index.php?rest_route=\/wp\/v2\/posts\/62292","targetHints":{"allow":["GET"]}}],"collection":[{"href":"https:\/\/elpajaritonews.com\/index.php?rest_route=\/wp\/v2\/posts"}],"about":[{"href":"https:\/\/elpajaritonews.com\/index.php?rest_route=\/wp\/v2\/types\/post"}],"author":[{"embeddable":true,"href":"https:\/\/elpajaritonews.com\/index.php?rest_route=\/wp\/v2\/users\/2"}],"replies":[{"embeddable":true,"href":"https:\/\/elpajaritonews.com\/index.php?rest_route=%2Fwp%2Fv2%2Fcomments&post=62292"}],"version-history":[{"count":1,"href":"https:\/\/elpajaritonews.com\/index.php?rest_route=\/wp\/v2\/posts\/62292\/revisions"}],"predecessor-version":[{"id":62296,"href":"https:\/\/elpajaritonews.com\/index.php?rest_route=\/wp\/v2\/posts\/62292\/revisions\/62296"}],"wp:featuredmedia":[{"embeddable":true,"href":"https:\/\/elpajaritonews.com\/index.php?rest_route=\/wp\/v2\/media\/62293"}],"wp:attachment":[{"href":"https:\/\/elpajaritonews.com\/index.php?rest_route=%2Fwp%2Fv2%2Fmedia&parent=62292"}],"wp:term":[{"taxonomy":"category","embeddable":true,"href":"https:\/\/elpajaritonews.com\/index.php?rest_route=%2Fwp%2Fv2%2Fcategories&post=62292"},{"taxonomy":"post_tag","embeddable":true,"href":"https:\/\/elpajaritonews.com\/index.php?rest_route=%2Fwp%2Fv2%2Ftags&post=62292"}],"curies":[{"name":"wp","href":"https:\/\/api.w.org\/{rel}","templated":true}]}}