{"id":62297,"date":"2024-10-09T15:29:16","date_gmt":"2024-10-09T22:29:16","guid":{"rendered":"https:\/\/elpajaritonews.com\/?p=62297"},"modified":"2024-10-09T15:29:19","modified_gmt":"2024-10-09T22:29:19","slug":"visita-gobierno-del-estado-bodega-de-medicamentos-del-instituto-para-supervisar-sus-procesos","status":"publish","type":"post","link":"https:\/\/elpajaritonews.com\/?p=62297","title":{"rendered":"VISITA GOBIERNO DEL ESTADO BODEGA DE MEDICAMENTOS DEL INSTITUTO, PARA SUPERVISAR SUS PROCESOS"},"content":{"rendered":"\n<p class=\"wp-block-paragraph\">Acudi\u00f3 Paulina Oca\u00f1a Encinas Jefa de oficina del ejecutivo del estado de Sonora en representaci\u00f3n del Gobernador Alfonso Durazo&nbsp; a la bodega de medicamentos del Instituto, para supervisar sus procesos y trabajar en la mejora de su abastecimiento.<\/p>\n\n\n\n<p class=\"wp-block-paragraph\">Con el firme compromiso de que toda la derechohabiencia cuente con una atenci\u00f3n digna.<\/p>\n\n\n\n<figure class=\"wp-block-embed is-type-rich is-provider-twitter wp-block-embed-twitter\"><div class=\"wp-block-embed__wrapper\">\n<blockquote class=\"twitter-tweet\" data-width=\"550\" data-dnt=\"true\"><p lang=\"es\" dir=\"ltr\">Acudi\u00f3 <a href=\"https:\/\/twitter.com\/PaulinaOcanaE?ref_src=twsrc%5Etfw\">@PaulinaOcanaE<\/a>   Jefa de oficina del ejecutivo del <a href=\"https:\/\/twitter.com\/SonoraGob?ref_src=twsrc%5Etfw\">@SonoraGob<\/a>  en representaci\u00f3n del Gobernador <a href=\"https:\/\/twitter.com\/AlfonsoDurazo?ref_src=twsrc%5Etfw\">@AlfonsoDurazo<\/a>  a la bodega de medicamentos del Instituto, para supervisar sus procesos y trabajar en la mejora de su abastecimiento. <a href=\"https:\/\/t.co\/OUVSgVsh8c\">pic.twitter.com\/OUVSgVsh8c<\/a><\/p>&mdash; Vinicio Sanchez (@viniciosanchez) <a href=\"https:\/\/twitter.com\/viniciosanchez\/status\/1844140967143801271?ref_src=twsrc%5Etfw\">October 9, 2024<\/a><\/blockquote><script async src=\"https:\/\/platform.twitter.com\/widgets.js\" charset=\"utf-8\"><\/script>\n<\/div><\/figure>\n","protected":false},"excerpt":{"rendered":"<p>Acudi\u00f3 Paulina Oca\u00f1a Encinas Jefa de oficina del ejecutivo del estado de Sonora en representaci\u00f3n del Gobernador Alfonso Durazo&nbsp; a la bodega de medicamentos del Instituto, para supervisar sus procesos y trabajar en la mejora de su abastecimiento. Con el firme compromiso de que toda la derechohabiencia cuente con una atenci\u00f3n digna.<\/p>\n","protected":false},"author":2,"featured_media":62298,"comment_status":"closed","ping_status":"closed","sticky":false,"template":"","format":"standard","meta":{"_crdt_document":"","_exactmetrics_skip_tracking":false,"_exactmetrics_sitenote_active":false,"_exactmetrics_sitenote_note":"","_exactmetrics_sitenote_category":0,"footnotes":""},"categories":[31,32,27,69],"tags":[71,72,30],"class_list":["post-62297","post","type-post","status-publish","format-standard","has-post-thumbnail","hentry","category-politica","category-salud","category-sonora","category-ultimas-noticias","tag-alfonso-durazo","tag-claudia-sheinbaum","tag-sonora-tierra-de-oportunidades"],"_links":{"self":[{"href":"https:\/\/elpajaritonews.com\/index.php?rest_route=\/wp\/v2\/posts\/62297","targetHints":{"allow":["GET"]}}],"collection":[{"href":"https:\/\/elpajaritonews.com\/index.php?rest_route=\/wp\/v2\/posts"}],"about":[{"href":"https:\/\/elpajaritonews.com\/index.php?rest_route=\/wp\/v2\/types\/post"}],"author":[{"embeddable":true,"href":"https:\/\/elpajaritonews.com\/index.php?rest_route=\/wp\/v2\/users\/2"}],"replies":[{"embeddable":true,"href":"https:\/\/elpajaritonews.com\/index.php?rest_route=%2Fwp%2Fv2%2Fcomments&post=62297"}],"version-history":[{"count":1,"href":"https:\/\/elpajaritonews.com\/index.php?rest_route=\/wp\/v2\/posts\/62297\/revisions"}],"predecessor-version":[{"id":62299,"href":"https:\/\/elpajaritonews.com\/index.php?rest_route=\/wp\/v2\/posts\/62297\/revisions\/62299"}],"wp:featuredmedia":[{"embeddable":true,"href":"https:\/\/elpajaritonews.com\/index.php?rest_route=\/wp\/v2\/media\/62298"}],"wp:attachment":[{"href":"https:\/\/elpajaritonews.com\/index.php?rest_route=%2Fwp%2Fv2%2Fmedia&parent=62297"}],"wp:term":[{"taxonomy":"category","embeddable":true,"href":"https:\/\/elpajaritonews.com\/index.php?rest_route=%2Fwp%2Fv2%2Fcategories&post=62297"},{"taxonomy":"post_tag","embeddable":true,"href":"https:\/\/elpajaritonews.com\/index.php?rest_route=%2Fwp%2Fv2%2Ftags&post=62297"}],"curies":[{"name":"wp","href":"https:\/\/api.w.org\/{rel}","templated":true}]}}