{"id":62321,"date":"2024-10-11T17:08:45","date_gmt":"2024-10-12T00:08:45","guid":{"rendered":"https:\/\/elpajaritonews.com\/?p=62321"},"modified":"2024-10-11T17:08:48","modified_gmt":"2024-10-12T00:08:48","slug":"descarta-sheinbaum-crisis-constitucional-con-la-instrumentacion-de-reforma-judicial","status":"publish","type":"post","link":"https:\/\/elpajaritonews.com\/?p=62321","title":{"rendered":"DESCARTA SHEINBAUM CRISIS CONSTITUCIONAL CON LA INSTRUMENTACI\u00d3N DE REFORMA JUDICIAL"},"content":{"rendered":"\n<p class=\"wp-block-paragraph\">Vinicio S\u00e1nchez &nbsp;<\/p>\n\n\n\n<p class=\"wp-block-paragraph\">\u201cYo no veo ninguna crisis constitucional (en la aprobaci\u00f3n e instrumentaci\u00f3n de la reforma judicial) porque se cumplieron todos los requisitos y normas que se establecen para aprobar una reforma constitucional\u201d, afirm\u00f3 la presidenta Claudia Sheinbaum quien destac\u00f3 que su movimiento cuenta con la mayor\u00eda calificada para aprobarlas a partir de la correlaci\u00f3n de fuerzas en el Congreso que dej\u00f3 la elecci\u00f3n.<\/p>\n\n\n\n<p class=\"wp-block-paragraph\">Al descartar que la postura de jueces y magistrados contra la reforma judicial tenga alg\u00fan fundamento, y ellos lo saben porque conocen la Constituci\u00f3n reiter\u00f3: la reforma judicial va. \u201cSon los jueces y magistrados que van a tener que ceder su espacio a los nuevos jueces, pues muchos de ellos no est\u00e1n de acuerdo. Hay muchos jueces que s\u00ed est\u00e1n de acuerdo\u201d.<\/p>\n\n\n\n<p class=\"wp-block-paragraph\">Cit\u00f3 el informe de la presidenta de la Suprema Corte de Justicia de la Naci\u00f3n, Norma Pi\u00f1a, en el que reconoce que el 46 por ciento de las plazas en el Poder Judicial est\u00e1n asociadas al nepotismo, esto quiere decir que en esa proporci\u00f3n la selecci\u00f3n del personal tiene que ver que son hijos, hermanos, t\u00edos, sobrinos de alguien, esos son los criterios.<\/p>\n\n\n\n<p class=\"wp-block-paragraph\">Descalific\u00f3 a los \u201ccoment\u00f3cratas\u201d que a\u00fan cuestionan una presunta sobre representaci\u00f3n de Morena en el Congreso cuando la asignaci\u00f3n de legisladores plurinominales se hizo de la misma forma que se hizo en 2012, 2015 y 2018, se us\u00f3 la misma f\u00f3rmula legal.<\/p>\n\n\n\n<p class=\"wp-block-paragraph\">\u201c\u00bfQui\u00e9n decidi\u00f3 con base en la constituci\u00f3n, en las reglas que se aplicaron en 2012, en 2018, con las mismas leyes?, \u00bfQui\u00e9n decidi\u00f3 que avanzara el llamado plan c? El pueblo. Por eso los ocho ministros de la Corte no pueden detener este cambio constitucional que ha seguido paso por paso todas las reglas establecidas en las leyes y la Constituci\u00f3n. Este cambio va a ser ben\u00e9fico para M\u00e9xico, Si. Tenemos un Poder Judicial con mucha corrupci\u00f3n\u201d<\/p>\n\n\n\n<p class=\"wp-block-paragraph\">La mandataria critic\u00f3 que despu\u00e9s de tres meses, contin\u00faen en paro los jueces y magistrados adem\u00e1s cobrando. \u201c\u00bfC\u00f3mo? \u00bfD\u00f3nde est\u00e1 el acceso a la justicia que tanto defienden?<\/p>\n\n\n\n<p class=\"wp-block-paragraph\">-\u00bfEst\u00e1n queriendo provocar una crisis\u2026?<\/p>\n\n\n\n<p class=\"wp-block-paragraph\">-No hay una crisis constitucional. Los ocho ministros no tienen atribuciones para detener la reforma constitucional. La reforma al Poder Judicial va y el Consejo de la Judicatura hizo lo que dice la Constituci\u00f3n. Enviar la lista de jueces y magistrados vacantes, es un mandato constitucional. \u00bfde d\u00f3nde sacan que los cuatro que votaron a favor en el Consejo de la Judicatura est\u00e1n actuando en contra si es un mandato constitucional?<\/p>\n\n\n\n<p class=\"wp-block-paragraph\">Por otro lado al destacar que el Poder Judicial ya envi\u00f3 al Senado de la Rep\u00fablica el listado de las vacantes de jueces y magistrados que se elegir\u00e1n en 2025, Sheinbaum reconoci\u00f3 que a\u00fan faltan elementos para complementar la reforma judicial, muchas leyes secundarias, entre ellas la propia Ley Org\u00e1nica de la Suprema Corte de Justicia de la Naci\u00f3n.<\/p>\n\n\n\n<p class=\"wp-block-paragraph\">Asimismo, debe quedar puntualmente mencionado el Tribunal que se va a crear en el seno del Poder Judicial como un mecanismo de vigilancia interno, porque se ha dicho que va a ser un mecanismo de coerci\u00f3n. Eso no es cierto, pero debe quedar plasmado en sus reglas de operaci\u00f3n claramente las reglas c\u00f3mo funcionar\u00e1.<\/p>\n\n\n\n<p class=\"wp-block-paragraph\">En conferencia destac\u00f3 que un objetivo general de la cuarta transformaci\u00f3n es alcanzar la justicia en sus diversas vertientes: justicia social, justicia para las mujeres, justicia ambiental, crear un sistema de justicia que permita que, independientemente de clases sociales origen \u00e9tnico de cualquier pensamiento o religi\u00f3n, de diversidad sexual tengan acceso a la justicia. Esto es la cuarta transformaci\u00f3n: la b\u00fasqueda de justicia<\/p>\n","protected":false},"excerpt":{"rendered":"<p>Vinicio S\u00e1nchez &nbsp; \u201cYo no veo ninguna crisis constitucional (en la aprobaci\u00f3n e instrumentaci\u00f3n de la reforma judicial) porque se cumplieron todos los requisitos y normas que se establecen para aprobar una reforma constitucional\u201d, afirm\u00f3 la presidenta Claudia Sheinbaum quien destac\u00f3 que su movimiento cuenta con la mayor\u00eda calificada para aprobarlas a partir de la&#8230;<\/p>\n","protected":false},"author":2,"featured_media":62322,"comment_status":"closed","ping_status":"closed","sticky":false,"template":"","format":"standard","meta":{"_crdt_document":"","_exactmetrics_skip_tracking":false,"_exactmetrics_sitenote_active":false,"_exactmetrics_sitenote_note":"","_exactmetrics_sitenote_category":0,"footnotes":""},"categories":[23,82,31,1,69],"tags":[71,79,72,75],"class_list":["post-62321","post","type-post","status-publish","format-standard","has-post-thumbnail","hentry","category-mexico","category-poder-judicial","category-politica","category-seguridad","category-ultimas-noticias","tag-alfonso-durazo","tag-andres-manuel-lopez-obrador","tag-claudia-sheinbaum","tag-seguridad-publica"],"_links":{"self":[{"href":"https:\/\/elpajaritonews.com\/index.php?rest_route=\/wp\/v2\/posts\/62321","targetHints":{"allow":["GET"]}}],"collection":[{"href":"https:\/\/elpajaritonews.com\/index.php?rest_route=\/wp\/v2\/posts"}],"about":[{"href":"https:\/\/elpajaritonews.com\/index.php?rest_route=\/wp\/v2\/types\/post"}],"author":[{"embeddable":true,"href":"https:\/\/elpajaritonews.com\/index.php?rest_route=\/wp\/v2\/users\/2"}],"replies":[{"embeddable":true,"href":"https:\/\/elpajaritonews.com\/index.php?rest_route=%2Fwp%2Fv2%2Fcomments&post=62321"}],"version-history":[{"count":1,"href":"https:\/\/elpajaritonews.com\/index.php?rest_route=\/wp\/v2\/posts\/62321\/revisions"}],"predecessor-version":[{"id":62323,"href":"https:\/\/elpajaritonews.com\/index.php?rest_route=\/wp\/v2\/posts\/62321\/revisions\/62323"}],"wp:featuredmedia":[{"embeddable":true,"href":"https:\/\/elpajaritonews.com\/index.php?rest_route=\/wp\/v2\/media\/62322"}],"wp:attachment":[{"href":"https:\/\/elpajaritonews.com\/index.php?rest_route=%2Fwp%2Fv2%2Fmedia&parent=62321"}],"wp:term":[{"taxonomy":"category","embeddable":true,"href":"https:\/\/elpajaritonews.com\/index.php?rest_route=%2Fwp%2Fv2%2Fcategories&post=62321"},{"taxonomy":"post_tag","embeddable":true,"href":"https:\/\/elpajaritonews.com\/index.php?rest_route=%2Fwp%2Fv2%2Ftags&post=62321"}],"curies":[{"name":"wp","href":"https:\/\/api.w.org\/{rel}","templated":true}]}}