{"id":62324,"date":"2024-10-11T17:29:46","date_gmt":"2024-10-12T00:29:46","guid":{"rendered":"https:\/\/elpajaritonews.com\/?p=62324"},"modified":"2024-10-11T17:29:48","modified_gmt":"2024-10-12T00:29:48","slug":"refuerza-gobernador-durazo-corporaciones-de-seguridad-con-208-nuevos-elementos","status":"publish","type":"post","link":"https:\/\/elpajaritonews.com\/?p=62324","title":{"rendered":"REFUERZA GOBERNADOR DURAZO CORPORACIONES DE SEGURIDAD CON 208 NUEVOS ELEMENTOS"},"content":{"rendered":"\n<p class=\"wp-block-paragraph\">El mandatario estatal encabez\u00f3 la ceremonia de graduaci\u00f3n de cadetes de la Universidad de la Seguridad P\u00fablica<\/p>\n\n\n\n<figure class=\"wp-block-image size-large\"><img loading=\"lazy\" decoding=\"async\" width=\"1024\" height=\"682\" src=\"https:\/\/elpajaritonews.com\/wp-content\/uploads\/2024\/10\/b14f9e4b-2b50-4d18-878e-e87227322999-1024x682.jpg\" alt=\"\" class=\"wp-image-62326\" srcset=\"https:\/\/elpajaritonews.com\/wp-content\/uploads\/2024\/10\/b14f9e4b-2b50-4d18-878e-e87227322999-1024x682.jpg 1024w, https:\/\/elpajaritonews.com\/wp-content\/uploads\/2024\/10\/b14f9e4b-2b50-4d18-878e-e87227322999-300x200.jpg 300w, https:\/\/elpajaritonews.com\/wp-content\/uploads\/2024\/10\/b14f9e4b-2b50-4d18-878e-e87227322999-768x512.jpg 768w, https:\/\/elpajaritonews.com\/wp-content\/uploads\/2024\/10\/b14f9e4b-2b50-4d18-878e-e87227322999-600x400.jpg 600w, https:\/\/elpajaritonews.com\/wp-content\/uploads\/2024\/10\/b14f9e4b-2b50-4d18-878e-e87227322999.jpg 1280w\" sizes=\"auto, (max-width: 1024px) 100vw, 1024px\" \/><\/figure>\n\n\n\n<p class=\"wp-block-paragraph\">Las y los cadetes que se graduaron de la Universidad de la Seguridad P\u00fablica del Estado de Sonora (Uspes), se incorporan a las filas de las corporaciones de la Polic\u00eda Estatal y Municipal para ser garantes de la seguridad de las y los sonorenses, con el firme compromiso de la protecci\u00f3n de las familias de y las comunidades, asever\u00f3 el gobernador Alfonso Durazo Monta\u00f1o.<\/p>\n\n\n\n<figure class=\"wp-block-image size-large\"><img loading=\"lazy\" decoding=\"async\" width=\"1024\" height=\"682\" src=\"https:\/\/elpajaritonews.com\/wp-content\/uploads\/2024\/10\/657ee067-af07-473c-ac16-ec4cf02e0d60-1024x682.jpg\" alt=\"\" class=\"wp-image-62327\" srcset=\"https:\/\/elpajaritonews.com\/wp-content\/uploads\/2024\/10\/657ee067-af07-473c-ac16-ec4cf02e0d60-1024x682.jpg 1024w, https:\/\/elpajaritonews.com\/wp-content\/uploads\/2024\/10\/657ee067-af07-473c-ac16-ec4cf02e0d60-300x200.jpg 300w, https:\/\/elpajaritonews.com\/wp-content\/uploads\/2024\/10\/657ee067-af07-473c-ac16-ec4cf02e0d60-768x512.jpg 768w, https:\/\/elpajaritonews.com\/wp-content\/uploads\/2024\/10\/657ee067-af07-473c-ac16-ec4cf02e0d60-600x400.jpg 600w, https:\/\/elpajaritonews.com\/wp-content\/uploads\/2024\/10\/657ee067-af07-473c-ac16-ec4cf02e0d60.jpg 1247w\" sizes=\"auto, (max-width: 1024px) 100vw, 1024px\" \/><\/figure>\n\n\n\n<p class=\"wp-block-paragraph\">El mandatario estatal encabez\u00f3 la ceremonia de graduaci\u00f3n de 208 cadetes que cursaron la Formaci\u00f3n Inicial para Polic\u00eda de Proximidad de las generaciones Sigma y Troya, adem\u00e1s de entregar reconocimientos a quienes concluyeron las licenciaturas en Administraci\u00f3n de Instituciones de Seguridad P\u00fablica, Prevenci\u00f3n del Delito y Seguridad Ciudadana, y de Profesional T\u00e9cnico Bachiller en Funci\u00f3n Policial.<\/p>\n\n\n\n<figure class=\"wp-block-image size-large\"><img loading=\"lazy\" decoding=\"async\" width=\"1024\" height=\"682\" src=\"https:\/\/elpajaritonews.com\/wp-content\/uploads\/2024\/10\/1f3ba894-97d4-447f-b6ba-db0ceb8d656f-1024x682.jpg\" alt=\"\" class=\"wp-image-62328\" srcset=\"https:\/\/elpajaritonews.com\/wp-content\/uploads\/2024\/10\/1f3ba894-97d4-447f-b6ba-db0ceb8d656f-1024x682.jpg 1024w, https:\/\/elpajaritonews.com\/wp-content\/uploads\/2024\/10\/1f3ba894-97d4-447f-b6ba-db0ceb8d656f-300x200.jpg 300w, https:\/\/elpajaritonews.com\/wp-content\/uploads\/2024\/10\/1f3ba894-97d4-447f-b6ba-db0ceb8d656f-768x512.jpg 768w, https:\/\/elpajaritonews.com\/wp-content\/uploads\/2024\/10\/1f3ba894-97d4-447f-b6ba-db0ceb8d656f-1536x1023.jpg 1536w, https:\/\/elpajaritonews.com\/wp-content\/uploads\/2024\/10\/1f3ba894-97d4-447f-b6ba-db0ceb8d656f-600x400.jpg 600w, https:\/\/elpajaritonews.com\/wp-content\/uploads\/2024\/10\/1f3ba894-97d4-447f-b6ba-db0ceb8d656f.jpg 1600w\" sizes=\"auto, (max-width: 1024px) 100vw, 1024px\" \/><\/figure>\n\n\n\n<p class=\"wp-block-paragraph\">\u201cSer profesionales de la ley no es un simple empleo, es una vocaci\u00f3n, ustedes han elegido ser guardianes de la justicia, los protectores de nuestras familias y comunidades. Imaginen ustedes la expectativa que tiene la sociedad sonorense en esta generaci\u00f3n de egresados de la Universidad de la Seguridad P\u00fablica, son quienes d\u00eda a d\u00eda se colocar\u00e1n al frente para preservar la paz, ustedes son los h\u00e9roes que arriesgan su vida para defender la nuestra, esa es la dimensi\u00f3n de la responsabilidad que les estamos entregando\u201d, indic\u00f3.<\/p>\n\n\n\n<p class=\"wp-block-paragraph\">Al recibir el gobernador Alfonso Durazo la administraci\u00f3n estatal en 2021, en el Instituto Superior de Seguridad P\u00fablica (Isspe), hoy Universidad de la Seguridad P\u00fablica, no se contaba con ning\u00fan cadete cursando su formaci\u00f3n, y solamente se hab\u00edan graduado 29 alumnos, hoy en 2024 ya se han graduado m\u00e1s de mil 200 cadetes divididos en las generaciones Beta, Delta, Gamma, Alfa, Omega, Centauro, Sigma y Troya.<\/p>\n\n\n\n<figure class=\"wp-block-image size-large\"><img loading=\"lazy\" decoding=\"async\" width=\"1024\" height=\"682\" src=\"https:\/\/elpajaritonews.com\/wp-content\/uploads\/2024\/10\/12453d3f-ae3c-4cf7-9791-84f6b84d9907-1024x682.jpg\" alt=\"\" class=\"wp-image-62329\" srcset=\"https:\/\/elpajaritonews.com\/wp-content\/uploads\/2024\/10\/12453d3f-ae3c-4cf7-9791-84f6b84d9907-1024x682.jpg 1024w, https:\/\/elpajaritonews.com\/wp-content\/uploads\/2024\/10\/12453d3f-ae3c-4cf7-9791-84f6b84d9907-300x200.jpg 300w, https:\/\/elpajaritonews.com\/wp-content\/uploads\/2024\/10\/12453d3f-ae3c-4cf7-9791-84f6b84d9907-768x512.jpg 768w, https:\/\/elpajaritonews.com\/wp-content\/uploads\/2024\/10\/12453d3f-ae3c-4cf7-9791-84f6b84d9907-1536x1023.jpg 1536w, https:\/\/elpajaritonews.com\/wp-content\/uploads\/2024\/10\/12453d3f-ae3c-4cf7-9791-84f6b84d9907-600x400.jpg 600w, https:\/\/elpajaritonews.com\/wp-content\/uploads\/2024\/10\/12453d3f-ae3c-4cf7-9791-84f6b84d9907.jpg 1600w\" sizes=\"auto, (max-width: 1024px) 100vw, 1024px\" \/><\/figure>\n\n\n\n<p class=\"wp-block-paragraph\">El gobernador Durazo Monta\u00f1o destac\u00f3 que, desde la conformaci\u00f3n de la Universidad de la Seguridad P\u00fablica, sus egresados forman parte de una comunidad universitaria, con la oportunidad de recibir una preparaci\u00f3n continua y poder acceder a mayores oportunidades profesionales.<\/p>\n","protected":false},"excerpt":{"rendered":"<p>El mandatario estatal encabez\u00f3 la ceremonia de graduaci\u00f3n de cadetes de la Universidad de la Seguridad P\u00fablica Las y los cadetes que se graduaron de la Universidad de la Seguridad P\u00fablica del Estado de Sonora (Uspes), se incorporan a las filas de las corporaciones de la Polic\u00eda Estatal y Municipal para ser garantes de la&#8230;<\/p>\n","protected":false},"author":2,"featured_media":62325,"comment_status":"closed","ping_status":"closed","sticky":false,"template":"","format":"standard","meta":{"_crdt_document":"","_exactmetrics_skip_tracking":false,"_exactmetrics_sitenote_active":false,"_exactmetrics_sitenote_note":"","_exactmetrics_sitenote_category":0,"footnotes":""},"categories":[31,1,27,69],"tags":[71,72,75,30],"class_list":["post-62324","post","type-post","status-publish","format-standard","has-post-thumbnail","hentry","category-politica","category-seguridad","category-sonora","category-ultimas-noticias","tag-alfonso-durazo","tag-claudia-sheinbaum","tag-seguridad-publica","tag-sonora-tierra-de-oportunidades"],"_links":{"self":[{"href":"https:\/\/elpajaritonews.com\/index.php?rest_route=\/wp\/v2\/posts\/62324","targetHints":{"allow":["GET"]}}],"collection":[{"href":"https:\/\/elpajaritonews.com\/index.php?rest_route=\/wp\/v2\/posts"}],"about":[{"href":"https:\/\/elpajaritonews.com\/index.php?rest_route=\/wp\/v2\/types\/post"}],"author":[{"embeddable":true,"href":"https:\/\/elpajaritonews.com\/index.php?rest_route=\/wp\/v2\/users\/2"}],"replies":[{"embeddable":true,"href":"https:\/\/elpajaritonews.com\/index.php?rest_route=%2Fwp%2Fv2%2Fcomments&post=62324"}],"version-history":[{"count":1,"href":"https:\/\/elpajaritonews.com\/index.php?rest_route=\/wp\/v2\/posts\/62324\/revisions"}],"predecessor-version":[{"id":62330,"href":"https:\/\/elpajaritonews.com\/index.php?rest_route=\/wp\/v2\/posts\/62324\/revisions\/62330"}],"wp:featuredmedia":[{"embeddable":true,"href":"https:\/\/elpajaritonews.com\/index.php?rest_route=\/wp\/v2\/media\/62325"}],"wp:attachment":[{"href":"https:\/\/elpajaritonews.com\/index.php?rest_route=%2Fwp%2Fv2%2Fmedia&parent=62324"}],"wp:term":[{"taxonomy":"category","embeddable":true,"href":"https:\/\/elpajaritonews.com\/index.php?rest_route=%2Fwp%2Fv2%2Fcategories&post=62324"},{"taxonomy":"post_tag","embeddable":true,"href":"https:\/\/elpajaritonews.com\/index.php?rest_route=%2Fwp%2Fv2%2Ftags&post=62324"}],"curies":[{"name":"wp","href":"https:\/\/api.w.org\/{rel}","templated":true}]}}